{"id":374221,"date":"2018-04-30T00:05:39","date_gmt":"2018-04-30T05:05:39","guid":{"rendered":"http:\/\/www.diarioimagen.net\/?p=374221"},"modified":"2018-05-01T23:23:54","modified_gmt":"2018-05-02T04:23:54","slug":"reconocio-el-rector-de-uaem-a-personal-docente","status":"publish","type":"post","link":"https:\/\/www.diarioimagen.net\/?p=374221","title":{"rendered":"Reconoci\u00f3 el rector de UAEM a personal docente"},"content":{"rendered":"<ul>\n<li><strong><em>Por 25 y 30 a\u00f1os de servicio acad\u00e9mico y laboral<\/em><\/strong><\/li>\n<\/ul>\n<p>&nbsp;<\/p>\n<div id=\"attachment_374317\" style=\"width: 470px\" class=\"wp-caption aligncenter\"><a href=\"http:\/\/www.diarioimagen.net\/?attachment_id=374317\" rel=\"attachment wp-att-374317\"><img loading=\"lazy\" decoding=\"async\" aria-describedby=\"caption-attachment-374317\" class=\"size-large wp-image-374317\" src=\"http:\/\/www.diarioimagen.net\/wp-content\/uploads\/2018\/04\/UAEM-3357-460x259.jpg\" alt=\"\" width=\"460\" height=\"259\" srcset=\"https:\/\/www.diarioimagen.net\/wp-content\/uploads\/2018\/04\/UAEM-3357-460x259.jpg 460w, https:\/\/www.diarioimagen.net\/wp-content\/uploads\/2018\/04\/UAEM-3357-240x135.jpg 240w, https:\/\/www.diarioimagen.net\/wp-content\/uploads\/2018\/04\/UAEM-3357-235x132.jpg 235w, https:\/\/www.diarioimagen.net\/wp-content\/uploads\/2018\/04\/UAEM-3357-202x114.jpg 202w, https:\/\/www.diarioimagen.net\/wp-content\/uploads\/2018\/04\/UAEM-3357-350x196.jpg 350w, https:\/\/www.diarioimagen.net\/wp-content\/uploads\/2018\/04\/UAEM-3357-220x123.jpg 220w, https:\/\/www.diarioimagen.net\/wp-content\/uploads\/2018\/04\/UAEM-3357-237x132.jpg 237w, https:\/\/www.diarioimagen.net\/wp-content\/uploads\/2018\/04\/UAEM-3357.jpg 480w\" sizes=\"auto, (max-width: 460px) 100vw, 460px\" \/><\/a><p id=\"caption-attachment-374317\" class=\"wp-caption-text\">El rector de la UAEM, Alfredo Barrera Baca, entreg\u00f3 152 reconocimientos por 25 y 30 a\u00f1os de servicio acad\u00e9mico y laboral.<\/p><\/div>\n<p>&nbsp;<\/p>\n<p><strong>Toluca, Estado de M\u00e9xico<\/strong>.\u2013 El rector de la Universidad Aut\u00f3noma del Estado de M\u00e9xico, Alfredo Barrera Baca, entreg\u00f3 152 reconocimientos por 25 y 30 a\u00f1os de servicio acad\u00e9mico y laboral a personal del claustro docente de esta casa de estudios.<\/p>\n<p>Ante los 100 galardonados por 25 a\u00f1os y 52 por 30 a\u00f1os, el rector sostuvo que esta distinci\u00f3n corona el talento de universitarios extraordinarios y manifiesta las condiciones labores consolidadas en un ambiente de libertades conquistadas de c\u00e1tedra, pensamiento y libre expresi\u00f3n.<\/p>\n<p>En el Aula Magna \u201cLic. Adolfo L\u00f3pez Mateos\u201d, donde tambi\u00e9n entreg\u00f3 nueve preseas al M\u00e9rito Gremial de la Federaci\u00f3n de Asociaciones Aut\u00f3nomas del Personal Acad\u00e9mico de la UAEM, Barrera Baca enfatiz\u00f3 que la instituci\u00f3n cumple a cabalidad los acuerdos firmados con la organizaci\u00f3n gremial que salvaguarda el inter\u00e9s de sus asociados.<\/p>\n<p>En presencia del secretario general de la FAAPAUAEM, V\u00edctor Manuel Pineda Guti\u00e9rrez, y la profesora em\u00e9rita por la UAEM, Mar\u00eda Elena Bribiesca Sumano, el rector indic\u00f3 que este reconocimiento sintetiza el proyecto tenaz de personal docente que, con generosidad, entrega su talento a la juventud mexiquense.<\/p>\n<p>Acompa\u00f1ado del secretario de Administraci\u00f3n, Javier Gonz\u00e1lez Mart\u00ednez, y la decana de la Aut\u00f3noma mexiquense, Estela Ortiz Romo, Barrera Baca manifest\u00f3 que reconocer exige crear condiciones de equidad en la evaluaci\u00f3n acad\u00e9mica. Distinguir a profesores y cient\u00edficos que entregan\u00a0su vida a la causa de esta casa de estudios, procede del pensamiento cr\u00edtico\u00a0y autocr\u00edtico, eje del conocimiento universitario.<\/p>\n<p>El secretario general de la FAAPAUAEM, V\u00edctor Manuel Pineda Guti\u00e9rrez, subray\u00f3 la importancia de reconocer la trayectoria de quienes se comprometen con el quehacer acad\u00e9mico en la Aut\u00f3noma mexiquense y contribuyen a elevar los est\u00e1ndares de calidad educativa.<\/p>\n<p>Luego de resaltar que la profesora em\u00e9rita Bribiesca Sumano ha dedicado su vida profesional a la conservaci\u00f3n de la memoria escrita del pa\u00eds, as\u00ed como a la formaci\u00f3n de historiadores y archivistas, Pineda Guti\u00e9rrez indic\u00f3 que los m\u00e1s de siete mil afiliados a la FAAPAUAEM se han integrado a los nuevos paradigmas culturales y se someten a la actualizaci\u00f3n de modelos pedag\u00f3gicos.<\/p>\n","protected":false},"excerpt":{"rendered":"<p>El rector de la Universidad Aut\u00f3noma del Estado de M\u00e9xico, Alfredo Barrera Baca, entreg\u00f3 152 reconocimientos por 25 y 30 a\u00f1os de servicio acad\u00e9mico y laboral a personal del claustro docente de esta casa de estudios.<\/p>\n","protected":false},"author":3,"featured_media":374317,"comment_status":"open","ping_status":"open","sticky":false,"template":"","format":"standard","meta":{"_monsterinsights_skip_tracking":false,"_monsterinsights_sitenote_active":false,"_monsterinsights_sitenote_note":"","_monsterinsights_sitenote_category":0,"footnotes":""},"categories":[5],"tags":[58572,43675,452,1490],"class_list":["post-374221","post","type-post","status-publish","format-standard","has-post-thumbnail","hentry","category-estado-de-mexico","tag-alfredo-barrera-baca","tag-estado-de-mexico","tag-toluca","tag-universidad-autonoma-del-estado-de-mexico"],"_links":{"self":[{"href":"https:\/\/www.diarioimagen.net\/index.php?rest_route=\/wp\/v2\/posts\/374221","targetHints":{"allow":["GET"]}}],"collection":[{"href":"https:\/\/www.diarioimagen.net\/index.php?rest_route=\/wp\/v2\/posts"}],"about":[{"href":"https:\/\/www.diarioimagen.net\/index.php?rest_route=\/wp\/v2\/types\/post"}],"author":[{"embeddable":true,"href":"https:\/\/www.diarioimagen.net\/index.php?rest_route=\/wp\/v2\/users\/3"}],"replies":[{"embeddable":true,"href":"https:\/\/www.diarioimagen.net\/index.php?rest_route=%2Fwp%2Fv2%2Fcomments&post=374221"}],"version-history":[{"count":0,"href":"https:\/\/www.diarioimagen.net\/index.php?rest_route=\/wp\/v2\/posts\/374221\/revisions"}],"wp:featuredmedia":[{"embeddable":true,"href":"https:\/\/www.diarioimagen.net\/index.php?rest_route=\/wp\/v2\/media\/374317"}],"wp:attachment":[{"href":"https:\/\/www.diarioimagen.net\/index.php?rest_route=%2Fwp%2Fv2%2Fmedia&parent=374221"}],"wp:term":[{"taxonomy":"category","embeddable":true,"href":"https:\/\/www.diarioimagen.net\/index.php?rest_route=%2Fwp%2Fv2%2Fcategories&post=374221"},{"taxonomy":"post_tag","embeddable":true,"href":"https:\/\/www.diarioimagen.net\/index.php?rest_route=%2Fwp%2Fv2%2Ftags&post=374221"}],"curies":[{"name":"wp","href":"https:\/\/api.w.org\/{rel}","templated":true}]}}