{"id":374229,"date":"2018-04-30T00:07:37","date_gmt":"2018-04-30T05:07:37","guid":{"rendered":"http:\/\/www.diarioimagen.net\/?p=374229"},"modified":"2018-04-30T07:14:59","modified_gmt":"2018-04-30T12:14:59","slug":"participan-estudiantes-naucalpense-de-5-y-6-de-primaria-en-cabildo-infantil","status":"publish","type":"post","link":"https:\/\/www.diarioimagen.net\/?p=374229","title":{"rendered":"Participan estudiantes naucalpense de 5\u00b0 y 6\u00b0 de primaria en cabildo infantil"},"content":{"rendered":"<ul>\n<li><strong><em>Fomentar cultura c\u00edvica entre las nuevas generaciones<\/em><\/strong><\/li>\n<\/ul>\n<p>&nbsp;<\/p>\n<div id=\"attachment_374336\" style=\"width: 470px\" class=\"wp-caption aligncenter\"><a href=\"http:\/\/www.diarioimagen.net\/?attachment_id=374336\" rel=\"attachment wp-att-374336\"><img loading=\"lazy\" decoding=\"async\" aria-describedby=\"caption-attachment-374336\" class=\"size-large wp-image-374336\" src=\"http:\/\/www.diarioimagen.net\/wp-content\/uploads\/2018\/04\/NAUCALPAN-3357-460x259.jpg\" alt=\"\" width=\"460\" height=\"259\" srcset=\"https:\/\/www.diarioimagen.net\/wp-content\/uploads\/2018\/04\/NAUCALPAN-3357-460x259.jpg 460w, https:\/\/www.diarioimagen.net\/wp-content\/uploads\/2018\/04\/NAUCALPAN-3357-240x135.jpg 240w, https:\/\/www.diarioimagen.net\/wp-content\/uploads\/2018\/04\/NAUCALPAN-3357-235x132.jpg 235w, https:\/\/www.diarioimagen.net\/wp-content\/uploads\/2018\/04\/NAUCALPAN-3357-202x114.jpg 202w, https:\/\/www.diarioimagen.net\/wp-content\/uploads\/2018\/04\/NAUCALPAN-3357-350x196.jpg 350w, https:\/\/www.diarioimagen.net\/wp-content\/uploads\/2018\/04\/NAUCALPAN-3357-220x123.jpg 220w, https:\/\/www.diarioimagen.net\/wp-content\/uploads\/2018\/04\/NAUCALPAN-3357-237x132.jpg 237w, https:\/\/www.diarioimagen.net\/wp-content\/uploads\/2018\/04\/NAUCALPAN-3357.jpg 480w\" sizes=\"auto, (max-width: 460px) 100vw, 460px\" \/><\/a><p id=\"caption-attachment-374336\" class=\"wp-caption-text\">Los infantes desempe\u00f1aron el papel de los 3 s\u00edndicos y 16 regidores que integran el ayuntamiento de Naucalpan.<\/p><\/div>\n<p>&nbsp;<\/p>\n<p><strong>Naucalpan, Estado de M\u00e9xico<\/strong>.- Estudiantes naucalpenses de 5\u00b0 y 6\u00b0 de primaria de escuelas p\u00fablicas y privadas, participaron en el cabildo infantil que organiz\u00f3 el gobierno de este municipio para fomentar una cultura c\u00edvica entre las nuevas generaciones.<\/p>\n<p>En el Sal\u00f3n del Pueblo del Palacio Municipal, los menores desempe\u00f1aron el papel de los 3 s\u00edndicos y 16 regidores que integran este ayuntamiento, quienes durante la sesi\u00f3n abordaron el tema \u201cLa Importancia de la Participaci\u00f3n de las Ni\u00f1as y los Ni\u00f1os en la Vida Pol\u00edtico-Democr\u00e1tica del Municipio\u201d.<\/p>\n<p>Los estudiantes expresaron sus puntos de vista y pidieron ser considerados en la toma de decisiones, adem\u00e1s se\u00f1alaron lo importante que son los espacios recreativos y la infraestructura escolar, lo cual fue escuchado por las autoridades locales, quienes estuvieron presentes durante este ejercicio, el cual tiene la finalidad de fomentar la cultura pol\u00edtico democr\u00e1tica en los ni\u00f1os.<\/p>\n<p>Entre los puntos de acuerdo de la sesi\u00f3n se estableci\u00f3 instalar un buz\u00f3n de sugerencias para que los ni\u00f1os emitan sus opiniones e implementar talles de debate y oratoria.<\/p>\n<p>Al t\u00e9rmino de este ejercicio los estudiantes firmaron los acuerdos tomados durante el Cabildo Infantil, y recibieron un reconocimiento por su participaci\u00f3n.<\/p>\n","protected":false},"excerpt":{"rendered":"<p>Estudiantes naucalpenses de 5\u00b0 y 6\u00b0 de primaria de escuelas p\u00fablicas y privadas, participaron en el cabildo infantil que organiz\u00f3 el gobierno de este municipio para fomentar una cultura c\u00edvica entre las nuevas generaciones.  <\/p>\n","protected":false},"author":3,"featured_media":374336,"comment_status":"open","ping_status":"open","sticky":false,"template":"","format":"standard","meta":{"_monsterinsights_skip_tracking":false,"_monsterinsights_sitenote_active":false,"_monsterinsights_sitenote_note":"","_monsterinsights_sitenote_category":0,"footnotes":""},"categories":[35155],"tags":[73115,43675,73116,970],"class_list":["post-374229","post","type-post","status-publish","format-standard","has-post-thumbnail","hentry","category-estado-de-mexico-estado-de-mexico","tag-cabildo-infantil","tag-estado-de-mexico","tag-estdiante","tag-naucalpan"],"_links":{"self":[{"href":"https:\/\/www.diarioimagen.net\/index.php?rest_route=\/wp\/v2\/posts\/374229","targetHints":{"allow":["GET"]}}],"collection":[{"href":"https:\/\/www.diarioimagen.net\/index.php?rest_route=\/wp\/v2\/posts"}],"about":[{"href":"https:\/\/www.diarioimagen.net\/index.php?rest_route=\/wp\/v2\/types\/post"}],"author":[{"embeddable":true,"href":"https:\/\/www.diarioimagen.net\/index.php?rest_route=\/wp\/v2\/users\/3"}],"replies":[{"embeddable":true,"href":"https:\/\/www.diarioimagen.net\/index.php?rest_route=%2Fwp%2Fv2%2Fcomments&post=374229"}],"version-history":[{"count":0,"href":"https:\/\/www.diarioimagen.net\/index.php?rest_route=\/wp\/v2\/posts\/374229\/revisions"}],"wp:featuredmedia":[{"embeddable":true,"href":"https:\/\/www.diarioimagen.net\/index.php?rest_route=\/wp\/v2\/media\/374336"}],"wp:attachment":[{"href":"https:\/\/www.diarioimagen.net\/index.php?rest_route=%2Fwp%2Fv2%2Fmedia&parent=374229"}],"wp:term":[{"taxonomy":"category","embeddable":true,"href":"https:\/\/www.diarioimagen.net\/index.php?rest_route=%2Fwp%2Fv2%2Fcategories&post=374229"},{"taxonomy":"post_tag","embeddable":true,"href":"https:\/\/www.diarioimagen.net\/index.php?rest_route=%2Fwp%2Fv2%2Ftags&post=374229"}],"curies":[{"name":"wp","href":"https:\/\/api.w.org\/{rel}","templated":true}]}}