{"id":374233,"date":"2018-04-30T00:05:28","date_gmt":"2018-04-30T05:05:28","guid":{"rendered":"http:\/\/www.diarioimagen.net\/?p=374233"},"modified":"2018-04-30T07:16:46","modified_gmt":"2018-04-30T12:16:46","slug":"sesiona-en-nicolas-romero-el-gabinete-regional-iv","status":"publish","type":"post","link":"https:\/\/www.diarioimagen.net\/?p=374233","title":{"rendered":"Sesiona en Nicol\u00e1s Romero el Gabinete Regional IV"},"content":{"rendered":"<p><a href=\"http:\/\/www.diarioimagen.net\/?attachment_id=374342\" rel=\"attachment wp-att-374342\"><img loading=\"lazy\" decoding=\"async\" class=\"aligncenter size-large wp-image-374342\" src=\"http:\/\/www.diarioimagen.net\/wp-content\/uploads\/2018\/04\/NICOLAS-3357-460x219.jpg\" alt=\"\" width=\"460\" height=\"219\" srcset=\"https:\/\/www.diarioimagen.net\/wp-content\/uploads\/2018\/04\/NICOLAS-3357-460x219.jpg 460w, https:\/\/www.diarioimagen.net\/wp-content\/uploads\/2018\/04\/NICOLAS-3357-240x115.jpg 240w, https:\/\/www.diarioimagen.net\/wp-content\/uploads\/2018\/04\/NICOLAS-3357.jpg 700w\" sizes=\"auto, (max-width: 460px) 100vw, 460px\" \/><\/a><\/p>\n<p>&nbsp;<\/p>\n<p><strong>Nicol\u00e1s Romero, Estado de M\u00e9xico<\/strong><strong>.-<\/strong> Durante la cuarta sesi\u00f3n ordinaria de Gabinete Regional IV Cuautitl\u00e1n Izcalli, tom\u00f3 protesta el consejo municipal para el cumplimiento de la Agenda Municipal 2030 para el desarrollo sostenible, un plan de acci\u00f3n a favor de las personas, el planeta y la prosperidad.<\/p>\n<p>&nbsp;<\/p>\n","protected":false},"excerpt":{"rendered":"<p>Durante la cuarta sesi\u00f3n ordinaria de Gabinete Regional IV Cuautitl\u00e1n Izcalli, tom\u00f3 protesta el consejo municipal para el cumplimiento de la Agenda Municipal 2030 para el desarrollo sostenible, un plan de acci\u00f3n a favor de las personas, el planeta y la prosperidad.<\/p>\n","protected":false},"author":3,"featured_media":374342,"comment_status":"open","ping_status":"open","sticky":false,"template":"","format":"standard","meta":{"_monsterinsights_skip_tracking":false,"_monsterinsights_sitenote_active":false,"_monsterinsights_sitenote_note":"","_monsterinsights_sitenote_category":0,"footnotes":""},"categories":[35155],"tags":[72883,43675,19988,752],"class_list":["post-374233","post","type-post","status-publish","format-standard","has-post-thumbnail","hentry","category-estado-de-mexico-estado-de-mexico","tag-agenda","tag-estado-de-mexico","tag-gabinete","tag-nicolas-romero"],"_links":{"self":[{"href":"https:\/\/www.diarioimagen.net\/index.php?rest_route=\/wp\/v2\/posts\/374233","targetHints":{"allow":["GET"]}}],"collection":[{"href":"https:\/\/www.diarioimagen.net\/index.php?rest_route=\/wp\/v2\/posts"}],"about":[{"href":"https:\/\/www.diarioimagen.net\/index.php?rest_route=\/wp\/v2\/types\/post"}],"author":[{"embeddable":true,"href":"https:\/\/www.diarioimagen.net\/index.php?rest_route=\/wp\/v2\/users\/3"}],"replies":[{"embeddable":true,"href":"https:\/\/www.diarioimagen.net\/index.php?rest_route=%2Fwp%2Fv2%2Fcomments&post=374233"}],"version-history":[{"count":0,"href":"https:\/\/www.diarioimagen.net\/index.php?rest_route=\/wp\/v2\/posts\/374233\/revisions"}],"wp:featuredmedia":[{"embeddable":true,"href":"https:\/\/www.diarioimagen.net\/index.php?rest_route=\/wp\/v2\/media\/374342"}],"wp:attachment":[{"href":"https:\/\/www.diarioimagen.net\/index.php?rest_route=%2Fwp%2Fv2%2Fmedia&parent=374233"}],"wp:term":[{"taxonomy":"category","embeddable":true,"href":"https:\/\/www.diarioimagen.net\/index.php?rest_route=%2Fwp%2Fv2%2Fcategories&post=374233"},{"taxonomy":"post_tag","embeddable":true,"href":"https:\/\/www.diarioimagen.net\/index.php?rest_route=%2Fwp%2Fv2%2Ftags&post=374233"}],"curies":[{"name":"wp","href":"https:\/\/api.w.org\/{rel}","templated":true}]}}