{"id":374235,"date":"2018-04-30T00:04:33","date_gmt":"2018-04-30T05:04:33","guid":{"rendered":"http:\/\/www.diarioimagen.net\/?p=374235"},"modified":"2018-04-30T07:18:52","modified_gmt":"2018-04-30T12:18:52","slug":"trabajo-en-equipo-nos-llevara-a-la-meta-este-1-de-julio-asegura-cesar-camacho","status":"publish","type":"post","link":"https:\/\/www.diarioimagen.net\/?p=374235","title":{"rendered":"Trabajo en equipo nos llevar\u00e1 a la meta este 1 de julio, asegura C\u00e9sar Camacho"},"content":{"rendered":"<ul>\n<li><strong><em>Participa en el Triatl\u00f3n de Valle de Bravo<\/em><\/strong><\/li>\n<\/ul>\n<p>&nbsp;<\/p>\n<div id=\"attachment_374345\" style=\"width: 470px\" class=\"wp-caption aligncenter\"><a href=\"http:\/\/www.diarioimagen.net\/?attachment_id=374345\" rel=\"attachment wp-att-374345\"><img loading=\"lazy\" decoding=\"async\" aria-describedby=\"caption-attachment-374345\" class=\"size-large wp-image-374345\" src=\"http:\/\/www.diarioimagen.net\/wp-content\/uploads\/2018\/04\/VALLE-3357-460x259.jpg\" alt=\"\" width=\"460\" height=\"259\" srcset=\"https:\/\/www.diarioimagen.net\/wp-content\/uploads\/2018\/04\/VALLE-3357-460x259.jpg 460w, https:\/\/www.diarioimagen.net\/wp-content\/uploads\/2018\/04\/VALLE-3357-240x135.jpg 240w, https:\/\/www.diarioimagen.net\/wp-content\/uploads\/2018\/04\/VALLE-3357-235x132.jpg 235w, https:\/\/www.diarioimagen.net\/wp-content\/uploads\/2018\/04\/VALLE-3357-202x114.jpg 202w, https:\/\/www.diarioimagen.net\/wp-content\/uploads\/2018\/04\/VALLE-3357-350x196.jpg 350w, https:\/\/www.diarioimagen.net\/wp-content\/uploads\/2018\/04\/VALLE-3357-220x123.jpg 220w, https:\/\/www.diarioimagen.net\/wp-content\/uploads\/2018\/04\/VALLE-3357-237x132.jpg 237w, https:\/\/www.diarioimagen.net\/wp-content\/uploads\/2018\/04\/VALLE-3357.jpg 480w\" sizes=\"auto, (max-width: 460px) 100vw, 460px\" \/><\/a><p id=\"caption-attachment-374345\" class=\"wp-caption-text\">C\u00e9sar Camacho, candidato del PRI al Senado de la Rep\u00fablica por el Estado de M\u00e9xico, particip\u00f3 en la tercera edici\u00f3n del Triatl\u00f3n de Valle de Bravo.<\/p><\/div>\n<p>&nbsp;<\/p>\n<p><strong>Valle de M\u00e9xico, Estado de M\u00e9xico<\/strong>.- \u201cSi no pedaleas te caes, igual que en la vida, a las subidas y las bajadas, hay que entrarle no s\u00f3lo con las piernas sino con el coraz\u00f3n\u201d, afirm\u00f3 C\u00e9sar Camacho, candidatos del PRI al Senado de la Rep\u00fablica por el Estado de M\u00e9xico.<\/p>\n<p>Al participar en la Tercera edici\u00f3n del Triatl\u00f3n de Valle de Bravo, en la prueba de ciclismo, el abanderado tricolor indic\u00f3 que, \u201cjunto con miles de mexiquenses vamos a hacer que el primero de julio empecemos una nueva etapa para el estado y todo el pa\u00eds, a quien nos debemos como ciudadanos\u201d.<\/p>\n<p>Acompa\u00f1ado por Cruz Juvenal Roa, candidato a diputado Federal por el distrito XXXVI, as\u00ed como de Mauricio Osorio Dom\u00ednguez, precandidato del PRI por este municipio, C\u00e9sar Camacho, calific\u00f3 como \u201cextraordinaria experiencia, participar en esta competencia\u201d, lo que adem\u00e1s de promover el deporte entre la poblaci\u00f3n, es un atractivo para el turismo de la regi\u00f3n.<\/p>\n<p>Asegur\u00f3 que dicha competencia, la cual reuni\u00f3 a m\u00e1s de 2 mil 700 participantes, \u201cha cobrado ya carta de naturalizaci\u00f3n como de los mejores triatlones de M\u00e9xico\u201d, por lo que se dijo satisfecho y orgulloso de concluir la prueba de los 40 kil\u00f3metros.<\/p>\n<p>Con el n\u00famero 2006, el equipo tricolor compiti\u00f3 en la categor\u00eda de relevos R2, siendo Mauricio Osorio quien inici\u00f3 la competencia en punto de las 09:30 horas con el nado de mil 500 metros estilo libre en aguas de la presa de este pueblo m\u00e1gico. Alrededor de las 10:15 horas, C\u00e9sar Camacho recibi\u00f3 a su compa\u00f1ero en el \u00e1rea de \u201cswim out\u201d, para iniciar el pedaleo sobre la carretera Valle de Bravo-Colorines. Posteriormente, Cruz Roa, complet\u00f3 la exhaustiva prueba con una carrera de 10 kil\u00f3metros.<\/p>\n<p>Con un tiempo de 2.30 horas, el equipo tricolor, encabezado por el candidato a senador, concluy\u00f3 su exitosa participaci\u00f3n.<\/p>\n","protected":false},"excerpt":{"rendered":"<p>\u201cSi no pedaleas te caes, igual que en la vida, a las subidas y las bajadas, hay que entrarle no s\u00f3lo con las piernas sino con el coraz\u00f3n\u201d, afirm\u00f3 C\u00e9sar Camacho, candidatos del PRI al Senado de la Rep\u00fablica por el Estado de M\u00e9xico.<\/p>\n","protected":false},"author":3,"featured_media":374345,"comment_status":"open","ping_status":"open","sticky":false,"template":"","format":"standard","meta":{"_monsterinsights_skip_tracking":false,"_monsterinsights_sitenote_active":false,"_monsterinsights_sitenote_note":"","_monsterinsights_sitenote_category":0,"footnotes":""},"categories":[35155],"tags":[3184,43675,72889,34],"class_list":["post-374235","post","type-post","status-publish","format-standard","has-post-thumbnail","hentry","category-estado-de-mexico-estado-de-mexico","tag-cesar-camacho-quiroz","tag-estado-de-mexico","tag-meta","tag-valle-de-mexico"],"_links":{"self":[{"href":"https:\/\/www.diarioimagen.net\/index.php?rest_route=\/wp\/v2\/posts\/374235","targetHints":{"allow":["GET"]}}],"collection":[{"href":"https:\/\/www.diarioimagen.net\/index.php?rest_route=\/wp\/v2\/posts"}],"about":[{"href":"https:\/\/www.diarioimagen.net\/index.php?rest_route=\/wp\/v2\/types\/post"}],"author":[{"embeddable":true,"href":"https:\/\/www.diarioimagen.net\/index.php?rest_route=\/wp\/v2\/users\/3"}],"replies":[{"embeddable":true,"href":"https:\/\/www.diarioimagen.net\/index.php?rest_route=%2Fwp%2Fv2%2Fcomments&post=374235"}],"version-history":[{"count":0,"href":"https:\/\/www.diarioimagen.net\/index.php?rest_route=\/wp\/v2\/posts\/374235\/revisions"}],"wp:featuredmedia":[{"embeddable":true,"href":"https:\/\/www.diarioimagen.net\/index.php?rest_route=\/wp\/v2\/media\/374345"}],"wp:attachment":[{"href":"https:\/\/www.diarioimagen.net\/index.php?rest_route=%2Fwp%2Fv2%2Fmedia&parent=374235"}],"wp:term":[{"taxonomy":"category","embeddable":true,"href":"https:\/\/www.diarioimagen.net\/index.php?rest_route=%2Fwp%2Fv2%2Fcategories&post=374235"},{"taxonomy":"post_tag","embeddable":true,"href":"https:\/\/www.diarioimagen.net\/index.php?rest_route=%2Fwp%2Fv2%2Ftags&post=374235"}],"curies":[{"name":"wp","href":"https:\/\/api.w.org\/{rel}","templated":true}]}}