{"id":374237,"date":"2018-04-30T00:03:41","date_gmt":"2018-04-30T05:03:41","guid":{"rendered":"http:\/\/www.diarioimagen.net\/?p=374237"},"modified":"2018-04-30T07:20:14","modified_gmt":"2018-04-30T12:20:14","slug":"fomenta-debil-visual-habito-de-la-lectura-entre-estudiantes","status":"publish","type":"post","link":"https:\/\/www.diarioimagen.net\/?p=374237","title":{"rendered":"Fomenta d\u00e9bil visual h\u00e1bito de la lectura entre estudiantes"},"content":{"rendered":"<p><a href=\"http:\/\/www.diarioimagen.net\/?attachment_id=374348\" rel=\"attachment wp-att-374348\"><img loading=\"lazy\" decoding=\"async\" class=\"aligncenter size-large wp-image-374348\" src=\"http:\/\/www.diarioimagen.net\/wp-content\/uploads\/2018\/04\/lectura-3357-460x259.jpg\" alt=\"\" width=\"460\" height=\"259\" srcset=\"https:\/\/www.diarioimagen.net\/wp-content\/uploads\/2018\/04\/lectura-3357-460x259.jpg 460w, https:\/\/www.diarioimagen.net\/wp-content\/uploads\/2018\/04\/lectura-3357-240x135.jpg 240w, https:\/\/www.diarioimagen.net\/wp-content\/uploads\/2018\/04\/lectura-3357-235x132.jpg 235w, https:\/\/www.diarioimagen.net\/wp-content\/uploads\/2018\/04\/lectura-3357-202x114.jpg 202w, https:\/\/www.diarioimagen.net\/wp-content\/uploads\/2018\/04\/lectura-3357-350x196.jpg 350w, https:\/\/www.diarioimagen.net\/wp-content\/uploads\/2018\/04\/lectura-3357-220x123.jpg 220w, https:\/\/www.diarioimagen.net\/wp-content\/uploads\/2018\/04\/lectura-3357-237x132.jpg 237w, https:\/\/www.diarioimagen.net\/wp-content\/uploads\/2018\/04\/lectura-3357.jpg 480w\" sizes=\"auto, (max-width: 460px) 100vw, 460px\" \/><\/a><\/p>\n<p>&nbsp;<\/p>\n<p><strong>Toluca, Estado de M\u00e9xico.-<\/strong> La Biblioteca P\u00fablica Central Estatal (BPCE) abre sus puertas al p\u00fablico en general y ofrece alternativas de conocimiento y lectura, para aportar al desarrollo integral de sus usuarios.<\/p>\n<p>Es as\u00ed como abri\u00f3 un espacio para que Frida Salazar Rodr\u00edguez, una joven que se prepara para ingresar a la licenciatura en Letras Hispanoamericanas, que oferta la Universidad Aut\u00f3noma del Estado de M\u00e9xico, compartiera una de sus m\u00e1s grandes pasiones, que es leer, aunque de nacimiento es d\u00e9bil visual.<\/p>\n","protected":false},"excerpt":{"rendered":"<p>La Biblioteca P\u00fablica Central Estatal (BPCE) abre sus puertas al p\u00fablico en general y ofrece alternativas de conocimiento y lectura, para aportar al desarrollo integral de sus usuarios.<\/p>\n","protected":false},"author":3,"featured_media":374348,"comment_status":"open","ping_status":"open","sticky":false,"template":"","format":"standard","meta":{"_monsterinsights_skip_tracking":false,"_monsterinsights_sitenote_active":false,"_monsterinsights_sitenote_note":"","_monsterinsights_sitenote_category":0,"footnotes":""},"categories":[35155],"tags":[73117,43675,2014,25038,452],"class_list":["post-374237","post","type-post","status-publish","format-standard","has-post-thumbnail","hentry","category-estado-de-mexico-estado-de-mexico","tag-biblioteca-publica-central-estatal","tag-estado-de-mexico","tag-estudiantes","tag-lectura","tag-toluca"],"_links":{"self":[{"href":"https:\/\/www.diarioimagen.net\/index.php?rest_route=\/wp\/v2\/posts\/374237","targetHints":{"allow":["GET"]}}],"collection":[{"href":"https:\/\/www.diarioimagen.net\/index.php?rest_route=\/wp\/v2\/posts"}],"about":[{"href":"https:\/\/www.diarioimagen.net\/index.php?rest_route=\/wp\/v2\/types\/post"}],"author":[{"embeddable":true,"href":"https:\/\/www.diarioimagen.net\/index.php?rest_route=\/wp\/v2\/users\/3"}],"replies":[{"embeddable":true,"href":"https:\/\/www.diarioimagen.net\/index.php?rest_route=%2Fwp%2Fv2%2Fcomments&post=374237"}],"version-history":[{"count":0,"href":"https:\/\/www.diarioimagen.net\/index.php?rest_route=\/wp\/v2\/posts\/374237\/revisions"}],"wp:featuredmedia":[{"embeddable":true,"href":"https:\/\/www.diarioimagen.net\/index.php?rest_route=\/wp\/v2\/media\/374348"}],"wp:attachment":[{"href":"https:\/\/www.diarioimagen.net\/index.php?rest_route=%2Fwp%2Fv2%2Fmedia&parent=374237"}],"wp:term":[{"taxonomy":"category","embeddable":true,"href":"https:\/\/www.diarioimagen.net\/index.php?rest_route=%2Fwp%2Fv2%2Fcategories&post=374237"},{"taxonomy":"post_tag","embeddable":true,"href":"https:\/\/www.diarioimagen.net\/index.php?rest_route=%2Fwp%2Fv2%2Ftags&post=374237"}],"curies":[{"name":"wp","href":"https:\/\/api.w.org\/{rel}","templated":true}]}}