{"id":374239,"date":"2018-04-30T00:02:46","date_gmt":"2018-04-30T05:02:46","guid":{"rendered":"http:\/\/www.diarioimagen.net\/?p=374239"},"modified":"2018-04-30T07:13:01","modified_gmt":"2018-04-30T12:13:01","slug":"aspirantes-a-un-cargo-de-eleccion-popular-de-via-radical-reciben-amenazas","status":"publish","type":"post","link":"https:\/\/www.diarioimagen.net\/?p=374239","title":{"rendered":"Aspirantes a un cargo de elecci\u00f3n popular, de V\u00eda Radical, reciben amenazas"},"content":{"rendered":"<ul>\n<li><strong><em>Son 39 personas, dice Irak Vargas<\/em><\/strong><\/li>\n<\/ul>\n<p>&nbsp;<\/p>\n<div id=\"attachment_374330\" style=\"width: 470px\" class=\"wp-caption aligncenter\"><a href=\"http:\/\/www.diarioimagen.net\/?attachment_id=374330\" rel=\"attachment wp-att-374330\"><img loading=\"lazy\" decoding=\"async\" aria-describedby=\"caption-attachment-374330\" class=\"size-large wp-image-374330\" src=\"http:\/\/www.diarioimagen.net\/wp-content\/uploads\/2018\/04\/TLALNEPANTLA-3357-460x259.jpg\" alt=\"\" width=\"460\" height=\"259\" srcset=\"https:\/\/www.diarioimagen.net\/wp-content\/uploads\/2018\/04\/TLALNEPANTLA-3357-460x259.jpg 460w, https:\/\/www.diarioimagen.net\/wp-content\/uploads\/2018\/04\/TLALNEPANTLA-3357-240x135.jpg 240w, https:\/\/www.diarioimagen.net\/wp-content\/uploads\/2018\/04\/TLALNEPANTLA-3357-235x132.jpg 235w, https:\/\/www.diarioimagen.net\/wp-content\/uploads\/2018\/04\/TLALNEPANTLA-3357-202x114.jpg 202w, https:\/\/www.diarioimagen.net\/wp-content\/uploads\/2018\/04\/TLALNEPANTLA-3357-350x196.jpg 350w, https:\/\/www.diarioimagen.net\/wp-content\/uploads\/2018\/04\/TLALNEPANTLA-3357-220x123.jpg 220w, https:\/\/www.diarioimagen.net\/wp-content\/uploads\/2018\/04\/TLALNEPANTLA-3357-237x132.jpg 237w, https:\/\/www.diarioimagen.net\/wp-content\/uploads\/2018\/04\/TLALNEPANTLA-3357.jpg 480w\" sizes=\"auto, (max-width: 460px) 100vw, 460px\" \/><\/a><p id=\"caption-attachment-374330\" class=\"wp-caption-text\">El presidente de V\u00eda Radical, Irak Vargas, se\u00f1al\u00f3 que no solamente han sido candidatos de Tlalnepantla.<\/p><\/div>\n<p>&nbsp;<\/p>\n<p><strong>Tlalnepantla, Estado de M\u00e9xico<\/strong>.- El presidente de V\u00eda Radical en el Estado de M\u00e9xico, Irak Vargas, se\u00f1al\u00f3 que no solamente han sido candidatos de Tlalnepantla los que han recibido amenazas, si no han sido 39\u00a0 personas de este instituto pol\u00edtico que buscan un cargo de elecci\u00f3n popular, que han sufrido amagos.<\/p>\n<p>Entrevistados despu\u00e9s de haber entregado la constancia emitida por el Instituto Electoral del Estado de M\u00e9xico (IEEM), que le autoriza para contender por la presidencia municipal de Tlalnepantla a Ra\u00fal Uribe Soria y su planilla.<\/p>\n<p>Indic\u00f3 que adem\u00e1s de Ra\u00fal Uribe, han sido amenazados verbalmente y por escrito, los candidatos radicales a legisladores del distrito 39, Leopoldo Mu\u00f1oz, el abanderado a alcalde de Villa Victoria, el aspirante a presidente municipal de Jilotepec. \u201cla compa\u00f1era que iba a ser candidata en el distrito 1 de Chalco, quien por el temor decidi\u00f3 ya no participar\u201d, as\u00ed como el equipo que comanda la candidatura en Santa Cruz Atizap\u00e1n, al igual que candidatos a regidores y en Chapa de Mota.<\/p>\n<p>Por \u00faltimo, coment\u00f3 que adem\u00e1s de la demanda formal ante la Fepade y la exposici\u00f3n de estos hechos ante la opini\u00f3n p\u00fablica, tambi\u00e9n se solicit\u00f3 una reuni\u00f3n urgente con el secretario general de Gobierno, Alejandro Ozuna Rivero, al ser el responsable directo de la pol\u00edtica p\u00fablica y de manera indirecta de la seguridad en el Estado de M\u00e9xico; \u201cy tambi\u00e9n solicitaremos protecci\u00f3n para nuestros candidatos que consideremos que lo requieran.\u201d<\/p>\n<p>Cabe se\u00f1alar que\u00a0 en d\u00edas pasados un comando armado se present\u00f3 por la noche en las oficinas del Comit\u00e9 Municipal de V\u00eda Radical, las personas armadas no se identificaron, pero a militantes del partido que se encontraban en ese momento les pidieron de forma amenazante que le pidieran a Ra\u00fal Uribe que se presentara porque le ten\u00edan unos mensajes.<\/p>\n<p>Ante esas amenazas el\u00a0 presidente del Consejo General del IEEM, Pedro Zamudio, ofreci\u00f3 dar seguimiento a las investigaciones en torno el atentado y las amenazas contra las instalaciones de V\u00eda Radical y su candidato en el municipio de Tlalnepantla.<\/p>\n<p>Tambi\u00e9n se comprometi\u00f3 ante dirigentes del Partido V\u00eda Radical a dar seguimiento a la investigaci\u00f3n de las amenazas e intimidaciones que un grupo de personas fuertemente armadas hicieron en las instalaciones del Partido V\u00eda Radical en Tlalnepantla, en donde Ra\u00fal Uribe se perfila como uno de los candidatos fuertes a ganar la alcald\u00eda en las pr\u00f3ximas elecciones.<\/p>\n","protected":false},"excerpt":{"rendered":"<p>El presidente de V\u00eda Radical en el Estado de M\u00e9xico, Irak Vargas, se\u00f1al\u00f3 que no solamente han sido candidatos de Tlalnepantla los que han recibido amenazas, si no han sido 39  personas de este instituto pol\u00edtico que buscan un cargo de elecci\u00f3n popular, que han sufrido amagos.<\/p>\n","protected":false},"author":3,"featured_media":374330,"comment_status":"open","ping_status":"open","sticky":false,"template":"","format":"standard","meta":{"_monsterinsights_skip_tracking":false,"_monsterinsights_sitenote_active":false,"_monsterinsights_sitenote_note":"","_monsterinsights_sitenote_category":0,"footnotes":""},"categories":[35155],"tags":[70452,43675,169,73118],"class_list":["post-374239","post","type-post","status-publish","format-standard","has-post-thumbnail","hentry","category-estado-de-mexico-estado-de-mexico","tag-aspirante","tag-estado-de-mexico","tag-tlalnepantla","tag-via-radical"],"_links":{"self":[{"href":"https:\/\/www.diarioimagen.net\/index.php?rest_route=\/wp\/v2\/posts\/374239","targetHints":{"allow":["GET"]}}],"collection":[{"href":"https:\/\/www.diarioimagen.net\/index.php?rest_route=\/wp\/v2\/posts"}],"about":[{"href":"https:\/\/www.diarioimagen.net\/index.php?rest_route=\/wp\/v2\/types\/post"}],"author":[{"embeddable":true,"href":"https:\/\/www.diarioimagen.net\/index.php?rest_route=\/wp\/v2\/users\/3"}],"replies":[{"embeddable":true,"href":"https:\/\/www.diarioimagen.net\/index.php?rest_route=%2Fwp%2Fv2%2Fcomments&post=374239"}],"version-history":[{"count":0,"href":"https:\/\/www.diarioimagen.net\/index.php?rest_route=\/wp\/v2\/posts\/374239\/revisions"}],"wp:featuredmedia":[{"embeddable":true,"href":"https:\/\/www.diarioimagen.net\/index.php?rest_route=\/wp\/v2\/media\/374330"}],"wp:attachment":[{"href":"https:\/\/www.diarioimagen.net\/index.php?rest_route=%2Fwp%2Fv2%2Fmedia&parent=374239"}],"wp:term":[{"taxonomy":"category","embeddable":true,"href":"https:\/\/www.diarioimagen.net\/index.php?rest_route=%2Fwp%2Fv2%2Fcategories&post=374239"},{"taxonomy":"post_tag","embeddable":true,"href":"https:\/\/www.diarioimagen.net\/index.php?rest_route=%2Fwp%2Fv2%2Ftags&post=374239"}],"curies":[{"name":"wp","href":"https:\/\/api.w.org\/{rel}","templated":true}]}}