{"id":374271,"date":"2018-04-30T00:03:48","date_gmt":"2018-04-30T05:03:48","guid":{"rendered":"http:\/\/www.diarioimagen.net\/?p=374271"},"modified":"2018-04-30T02:07:45","modified_gmt":"2018-04-30T07:07:45","slug":"amnistia-y-expropiaciones-en-el-plan-de-amlo-que-sigue","status":"publish","type":"post","link":"https:\/\/www.diarioimagen.net\/?p=374271","title":{"rendered":"Amnist\u00eda y expropiaciones en el plan de AMLO&#8230; qu\u00e9 sigue"},"content":{"rendered":"<h2>Como veo, doy<\/h2>\n<h5>Jorge Luis Galicia Palacios<\/h5>\n<p>&nbsp;<\/p>\n<ul>\n<li><strong><em>Proyecto pejista, modelo venezolano, aunque lo nieguen<\/em><\/strong><\/li>\n<li><strong><em>Taibo II y Alfonso Romo, ejemplo de disputa morenista<\/em><\/strong><\/li>\n<\/ul>\n<p>&nbsp;<\/p>\n<p>Todav\u00eda la mayor\u00eda de los mexicanos no entendemos lo que quiso decir Andr\u00e9s Manuel L\u00f3pez Obrador con su propuesta de la amnist\u00eda \u201cpara lograr la pacificaci\u00f3n del pa\u00eds\u201d, cuando ya en su equipo de trabajo han metido otro pol\u00e9mico tema a la opini\u00f3n p\u00fablica, igual inentendible, aunque el resto de quienes integran el primer c\u00edrculo de colaboradores del tabasque\u00f1o nos digan que eso no se dijo, que no todos piensan igual, que fueron palabras a t\u00edtulo personal o que de plano lo que quiso decir fue otra cosa.<\/p>\n<p>Resulta que uno de los principales asesores del abanderado de Morena, el escritor Paco Ignacio Taibo II, en un video que alguien se encarg\u00f3 de ponerlo en circulaci\u00f3n para el conocimiento p\u00fablico, recomienda expropiar las empresas a todos aquellos empresarios o grupos empresariales que desde ahora no est\u00e9n de acuerdo con el proyecto que ellos encabezan.<\/p>\n<p>Lo anterior, nos hace recordar otro video que en su momento, hace ya varios a\u00f1os, se dio a conocer de un recorrido que hac\u00eda el entonces presidente venezolano, Hugo Ch\u00e1vez, quien con aires de prepotencia daba indicaciones a sus subalternos cuando \u00e9stos les se\u00f1alaban los nombres de los propietarios de varios inmuebles. \u201cHay que expropiarlo\u201d, \u201cexpr\u00f3pienlo\u201d y as\u00ed, el mandatario segu\u00eda se\u00f1alando varios terrenos o construcciones de empresarios o l\u00edderes contrarios al proyecto Bolivariano.<\/p>\n<p>En m\u00e1s de una ocasi\u00f3n se le ha visto molesto al candidato presidencial de Morena fruncir el ce\u00f1o o responder con enojo a quien le cuestiona o le dice que su proyecto de gobierno se asemeja con el que en su momento instaur\u00f3 el r\u00e9gimen chavista y que sigue gobernando Venezuela por casi veinte a\u00f1os, ahora con Nicol\u00e1s Maduro al frente.<\/p>\n<p>Lo expresado por Taibo II ya fue desmentido por Marcelo Ebrard, coordinador electoral de Morena en la primera circunscripci\u00f3n, y aunque no hay forma de decir que lo dicho por el escritor no se dijo, porque el video es la prueba, el ex jefe de gobierno de la Ciudad de M\u00e9xico, escribi\u00f3 en su cuenta de Twitter que L\u00f3pez Obrador respeta la libertad de expresi\u00f3n y deja en claro que en el eventual gobierno morenista no habr\u00e1 expropiaciones.<\/p>\n<p>Aqu\u00ed, la pregunta en todo caso ser\u00e1 qui\u00e9nes del equipo est\u00e1n a favor de las referidas expropiaciones y qui\u00e9nes no, o sobre esto qu\u00e9 piensa Andr\u00e9s Manuel, porque no es la primera vez que este tipo de diferendos sucede por algunas expresiones del propio AMLO o de sus cercanos. As\u00ed pasa con el tema del aeropuerto, as\u00ed con la reforma educativa, as\u00ed con la amnist\u00eda, as\u00ed con las candidaturas, as\u00ed con la reforma energ\u00e9tica, as\u00ed con muchas otras cosas.<\/p>\n<p>Habr\u00e1 quien diga que esto es normal en un equipo donde confluyen ideas conservadoras y radicales, donde se ha impuesto el pragmatismo por encima de las ideolog\u00edas. Y tal vez tengan raz\u00f3n, lo cierto es que son precisamente esos diferendos los mismos que a m\u00e1s de un posible votante ha puesto a reflexionar sobre el verdadero proyecto de gobierno del llamado Peje. \u00a0\u00bfInspirado en Benito Ju\u00e1rez o \u00a0dise\u00f1ado con ideas de Hugo Ch\u00e1vez? por lo pronto, parece ganar el modelo chavista.<\/p>\n<p>No hay que olvidar que hace unos meses precisamente Paco Ignacio Taibo II, cuestion\u00f3 al empresario Alfonso Romo en el tema energ\u00e9tico, palabras m\u00e1s, palabras menos, Taibo dice de Romo: \u00bfqui\u00e9n chingados le dijo a Romo que somos \u2018nos\u2019? \u00bfA nombre de qui\u00e9n habla? Porque que yo recuerde, hasta ahora, en el \u00faltimo Congreso y los tres \u00faltimos Consejos Nacionales de Morena se ratific\u00f3 plenamente la (postura) de echar abajo la Reforma Energ\u00e9tica.<\/p>\n<p>Lo anterior, despu\u00e9s que Alfonso Romo dijera que si Morena era gobierno no se har\u00eda ninguna nacionalizaci\u00f3n y asegurara que AMLO hab\u00eda revisado la mayor\u00eda de las licitaciones de petr\u00f3leo adjudicadas a compa\u00f1\u00edas privadas y lleg\u00f3 a la conclusi\u00f3n de que son beneficiosas para M\u00e9xico, lo cual fue interpretado como un gesto positivo hacia la reforma energ\u00e9tica que se logr\u00f3 con mayor\u00eda calificada en el Congreso de la Uni\u00f3n.<\/p>\n<p>No hubo tal gesto, a pocos d\u00edas de ese diferendo las se\u00f1ales de AMLO fueron las\u00a0 mismas, su rechazo a dicha reforma. O sea, hizo caso a lo se\u00f1alado por Taibo II, eso no obstante que Romo es un empresario \u201cmodelo\u201d para El Peje y en caso de que gane Morena la presidencial esta propuesto para ser el jefe del gabinete obradorista, claro, primero tienen que ganar.<\/p>\n<p>Lo que sea, por todo este tipo de controversias y dudas que generan las propuestas del tabasque\u00f1o, cada vez son m\u00e1s notorias las pugnas entre morenistas, petistas, ex panistas, ex perredistas, ex priistas, y todos quienes desde ahora buscan imponer su voluntad de acuerdo a la trayectoria de cada uno y por esos cada vez con m\u00e1s frecuencia unos y otros salen a tratar de explicar lo inexplicable, porque -est\u00e1 visto- cada quien tiene su propio proyecto, por lo que el proyecto de naci\u00f3n que enarbolan s\u00f3lo es un fin y un trampol\u00edn para llegar al poder, despu\u00e9s\u2026 despu\u00e9s a ver qu\u00e9 pasa.<\/p>\n<p><strong>VA MI RESTO<\/strong>.- Ese es el tema, en caso de ganar, cu\u00e1les de esas ideas gobernar\u00e1n, qui\u00e9n de esos l\u00edderes se someter\u00e1 al resto, cu\u00e1l proyecto es el que va votar la gente \u00bfel de Romo o el de Taibo II?, por mencionar un ejemplo.<\/p>\n<p>Eso es lo que no queda claro y aun as\u00ed hay quienes tienen fe ciega en esa mezcolanza de ideas y de propuestas encontradas. En fin, todo indica que si ganan lo que seguir\u00e1 ser\u00e1 una encarnizada disputa entre ellos, en tanto que la mayor\u00eda quedar\u00e1 como los chinos \u201cnom\u00e1s milando\u201d, o como los venezolanos \u201caguantando vara\u201d, y hasta ah\u00ed porque como veo, doy.<\/p>\n<p><em><a href=\"mailto:jorgelgalicia@yahoo.com.mx\" target=\"_blank\" rel=\"noopener\">jorgelgalicia@yahoo.com.mx<\/a><\/em><\/p>\n","protected":false},"excerpt":{"rendered":"<p><span style=\"color: #005497;\"><strong>Jorge Luis Galicia Palacios<\/strong><\/span><\/p>\n","protected":false},"author":3,"featured_media":0,"comment_status":"open","ping_status":"open","sticky":false,"template":"","format":"standard","meta":{"_monsterinsights_skip_tracking":false,"_monsterinsights_sitenote_active":false,"_monsterinsights_sitenote_note":"","_monsterinsights_sitenote_category":0,"footnotes":""},"categories":[63916],"tags":[28722,63917,43674],"class_list":["post-374271","post","type-post","status-publish","format-standard","hentry","category-jorge-luis-galicia-palacios","tag-como-veo-doy","tag-jorge-luis-galicia-palacios","tag-opinion"],"_links":{"self":[{"href":"https:\/\/www.diarioimagen.net\/index.php?rest_route=\/wp\/v2\/posts\/374271","targetHints":{"allow":["GET"]}}],"collection":[{"href":"https:\/\/www.diarioimagen.net\/index.php?rest_route=\/wp\/v2\/posts"}],"about":[{"href":"https:\/\/www.diarioimagen.net\/index.php?rest_route=\/wp\/v2\/types\/post"}],"author":[{"embeddable":true,"href":"https:\/\/www.diarioimagen.net\/index.php?rest_route=\/wp\/v2\/users\/3"}],"replies":[{"embeddable":true,"href":"https:\/\/www.diarioimagen.net\/index.php?rest_route=%2Fwp%2Fv2%2Fcomments&post=374271"}],"version-history":[{"count":0,"href":"https:\/\/www.diarioimagen.net\/index.php?rest_route=\/wp\/v2\/posts\/374271\/revisions"}],"wp:attachment":[{"href":"https:\/\/www.diarioimagen.net\/index.php?rest_route=%2Fwp%2Fv2%2Fmedia&parent=374271"}],"wp:term":[{"taxonomy":"category","embeddable":true,"href":"https:\/\/www.diarioimagen.net\/index.php?rest_route=%2Fwp%2Fv2%2Fcategories&post=374271"},{"taxonomy":"post_tag","embeddable":true,"href":"https:\/\/www.diarioimagen.net\/index.php?rest_route=%2Fwp%2Fv2%2Ftags&post=374271"}],"curies":[{"name":"wp","href":"https:\/\/api.w.org\/{rel}","templated":true}]}}