{"id":374382,"date":"2018-05-01T00:17:40","date_gmt":"2018-05-01T05:17:40","guid":{"rendered":"http:\/\/www.diarioimagen.net\/?p=374382"},"modified":"2021-04-20T00:07:19","modified_gmt":"2021-04-20T05:07:19","slug":"al-fuero-lo-fueron","status":"publish","type":"post","link":"https:\/\/www.diarioimagen.net\/?p=374382","title":{"rendered":"Al fuero, lo fueron"},"content":{"rendered":"<h2>Caleidoscopio<\/h2>\n<h5>Guillermina G\u00f3mora Ord\u00f3\u00f1ez<\/h5>\n<p>&nbsp;<\/p>\n<p>Como novias de pueblo se quedaron legisladores, candidatos y alguno que otro jurista, luego de que, por segunda ocasi\u00f3n, por lo menos en este sexenio, los senadores mandaran a la congeladora la eliminaci\u00f3n del fuero.<\/p>\n<p>De nada vali\u00f3 el exhorto dominical de los diputados al Senado de la Rep\u00fablica para que aprobara la minuta, bajo el argumento de que: \u201cse cumpla con el compromiso que todos tenemos con nuestro pa\u00eds en el combate a la impunidad y la corrupci\u00f3n\u201d. Simplemente, lo ignoraron.<\/p>\n<p>El populismo legislativo deber\u00e1 esperar otra oportunidad y quiz\u00e1 otras elecciones para utilizarlo como agente generador de votos. Basta recordar que la medida no es nueva y s\u00f3lo entre 2003 y 2016 al menos 13 iniciativas legislativas de reforma se presentaron para eliminar o acotar el hasta hoy apetitoso y pervertido fuero federal.<\/p>\n<p>En algunos estados, la iniciativa de eliminar el fuero a funcionarios p\u00fablicos ya prosper\u00f3; a mediados de 2016, Jalisco se convirti\u00f3 en la primera entidad del pa\u00eds en derogarlo. Quer\u00e9taro, Nuevo Le\u00f3n, Campeche, Guanajuato, Baja California, Nayarit, Yucat\u00e1n, Quintana Roo, Coahuila e Hidalgo tambi\u00e9n se sumaron a la medida. Actualmente s\u00f3lo 11 de las 32 entidades han aprobado la medida.<\/p>\n<p>Por lo que respecta a nivel federal, algunos especialistas, como el <strong>doctor Marco Fern\u00e1ndez, investigador de la Escuela de Gobierno y Transformaci\u00f3n P\u00fablica del Tecnol\u00f3gico de Monterrey<\/strong>, considera que son \u201cocurrencias legislativas y que el problema es que en la forma en que se est\u00e1 aprobando la medida, un funcionario ser\u00eda investigado, pero podr\u00eda seguir en funciones\u201d.<\/p>\n<p><strong>Alexandra Zapata, del Instituto Mexicano para la Competitividad<\/strong>, pone el dedo en la llaga y advierte: \u201cLa eliminaci\u00f3n del fuero no logra nada, si no tenemos fiscal\u00edas independientes en los estados\u201d.<\/p>\n<p>En efecto, no debemos olvidar que corrupci\u00f3n y justicia van de la mano, combatir este flagelo, que nos cuesta el 10 por ciento del Producto Interno Bruto, exige algo m\u00e1s que centrar el debate en la eliminaci\u00f3n de esta figura.<\/p>\n<p>Incluso, <strong>Ernesto Cordero,<\/strong> <strong>presidente de la Mesa Directiva del Senado, <\/strong>advirti\u00f3 que el combate a la corrupci\u00f3n y la impunidad desde esta plataforma, puede poner en riesgo la gobernabilidad. Y que no debemos perder de vista que en M\u00e9xico, el 99% de los delitos quedan sin castigo por la ineficacia de nuestro sistema de justicia.<\/p>\n<p>El punto, es que hoy, diputados y senadores reparten culpas por el freno de mano que le metieron en la C\u00e1mara alta a este derecho que originalmente ten\u00eda como objetivo fungir como contrapeso para proteger la libertad de expresi\u00f3n e independencia de los representantes de los ciudadanos.<\/p>\n<p>Para el <strong>coordinador del PRD en el Senado, Luis S\u00e1nchez<\/strong>, el env\u00edo a la congeladora de la iniciativa, fue producto de: \u201cUn boicot y un albazo\u201d, instrumentado por el \u201cPRI y Morena\u201d. Y al preguntarle sobre la posibilidad de un periodo extraordinario, respondi\u00f3: \u201cS\u00ed hay condiciones, voluntad, creo que no\u201d.<\/p>\n<p>Sin embargo, el <strong>secretario de la Comisi\u00f3n de Puntos Constitucionales de la C\u00e1mara de Diputados<\/strong>, el <strong>pri\u00edsta, Braulio Guerra<\/strong>, afirm\u00f3 que la aprobaci\u00f3n de la reforma en San L\u00e1zaro que elimina el fuero, se realiz\u00f3 con: \u201cvisi\u00f3n de Estado, no con visi\u00f3n partidista\u201d.<\/p>\n<p>Y ret\u00f3 a sus pares en el Congreso: \u201cSi tienen observaciones, que regrese a C\u00e1mara de Diputados para terminar el proceso legislativo y avanzar en un asunto que est\u00e1 en el ADN de la exigencia del pueblo de M\u00e9xico\u201d.<\/p>\n<p>En fin, m\u00e1s all\u00e1 de estandartes pol\u00edticos, la presencia o ausencia del fuero de poco sirve si no hay un sistema de justicia robusto y aut\u00f3nomo que propicie un debate sensato e inteligente, que acabe con dicho privilegio.<\/p>\n<p>Por lo pronto, no hay medallas para nadie. El periodo electoral exige mantener la independencia y protecci\u00f3n de los poderes p\u00fablicos y manda al populismo legislativo a la congeladora.<\/p>\n<p>&nbsp;<\/p>\n<p style=\"text-align: center;\"><strong>VERICUENTOS<\/strong><\/p>\n<p style=\"text-align: center;\"><strong>Balance Legislativo<\/strong><\/p>\n<p>En el recuento de logros de la LXIII Legislatura, el <strong>coordinador parlamentario del PRI<\/strong> en el Senado,<strong> Emilio Gamboa, <\/strong>destaca los acuerdos alcanzados con sus pares para elegir a 56 nuevos integrantes de diversos organismos gubernamentales y aut\u00f3nomos; ratificar el TPP-11, que permitir\u00e1 a M\u00e9xico ingresar a un mercado de 500 millones de consumidores y la aprobaci\u00f3n de la ley contra el huachicoleo, entre otros. <strong>\u00a1\u00d3rale!<\/strong><\/p>\n<p style=\"text-align: center;\"><strong>Infonavit &#8211; cuentas claras<\/strong><\/p>\n<p>Vaya n\u00fameros que present\u00f3 <strong>David Penchyna<\/strong> durante <strong>la 116 Asamblea General Ordinaria del Infonavit<\/strong>. El director general del Instituto inform\u00f3 que, durante el 2018, se prev\u00e9 alcanzar una recaudaci\u00f3n superior a 220 mil 700 millones de pesos. Por cierto, en las pr\u00f3ximas semanas el organismo anunciar\u00e1 su esquema de movilidad hipotecaria, que permitir\u00e1 a los trabajadores mover su hipoteca al lugar que deseen y que responda a sus necesidades laborales. <strong>\u00a1Vientos!<\/strong><\/p>\n<p><a href=\"mailto:guillegomora@hotmail.com\" target=\"_blank\" rel=\"noopener noreferrer\"><i>guillegomora@hotmail.com<br \/>\n<\/i><\/a><a href=\"https:\/\/twitter.com\/guillegomora?lang=es\" target=\"_blank\" rel=\"noopener noreferrer\"><i>@guillegomora<\/i><\/a><\/p>\n","protected":false},"excerpt":{"rendered":"<p><span style=\"color: #005497;\"><strong>Guillermina G\u00f3mora Ord\u00f3\u00f1ez<\/strong><\/span><\/p>\n","protected":false},"author":1,"featured_media":0,"comment_status":"open","ping_status":"open","sticky":false,"template":"","format":"standard","meta":{"_monsterinsights_skip_tracking":false,"_monsterinsights_sitenote_active":false,"_monsterinsights_sitenote_note":"","_monsterinsights_sitenote_category":0,"footnotes":""},"categories":[58361],"tags":[58362,58363,43674],"class_list":["post-374382","post","type-post","status-publish","format-standard","hentry","category-guillermina-gomora-ordonez","tag-caleidoscopio","tag-guillermina-gomora-ordonez","tag-opinion"],"_links":{"self":[{"href":"https:\/\/www.diarioimagen.net\/index.php?rest_route=\/wp\/v2\/posts\/374382","targetHints":{"allow":["GET"]}}],"collection":[{"href":"https:\/\/www.diarioimagen.net\/index.php?rest_route=\/wp\/v2\/posts"}],"about":[{"href":"https:\/\/www.diarioimagen.net\/index.php?rest_route=\/wp\/v2\/types\/post"}],"author":[{"embeddable":true,"href":"https:\/\/www.diarioimagen.net\/index.php?rest_route=\/wp\/v2\/users\/1"}],"replies":[{"embeddable":true,"href":"https:\/\/www.diarioimagen.net\/index.php?rest_route=%2Fwp%2Fv2%2Fcomments&post=374382"}],"version-history":[{"count":0,"href":"https:\/\/www.diarioimagen.net\/index.php?rest_route=\/wp\/v2\/posts\/374382\/revisions"}],"wp:attachment":[{"href":"https:\/\/www.diarioimagen.net\/index.php?rest_route=%2Fwp%2Fv2%2Fmedia&parent=374382"}],"wp:term":[{"taxonomy":"category","embeddable":true,"href":"https:\/\/www.diarioimagen.net\/index.php?rest_route=%2Fwp%2Fv2%2Fcategories&post=374382"},{"taxonomy":"post_tag","embeddable":true,"href":"https:\/\/www.diarioimagen.net\/index.php?rest_route=%2Fwp%2Fv2%2Ftags&post=374382"}],"curies":[{"name":"wp","href":"https:\/\/api.w.org\/{rel}","templated":true}]}}