{"id":374388,"date":"2018-05-02T00:09:22","date_gmt":"2018-05-02T05:09:22","guid":{"rendered":"http:\/\/www.diarioimagen.net\/?p=374388"},"modified":"2018-05-01T23:52:44","modified_gmt":"2018-05-02T04:52:44","slug":"ni-uniendose-nos-van-a-ganar-dice-amlo-a-contrincantes","status":"publish","type":"post","link":"https:\/\/www.diarioimagen.net\/?p=374388","title":{"rendered":"Ni uni\u00e9ndose me ganar\u00e1n:  AMLO a sus contrincantes"},"content":{"rendered":"<ul>\n<li><em><strong>\u201cAcepten la realidad\u201d<\/strong><\/em><\/li>\n<li><em><strong>Aplaude Obrador que Coparmex impulse subir salario m\u00ednimo<\/strong><\/em><\/li>\n<\/ul>\n<p>&nbsp;<\/p>\n<div id=\"attachment_374389\" style=\"width: 470px\" class=\"wp-caption aligncenter\"><img loading=\"lazy\" decoding=\"async\" aria-describedby=\"caption-attachment-374389\" class=\"wp-image-374389 size-large\" src=\"http:\/\/www.diarioimagen.net\/wp-content\/uploads\/2018\/05\/AMLO2-portal-460x268.jpg\" alt=\"\" width=\"460\" height=\"268\" srcset=\"https:\/\/www.diarioimagen.net\/wp-content\/uploads\/2018\/05\/AMLO2-portal-460x268.jpg 460w, https:\/\/www.diarioimagen.net\/wp-content\/uploads\/2018\/05\/AMLO2-portal-240x140.jpg 240w, https:\/\/www.diarioimagen.net\/wp-content\/uploads\/2018\/05\/AMLO2-portal.jpg 480w\" sizes=\"auto, (max-width: 460px) 100vw, 460px\" \/><p id=\"caption-attachment-374389\" class=\"wp-caption-text\">Andr\u00e9s Manuel L\u00f3pez Obrador encabez\u00f3 un acto de campa\u00f1a en la sierra de Zongolica, Veracruz, una de las zonas m\u00e1s pobres del pa\u00eds.<\/p><\/div>\n<p>&nbsp;<\/p>\n<p>Andr\u00e9s Manuel L\u00f3pez Obrador, candidato presidencial de la coalici\u00f3n Juntos Haremos Historia, pidi\u00f3 a sus contrincantes aceptar la realidad, respetar la elecci\u00f3n y perder con dignidad, ante la posibilidad de un acuerdo entre sus rivales.<\/p>\n<p>\u201cNi uni\u00e9ndose nos van a ganar\u201d, asegur\u00f3 en un mitin celebrado en la plaza municipal de Zongolica, Veracruz.<\/p>\n<p>L\u00f3pez Obrador asegur\u00f3 que hace un mes se reunieron varios empresarios con el panista Ricardo Anaya para impulsar un acuerdo con el gobierno de Enrique Pe\u00f1a Nieto y el candidato del PRI, Jos\u00e9 Antonio Meade, con el fin de frenar el triunfo de Morena.<\/p>\n<p>Acus\u00f3 a los empresarios mineros Germ\u00e1n Larrea y Alberto Bailleres; al due\u00f1o de Cin\u00e9polis, Alejandro Ram\u00edrez, y al due\u00f1o de Grupo Lala, Eduardo Tricio, de formar parte de esa estrategia. Sin embargo, augur\u00f3 que ese acuerdo no les va a funcionar.<\/p>\n<p>\u201cLos pri\u00edstas que apoyan a Meade se vendr\u00edan con nosotros\u201d, asegur\u00f3, \u201cy lo mismo los panistas, los que apoyan a Anaya se vendr\u00edan con Morena\u201d. En referencia directa al candidato del PRI, el tabasque\u00f1o le sugiri\u00f3 seguir en su campa\u00f1a, perder con dignidad.<\/p>\n<p>\u201cPorque adem\u00e1s, Anaya no representa nada. No crece\u201d, expuso. AMLO pidi\u00f3 a sus opositores, y a quienes buscan evitar que llegue al poder, que est\u00e9n tranquilos, pues no va a perseguirlos. \u201cNo es mi fuerte la venganza. Lo \u00fanico que no les va a gustar es que ya no van a seguir robando, y ya no van a tener el privilegio de mandar\u201d.<\/p>\n<p style=\"text-align: center;\"><strong>Aplaude que Coparmex <\/strong><strong>impulse subir salario m\u00ednimo<\/strong><\/p>\n<p>L\u00f3pez Obrador felicit\u00f3 a la Coparmex por impulsar un \u201cincremento extraordinario\u201d del salario m\u00ednimo a cerca de 100 pesos.<\/p>\n<p>Al encabezar un acto de campa\u00f1a en la sierra de Zongolica, el candidato presidencial de la coalici\u00f3n Juntos Haremos Historia revel\u00f3 que respalda la propuesta que hizo llegar la agrupaci\u00f3n en raz\u00f3n de que \u201ces muy significativo\u201d que sea el sector empresarial el que promueva la medida, con el objetivo de alcanzar los est\u00e1ndares m\u00ednimos de alimentaci\u00f3n que recomienda el CONEVAL.<\/p>\n<p>Me consultaron y les respond\u00ed que estaba de acuerdo y que adem\u00e1s felicitaba a la Coparmex por tomar esta iniciativa; muchas veces durante este periodo de pol\u00edtica neoliberal, los empresarios han querido, aunque parezca incre\u00edble, aumentar el salario y se los han prohibido de Hacienda porque, supuestamente, les afectan las estimaciones sobre inflaci\u00f3n; desde luego, esto ha sido una excusa y el salario m\u00ednimo no alcanza ni para lo m\u00e1s indispensable\u201d detall\u00f3 en entrevista al finalizar el acto de campa\u00f1a.<\/p>\n<p>Al hacer notar que el salario m\u00ednimo en el pa\u00eds es de los m\u00e1s bajos en el mundo, el candidato presidencial estim\u00f3 que, si bien el incremento a poco m\u00e1s de 98 pesos es a\u00fan insuficiente desde su punto de vista, hay que reconocer que su deterioro en las \u00faltimas tres d\u00e9cadas ha \u201csido tremendo\u201d y por ello hay que entender que su recuperaci\u00f3n debe ser gradual.<\/p>\n<p>En ese sentido, estim\u00f3 que, de ser el futuro presidente de M\u00e9xico, impulsar\u00e1 dicha recuperaci\u00f3n y nunca el salario va a estar abajo de la inflaci\u00f3n<\/p>\n<p>\u201cEn el caso de la zona fronteriza desde enero aumenta el salario m\u00ednimo al doble y vamos a recuperar el salario en 20 o 30 por ciento de lo que ha perdido, muy responsablemente en 30 o 30 por ciento en t\u00e9rminos reales\u201d.<\/p>\n<p>Para L\u00f3pez Obrador, el salario m\u00ednimo de los trabajadores deber\u00eda de partir de los 200 pesos; sin embargo, aclar\u00f3 que en el aumento al salario de los trabajadores del gobierno, este \u00faltimo es el que decide y en el caso de los trabajadores de la iniciativa privada, los incrementos son producto de un acuerdo entre trabajadores, empresarios y gobierno.<\/p>\n<p>\u201cPero si ya la iniciativa privada est\u00e1 aceptando, esto va ayudar mucho\u201d recalc\u00f3.<\/p>\n<p>En cuanto a que se dej\u00f3 para despu\u00e9s de las elecciones retirar el fuero a los altos funcionarios p\u00fablicos, L\u00f3pez Obrador respondi\u00f3 que los legisladores \u201clo pensaron mejor\u201d porque hay otros intereses de parte de los integrantes de la mafia del poder.<\/p>\n","protected":false},"excerpt":{"rendered":"<p>Andr\u00e9s Manuel L\u00f3pez Obrador, candidato presidencial de la coalici\u00f3n Juntos Haremos Historia, pidi\u00f3 a sus contrincantes aceptar la realidad, respetar la elecci\u00f3n y perder con dignidad, ante la posibilidad de un acuerdo entre sus rivales.<\/p>\n","protected":false},"author":5,"featured_media":374389,"comment_status":"open","ping_status":"open","sticky":false,"template":"","format":"standard","meta":{"_monsterinsights_skip_tracking":false,"_monsterinsights_sitenote_active":false,"_monsterinsights_sitenote_note":"","_monsterinsights_sitenote_category":0,"footnotes":""},"categories":[3],"tags":[72694,2545,1352,73173,73125,43673,73174,52,73124,73123],"class_list":["post-374388","post","type-post","status-publish","format-standard","has-post-thumbnail","hentry","category-nacional","tag-alejandro-ramirez","tag-amlo","tag-andres-manuel-lopez-obrador","tag-contrincantes","tag-german-larrea-y-alberto-bailleres-al-dueno-de-cinepolis","tag-nacional","tag-uniendose","tag-veracruz","tag-zongolica","tag-acepten-la-realidad"],"_links":{"self":[{"href":"https:\/\/www.diarioimagen.net\/index.php?rest_route=\/wp\/v2\/posts\/374388","targetHints":{"allow":["GET"]}}],"collection":[{"href":"https:\/\/www.diarioimagen.net\/index.php?rest_route=\/wp\/v2\/posts"}],"about":[{"href":"https:\/\/www.diarioimagen.net\/index.php?rest_route=\/wp\/v2\/types\/post"}],"author":[{"embeddable":true,"href":"https:\/\/www.diarioimagen.net\/index.php?rest_route=\/wp\/v2\/users\/5"}],"replies":[{"embeddable":true,"href":"https:\/\/www.diarioimagen.net\/index.php?rest_route=%2Fwp%2Fv2%2Fcomments&post=374388"}],"version-history":[{"count":0,"href":"https:\/\/www.diarioimagen.net\/index.php?rest_route=\/wp\/v2\/posts\/374388\/revisions"}],"wp:featuredmedia":[{"embeddable":true,"href":"https:\/\/www.diarioimagen.net\/index.php?rest_route=\/wp\/v2\/media\/374389"}],"wp:attachment":[{"href":"https:\/\/www.diarioimagen.net\/index.php?rest_route=%2Fwp%2Fv2%2Fmedia&parent=374388"}],"wp:term":[{"taxonomy":"category","embeddable":true,"href":"https:\/\/www.diarioimagen.net\/index.php?rest_route=%2Fwp%2Fv2%2Fcategories&post=374388"},{"taxonomy":"post_tag","embeddable":true,"href":"https:\/\/www.diarioimagen.net\/index.php?rest_route=%2Fwp%2Fv2%2Ftags&post=374388"}],"curies":[{"name":"wp","href":"https:\/\/api.w.org\/{rel}","templated":true}]}}