{"id":374435,"date":"2018-05-02T00:10:44","date_gmt":"2018-05-02T05:10:44","guid":{"rendered":"http:\/\/www.diarioimagen.net\/?p=374435"},"modified":"2018-05-02T23:28:36","modified_gmt":"2018-05-03T04:28:36","slug":"no-cederemos-el-pais-a-quien-destruye-instituciones-meade","status":"publish","type":"post","link":"https:\/\/www.diarioimagen.net\/?p=374435","title":{"rendered":"No cederemos el pa\u00eds a quien destruye instituciones: Meade"},"content":{"rendered":"<ul>\n<li><strong><em>Pide el apoyo de los mexiquenses<\/em><\/strong><\/li>\n<\/ul>\n<h6>Jos\u00e9 Luis Monta\u00f1ez<\/h6>\n<p>&nbsp;<\/p>\n<div id=\"attachment_374517\" style=\"width: 470px\" class=\"wp-caption aligncenter\"><a href=\"http:\/\/www.diarioimagen.net\/?attachment_id=374517\" rel=\"attachment wp-att-374517\"><img loading=\"lazy\" decoding=\"async\" aria-describedby=\"caption-attachment-374517\" class=\"size-large wp-image-374517\" src=\"http:\/\/www.diarioimagen.net\/wp-content\/uploads\/2018\/05\/meade-3358-460x259.jpg\" alt=\"\" width=\"460\" height=\"259\" srcset=\"https:\/\/www.diarioimagen.net\/wp-content\/uploads\/2018\/05\/meade-3358-460x259.jpg 460w, https:\/\/www.diarioimagen.net\/wp-content\/uploads\/2018\/05\/meade-3358-240x135.jpg 240w, https:\/\/www.diarioimagen.net\/wp-content\/uploads\/2018\/05\/meade-3358-235x132.jpg 235w, https:\/\/www.diarioimagen.net\/wp-content\/uploads\/2018\/05\/meade-3358-202x114.jpg 202w, https:\/\/www.diarioimagen.net\/wp-content\/uploads\/2018\/05\/meade-3358-350x196.jpg 350w, https:\/\/www.diarioimagen.net\/wp-content\/uploads\/2018\/05\/meade-3358-220x123.jpg 220w, https:\/\/www.diarioimagen.net\/wp-content\/uploads\/2018\/05\/meade-3358-237x132.jpg 237w, https:\/\/www.diarioimagen.net\/wp-content\/uploads\/2018\/05\/meade-3358.jpg 480w\" sizes=\"auto, (max-width: 460px) 100vw, 460px\" \/><\/a><p id=\"caption-attachment-374517\" class=\"wp-caption-text\">Jos\u00e9 Antonio Meade pidi\u00f3 apoyo al pri\u00edsmo mexiquense, al cual calific\u00f3 de ej\u00e9rcito invencible, para ganar la elecci\u00f3n presidencial.<\/p><\/div>\n<p>&nbsp;<\/p>\n<p>Arropado por mexiquenses pri\u00edstas, Jos\u00e9 Antonio Meade Kuribre\u00f1a, candidato presidencial de la coalici\u00f3n Todos por M\u00e9xico, se\u00f1al\u00f3 que no entregar\u00e1n el pa\u00eds a quien destruye inversiones, instituciones y divide al pa\u00eds.<\/p>\n<p>\u201cNo vamos a entregarle el pa\u00eds a quien destruye inversiones\u201d, mencion\u00f3.<\/p>\n<p>\u201cLe apostamos en esta elecci\u00f3n a las instituciones, le apostamos a construir y no a destruir\u201d.<\/p>\n<p>En un acto masivo realizado en el municipio de Coacalco, Estado de M\u00e9xico, pidi\u00f3 apoyo al pri\u00edsmo mexiquense, al cual calific\u00f3 de ej\u00e9rcito invencible, para ganar la elecci\u00f3n presidencial.<\/p>\n<p>Haciendo suyo el lema \u201cFuerte y con Todo\u201d, el ex secretario de Hacienda elogi\u00f3 a pri\u00edstas c\u00e9lebres de la entidad, como el finado l\u00edder sindical Fidel Vel\u00e1zquez y el actual gobernador, Alfredo del Mazo, quien hizo acto de presencia en el evento.<\/p>\n<p>\u201cTenemos aqu\u00ed cerca la vibra de un trabajador ejemplar, que naci\u00f3 en Nicol\u00e1s Romero, Fidel Vel\u00e1zquez\u201d, dijo Meade al conmemorar el D\u00eda del Trabajo.<\/p>\n<p>Frente a miles de simpatizantes, el candidato presidencial pidi\u00f3 redoblar esfuerzos con la finalidad de ganar las elecciones federales y las elecciones para renovar ayuntamientos y diputaciones locales.<\/p>\n<p>\u201cEste ej\u00e9rcito no conoce la derrota, este ej\u00e9rcito s\u00f3lo sabe ganar\u201d, mencion\u00f3.<\/p>\n<p>A trav\u00e9s de docenas de autobuses, camiones y combis, los simpatizantes del ex Secretario de Hacienda fueron movilizados desde distintos municipios del Estado de M\u00e9xico, como Ecatepec y Nicol\u00e1s Romero.<\/p>\n<p style=\"text-align: center;\"><strong>Ofrece seguridad social a trabajadoras del hogar<\/strong><\/p>\n<p>Al conmemorar el D\u00eda Internacional del Trabajo, el candidato ofreci\u00f3 seguridad social a las casi tres millones de trabajadoras del hogar.<\/p>\n<p>En su cuenta twitter @JoseAMeadek, plante\u00f3 facilitar que los j\u00f3venes puedan estudiar y trabajar a la vez con m\u00e1s becas y capacitaci\u00f3n en la pr\u00e1ctica laboral.<\/p>\n<p>Refrend\u00f3, adem\u00e1s, guarder\u00edas y escuelas de tiempo completo en apoyo a madres trabajadoras.<\/p>\n<p>Tambi\u00e9n ofreci\u00f3 m\u00e1s empleos y mejor pagados; salarios justos; equidad salarial entre hombres y mujeres; casas de d\u00eda para adultos mayores y hospitales funcionando al cien.<\/p>\n<p>En otro tuit, Meade Kuribre\u00f1a destac\u00f3 que para crear m\u00e1s empleos, mejor pagados y con seguridad social, se necesita m\u00e1s inversi\u00f3n, que se alienta con estabilidad econ\u00f3mica y seguridad jur\u00eddica. \u201cYo s\u00e9 c\u00f3mo hacerlo. Esto no es de ocurrencias ni de amenazas constantes de expropiaci\u00f3n\u201d.<\/p>\n<p>\u201cEn el #D\u00edaDelTrabajo #YoMero me comprometo a fomentar el trabajo digno a partir de la inversi\u00f3n, la productividad, la seguridad y previsi\u00f3n social, en pleno equilibrio entre los factores de la producci\u00f3n\u201d, escribi\u00f3 en la red social.<\/p>\n","protected":false},"excerpt":{"rendered":"<p><span style=\"color: #005497;\">Jos\u00e9 Luis Monta\u00f1ez<\/span><br \/>\n<br \/>\nArropado por mexiquenses pri\u00edstas, Jos\u00e9 Antonio Meade Kuribre\u00f1a, candidato presidencial de la coalici\u00f3n Todos por M\u00e9xico, se\u00f1al\u00f3 que no entregar\u00e1n el pa\u00eds a quien destruye inversiones, instituciones y divide al pa\u00eds.<\/p>\n","protected":false},"author":3,"featured_media":374517,"comment_status":"open","ping_status":"open","sticky":false,"template":"","format":"standard","meta":{"_monsterinsights_skip_tracking":false,"_monsterinsights_sitenote_active":false,"_monsterinsights_sitenote_note":"","_monsterinsights_sitenote_category":0,"footnotes":""},"categories":[3],"tags":[73176,73175,26429,43673,4430],"class_list":["post-374435","post","type-post","status-publish","format-standard","has-post-thumbnail","hentry","category-nacional","tag-cederemos","tag-destruye","tag-jose-antonio-meade-kuribrena","tag-nacional","tag-pais"],"_links":{"self":[{"href":"https:\/\/www.diarioimagen.net\/index.php?rest_route=\/wp\/v2\/posts\/374435","targetHints":{"allow":["GET"]}}],"collection":[{"href":"https:\/\/www.diarioimagen.net\/index.php?rest_route=\/wp\/v2\/posts"}],"about":[{"href":"https:\/\/www.diarioimagen.net\/index.php?rest_route=\/wp\/v2\/types\/post"}],"author":[{"embeddable":true,"href":"https:\/\/www.diarioimagen.net\/index.php?rest_route=\/wp\/v2\/users\/3"}],"replies":[{"embeddable":true,"href":"https:\/\/www.diarioimagen.net\/index.php?rest_route=%2Fwp%2Fv2%2Fcomments&post=374435"}],"version-history":[{"count":0,"href":"https:\/\/www.diarioimagen.net\/index.php?rest_route=\/wp\/v2\/posts\/374435\/revisions"}],"wp:featuredmedia":[{"embeddable":true,"href":"https:\/\/www.diarioimagen.net\/index.php?rest_route=\/wp\/v2\/media\/374517"}],"wp:attachment":[{"href":"https:\/\/www.diarioimagen.net\/index.php?rest_route=%2Fwp%2Fv2%2Fmedia&parent=374435"}],"wp:term":[{"taxonomy":"category","embeddable":true,"href":"https:\/\/www.diarioimagen.net\/index.php?rest_route=%2Fwp%2Fv2%2Fcategories&post=374435"},{"taxonomy":"post_tag","embeddable":true,"href":"https:\/\/www.diarioimagen.net\/index.php?rest_route=%2Fwp%2Fv2%2Ftags&post=374435"}],"curies":[{"name":"wp","href":"https:\/\/api.w.org\/{rel}","templated":true}]}}