{"id":374579,"date":"2018-05-03T00:09:47","date_gmt":"2018-05-03T05:09:47","guid":{"rendered":"http:\/\/www.diarioimagen.net\/?p=374579"},"modified":"2018-05-03T23:13:53","modified_gmt":"2018-05-04T04:13:53","slug":"garantiza-segob-la-seguridad-en-las-proximas-elecciones","status":"publish","type":"post","link":"https:\/\/www.diarioimagen.net\/?p=374579","title":{"rendered":"Garantiza Gobernaci\u00f3n seguridad en comicios"},"content":{"rendered":"<ul>\n<li><em><strong>Objetivo prioritario para el gobierno federal<\/strong><\/em><\/li>\n<li><em><strong>Bienvenida a las expresiones de todos los sectores: Navarrete<\/strong><\/em><\/li>\n<\/ul>\n<h6>Jos\u00e9 Luis Monta\u00f1ez<\/h6>\n<p>&nbsp;<\/p>\n<div id=\"attachment_374580\" style=\"width: 470px\" class=\"wp-caption aligncenter\"><img loading=\"lazy\" decoding=\"async\" aria-describedby=\"caption-attachment-374580\" class=\"wp-image-374580 size-large\" src=\"http:\/\/www.diarioimagen.net\/wp-content\/uploads\/2018\/05\/SEGOB3-PORTAL-460x268.jpg\" alt=\"\" width=\"460\" height=\"268\" srcset=\"https:\/\/www.diarioimagen.net\/wp-content\/uploads\/2018\/05\/SEGOB3-PORTAL-460x268.jpg 460w, https:\/\/www.diarioimagen.net\/wp-content\/uploads\/2018\/05\/SEGOB3-PORTAL-240x140.jpg 240w, https:\/\/www.diarioimagen.net\/wp-content\/uploads\/2018\/05\/SEGOB3-PORTAL.jpg 480w\" sizes=\"auto, (max-width: 460px) 100vw, 460px\" \/><p id=\"caption-attachment-374580\" class=\"wp-caption-text\">Alfonso Navarrete Prida inaugur\u00f3 la 59 Semana Nacional de la Industria de la Radio y la Televisi\u00f3n.<\/p><\/div>\n<p>&nbsp;<\/p>\n<p>La libertad y la seguridad en las elecciones est\u00e1 garantizada para llegar al 1 de julio a unos comicios copiosos y transparentes, en los cuales los mexicanos decidan libremente su futuro, afirm\u00f3 el secretario de Gobernaci\u00f3n, Alfonso Navarrete Prida.<\/p>\n<p>Entrevistado luego de inaugurar la 59 Semana Nacional de la Industria de la Radio y la Televisi\u00f3n, el funcionario sostuvo que ese es un objetivo prioritario para el gobierno federal.<\/p>\n<p>Por eso, hemos tenidos tantas reuniones con partidos pol\u00edticos, organizaciones de la sociedad civil, gobiernos municipales y el Instituto Nacional Electoral (INE) para \u201ctener una elecciones copiosas\u201d.<\/p>\n<p>En ese sentido, dio la bienvenida a las expresiones de todos los sectores, como el empresarial, los sindicatos, trabajadores y en general de cualquier mexicano, siempre y cuando se conduzcan dentro de los cauces constitucionales y con respeto a los derechos de terceros.<\/p>\n<p>Es positivo, dijo, que los empresarios se expresen y de manera abierta pongan sus puntos de vista sobre la mesa, aunque esto debe ocurrir en paz, con respeto y dentro del marco de la ley.<\/p>\n<p>Navarrete Prida dijo que contrastar ideas es positivo pero \u201cusar contrastes para generar temor en la poblaci\u00f3n no creo que sea la mejor forma de conducirnos en democracia\u201d.<\/p>\n<p>Respecto a temas de seguridad p\u00fablica, reconoci\u00f3 que \u201cestamos recibiendo embates de un M\u00e9xico violento y lo que tenemos que dar son respuestas con la ley\u201d y a\u00f1adi\u00f3 que aunque hay temas estructurales que atender, eso no debe ser pretexto para no enfrentar la delincuencia.<\/p>\n<p>Al referirse al operativo Escudo Tit\u00e1n, que si bien al principio dio muy buenos resultados al reducir hasta 13 por ciento en promedio los \u00edndices delictivos, dijo que ahora es necesario ajustarlo porque la delincuencia \u201cha evolucionado\u201d.<\/p>\n<p>Sobre al incidente en Tamaulipas donde se vieron involucrados elementos de la Polic\u00eda Federal, dijo que se seguir\u00e1 la investigaci\u00f3n correspondiente y se tomar\u00e1n decisiones y resoluciones administrativas o penales, si se llega a encontrar responsabilidad en este caso.<\/p>\n<p>Esta es la mejor forma de que se entienda que las autoridades est\u00e1n para servir a la sociedad y coordinarse en los tres niveles de gobierno, \u201cno para bloquearnos o confrontarnos\u201d, asever\u00f3.<\/p>\n","protected":false},"excerpt":{"rendered":"<p><span style=\"color: #005497;\">Jos\u00e9 Luis Monta\u00f1ez<\/span><br \/>\n<br \/>\nLa libertad y la seguridad en las elecciones est\u00e1 garantizada para llegar al 1 de julio a unos comicios copiosos y transparentes, en los cuales los mexicanos decidan libremente su futuro, afirm\u00f3 el secretario de Gobernaci\u00f3n, Alfonso Navarrete Prida.<\/p>\n","protected":false},"author":5,"featured_media":374580,"comment_status":"open","ping_status":"open","sticky":false,"template":"","format":"standard","meta":{"_monsterinsights_skip_tracking":false,"_monsterinsights_sitenote_active":false,"_monsterinsights_sitenote_note":"","_monsterinsights_sitenote_category":0,"footnotes":""},"categories":[3],"tags":[11708,5550,73240,43673,73196,71250,442,43677],"class_list":["post-374579","post","type-post","status-publish","format-standard","has-post-thumbnail","hentry","category-nacional","tag-alfonso-navarrete-prida","tag-comicios","tag-garantiza","tag-nacional","tag-objetivo-prioritario","tag-proximas-elecciones","tag-secretaria-de-gobernacion","tag-seguridad"],"_links":{"self":[{"href":"https:\/\/www.diarioimagen.net\/index.php?rest_route=\/wp\/v2\/posts\/374579","targetHints":{"allow":["GET"]}}],"collection":[{"href":"https:\/\/www.diarioimagen.net\/index.php?rest_route=\/wp\/v2\/posts"}],"about":[{"href":"https:\/\/www.diarioimagen.net\/index.php?rest_route=\/wp\/v2\/types\/post"}],"author":[{"embeddable":true,"href":"https:\/\/www.diarioimagen.net\/index.php?rest_route=\/wp\/v2\/users\/5"}],"replies":[{"embeddable":true,"href":"https:\/\/www.diarioimagen.net\/index.php?rest_route=%2Fwp%2Fv2%2Fcomments&post=374579"}],"version-history":[{"count":0,"href":"https:\/\/www.diarioimagen.net\/index.php?rest_route=\/wp\/v2\/posts\/374579\/revisions"}],"wp:featuredmedia":[{"embeddable":true,"href":"https:\/\/www.diarioimagen.net\/index.php?rest_route=\/wp\/v2\/media\/374580"}],"wp:attachment":[{"href":"https:\/\/www.diarioimagen.net\/index.php?rest_route=%2Fwp%2Fv2%2Fmedia&parent=374579"}],"wp:term":[{"taxonomy":"category","embeddable":true,"href":"https:\/\/www.diarioimagen.net\/index.php?rest_route=%2Fwp%2Fv2%2Fcategories&post=374579"},{"taxonomy":"post_tag","embeddable":true,"href":"https:\/\/www.diarioimagen.net\/index.php?rest_route=%2Fwp%2Fv2%2Ftags&post=374579"}],"curies":[{"name":"wp","href":"https:\/\/api.w.org\/{rel}","templated":true}]}}