{"id":374652,"date":"2018-05-03T00:07:47","date_gmt":"2018-05-03T05:07:47","guid":{"rendered":"http:\/\/www.diarioimagen.net\/?p=374652"},"modified":"2018-05-03T23:12:30","modified_gmt":"2018-05-04T04:12:30","slug":"nadie-negocia-conmigo-yo-soy-el-presidente-epn","status":"publish","type":"post","link":"https:\/\/www.diarioimagen.net\/?p=374652","title":{"rendered":"Nadie negocia conmigo, yo soy el Presidente: EPN"},"content":{"rendered":"<ul>\n<li><em><strong>Rechaza intromisi\u00f3n en proceso electoral<\/strong><\/em><\/li>\n<li><em><strong>Niega supuesto arreglo con Anaya, como acusa L\u00f3pez Obrador<\/strong><\/em><\/li>\n<\/ul>\n<p>&nbsp;<\/p>\n<div id=\"attachment_374739\" style=\"width: 470px\" class=\"wp-caption aligncenter\"><a href=\"http:\/\/www.diarioimagen.net\/?attachment_id=374739\" rel=\"attachment wp-att-374739\"><img loading=\"lazy\" decoding=\"async\" aria-describedby=\"caption-attachment-374739\" class=\"size-large wp-image-374739\" src=\"http:\/\/www.diarioimagen.net\/wp-content\/uploads\/2018\/05\/epn-3359-460x259.jpg\" alt=\"\" width=\"460\" height=\"259\" srcset=\"https:\/\/www.diarioimagen.net\/wp-content\/uploads\/2018\/05\/epn-3359-460x259.jpg 460w, https:\/\/www.diarioimagen.net\/wp-content\/uploads\/2018\/05\/epn-3359-240x135.jpg 240w, https:\/\/www.diarioimagen.net\/wp-content\/uploads\/2018\/05\/epn-3359-235x132.jpg 235w, https:\/\/www.diarioimagen.net\/wp-content\/uploads\/2018\/05\/epn-3359-202x114.jpg 202w, https:\/\/www.diarioimagen.net\/wp-content\/uploads\/2018\/05\/epn-3359-350x196.jpg 350w, https:\/\/www.diarioimagen.net\/wp-content\/uploads\/2018\/05\/epn-3359-220x123.jpg 220w, https:\/\/www.diarioimagen.net\/wp-content\/uploads\/2018\/05\/epn-3359-237x132.jpg 237w, https:\/\/www.diarioimagen.net\/wp-content\/uploads\/2018\/05\/epn-3359.jpg 480w\" sizes=\"auto, (max-width: 460px) 100vw, 460px\" \/><\/a><p id=\"caption-attachment-374739\" class=\"wp-caption-text\">El presidente Enrique Pe\u00f1a Nieto inaugur\u00f3 la Cumbre de Financiamiento a la Vivienda Infonavit 2018, en un hotel de la colonia Polanco.<\/p><\/div>\n<p>&nbsp;<\/p>\n<p>Enrique Pe\u00f1a Nieto reiter\u00f3 que nadie negocia con el Presidente, por lo que es falso que exista una negociaci\u00f3n con el candidato de la coalici\u00f3n Por M\u00e9xico al Frente, Ricardo Anaya, para que Jos\u00e9 Antonio Meade decline a su favor, como acus\u00f3 Andr\u00e9s Manuel L\u00f3pez Obrador.<\/p>\n<p>Entrevistado luego de inaugurar la Cumbre de Financiamiento a la Vivienda Infonavit 2018, asever\u00f3 que est\u00e1n equivocados quienes ven ese escenario y aprovech\u00f3 para reiterar que no interviene en el proceso electoral por estar concentrado en el t\u00e9rmino de su gesti\u00f3n.<\/p>\n<p>Nadie negocia conmigo. Yo soy presidente, los candidatos y sus campa\u00f1as corren en otro camino. Yo voy en otro camino, yo soy presidente de la Rep\u00fablica, estoy dedicado a trabajar y cerrar bien mi administraci\u00f3n\u201d, ataj\u00f3 ante cuestionamientos de reporteros.<\/p>\n<p>El jefe del Ejecutivo no respondi\u00f3 sobre un posible ajuste en su gabinete con la salida de funcionarios que ir\u00edan a reforzar la campa\u00f1a del candidato de la coalici\u00f3n Todos por M\u00e9xico.<\/p>\n<p>Respecto a la reuni\u00f3n que sostuvo con legisladores federales del PRI, Nueva Alianza y Partido Verde, se\u00f1al\u00f3 que les agradeci\u00f3 el apoyo a sus iniciativas durante el presente periodo ordinario de sesiones.<\/p>\n<p>No doy instrucciones a los diputados, convivo con ellos, agradezco y reconozco lo que han hecho, el apoyo que han dado a distintas iniciativas, y fue una reuni\u00f3n la raz\u00f3n de acompa\u00f1arles a dos convivencias que ellos tuvieron de mi partido y de otras fuerzas aliadas. De hacerles un reconocimiento y mi gratitud por el apoyo que hicieron a distintas iniciativas que fueron enviadas desde el ejecutivo y que ellos respaldaron y apoyaron\u00a0 Esa fue la raz\u00f3n de reunirme con ellos\u201d.<\/p>\n<p style=\"text-align: center;\"><strong>Entorno econ\u00f3mico favorece\u00a0<\/strong><strong>incremento en cr\u00e9ditos Infonavit<\/strong><\/p>\n<p>Durante la Cumbre de Financiamiento a la Vivienda Infonavit 2018, el mandatario recalc\u00f3 que el que uno de cada tres cr\u00e9ditos otorgados por este instituto en su historia, se haya otorgado en esta administraci\u00f3n, \u201cno es fortuito y no es porque el Instituto haya decidido otorgar m\u00e1s cr\u00e9ditos a diestra y siniestra\u201d.<\/p>\n<p>Record\u00f3 que el monto m\u00e1ximo de cr\u00e9dito para los derechohabientes del Infonavit pas\u00f3 de poco m\u00e1s de 500 mil pesos en 2012 a casi el doble en 2016, es decir 960 mil pesos, mientras que el a\u00f1o pasado tuvo un nuevo ajuste para fijar el l\u00edmite de cr\u00e9dito a 1.7 millones de pesos.<\/p>\n<p>Destac\u00f3 que esto ha sido posible \u201cgracias a un entorno econ\u00f3mico estable, gracias a que hoy tenemos mayor generaci\u00f3n de empleos, gracias a que hemos venido creciendo econ\u00f3micamente, gracias a que el consumo se ha incrementado\u201d.<\/p>\n<p>Asimismo, debido a que la banca privada se ha consolidado y se ha robustecido y que hoy tiene niveles y capacidad para poder otorgar estos cr\u00e9ditos, y gracias a que hay una mayor competencia entre las instituciones crediticias que favorecen a los trabajadores y a la poblaci\u00f3n en general que accede al cr\u00e9dito\u201d.<\/p>\n<p>Acompa\u00f1ado por los secretarios de Hacienda, Jos\u00e9 Antonio Gonz\u00e1lez Anaya; de Desarrollo Agrario Territorial y Urbano, Rosario Robles, y el director del Instituto del Fondo Nacional de la Vivienda para los Trabajadores (Infonavit), David Penchyna, dijo que estas condiciones han sentado las bases para que fluya un mayor nivel de cr\u00e9dito y que \u00e9ste sea m\u00e1s barato.<\/p>\n<p>Luego de entregar el cr\u00e9dito 10 millones, en 46 a\u00f1os de existencia, a Jorge Eduardo Bonillo Gonz\u00e1lez, el jefe del Ejecutivo federal dijo que de esa cifra, tres millones se han otorgado durante su administraci\u00f3n, y que de acuerdo con las proyecciones el sexenio finalizar\u00e1 con 3.5 millones.<\/p>\n<p>Indic\u00f3 que el a\u00f1o pasado el Infonavit pas\u00f3 de financiar vivienda por un monto de casi 170 mil millones de pesos a 250 mil millones de pesos, con recursos que \u201cno provienen del Presupuesto de Egresos de la Federaci\u00f3n.<\/p>\n<p>Pe\u00f1a Nieto dej\u00f3 en claro que este monto \u201cno viene del presupuesto, no son recursos fiscales, es la administraci\u00f3n que hace el Infonavit de los recursos de los trabajadores y de la aportaci\u00f3n que hace el trabajador y que hacen los patrones\u201d, y que las cifras son reflejo de un mercado laboral que ha tenido un crecimiento sin precedentes.<\/p>\n<p>Adem\u00e1s, enfatiz\u00f3 que gracias a la solidez financiera del Instituto fue posible otorgar el dividendo extraordinario que se anunci\u00f3 en diciembre pasado, por el que por cada 100 pesos que destine el trabajador a su subcuenta de vivienda, recibe 8.3 pesos m\u00e1s.<\/p>\n<p>De igual manera, dijo que su administraci\u00f3n apoya a quienes tienen una percepci\u00f3n m\u00e1s baja y que antes no pod\u00edan acceder a un cr\u00e9dito, pues hoy a quienes tienen un ingreso menor a 2.5 salarios m\u00ednimos, que son cerca de dos millones de trabajadores, el gobierno otorga un subsidio de 100.000 mil pesos, lo que es una tercera parte del nivel del cr\u00e9dito al que tienen acceso.<\/p>\n","protected":false},"excerpt":{"rendered":"<p>Enrique Pe\u00f1a Nieto reiter\u00f3 que nadie negocia con el Presidente, por lo que es falso que exista una negociaci\u00f3n con el candidato de la coalici\u00f3n Por M\u00e9xico al Frente, Ricardo Anaya, para que Jos\u00e9 Antonio Meade decline a su favor, como acus\u00f3 Andr\u00e9s Manuel L\u00f3pez Obrador.<\/p>\n","protected":false},"author":3,"featured_media":374739,"comment_status":"open","ping_status":"open","sticky":false,"template":"","format":"standard","meta":{"_monsterinsights_skip_tracking":false,"_monsterinsights_sitenote_active":false,"_monsterinsights_sitenote_note":"","_monsterinsights_sitenote_category":0,"footnotes":""},"categories":[3],"tags":[18,1716,43673,3382],"class_list":["post-374652","post","type-post","status-publish","format-standard","has-post-thumbnail","hentry","category-nacional","tag-enrique-pena-nieto","tag-epn","tag-nacional","tag-presidente"],"_links":{"self":[{"href":"https:\/\/www.diarioimagen.net\/index.php?rest_route=\/wp\/v2\/posts\/374652","targetHints":{"allow":["GET"]}}],"collection":[{"href":"https:\/\/www.diarioimagen.net\/index.php?rest_route=\/wp\/v2\/posts"}],"about":[{"href":"https:\/\/www.diarioimagen.net\/index.php?rest_route=\/wp\/v2\/types\/post"}],"author":[{"embeddable":true,"href":"https:\/\/www.diarioimagen.net\/index.php?rest_route=\/wp\/v2\/users\/3"}],"replies":[{"embeddable":true,"href":"https:\/\/www.diarioimagen.net\/index.php?rest_route=%2Fwp%2Fv2%2Fcomments&post=374652"}],"version-history":[{"count":0,"href":"https:\/\/www.diarioimagen.net\/index.php?rest_route=\/wp\/v2\/posts\/374652\/revisions"}],"wp:featuredmedia":[{"embeddable":true,"href":"https:\/\/www.diarioimagen.net\/index.php?rest_route=\/wp\/v2\/media\/374739"}],"wp:attachment":[{"href":"https:\/\/www.diarioimagen.net\/index.php?rest_route=%2Fwp%2Fv2%2Fmedia&parent=374652"}],"wp:term":[{"taxonomy":"category","embeddable":true,"href":"https:\/\/www.diarioimagen.net\/index.php?rest_route=%2Fwp%2Fv2%2Fcategories&post=374652"},{"taxonomy":"post_tag","embeddable":true,"href":"https:\/\/www.diarioimagen.net\/index.php?rest_route=%2Fwp%2Fv2%2Ftags&post=374652"}],"curies":[{"name":"wp","href":"https:\/\/api.w.org\/{rel}","templated":true}]}}