{"id":375042,"date":"2018-05-07T00:08:57","date_gmt":"2018-05-07T05:08:57","guid":{"rendered":"http:\/\/www.diarioimagen.net\/?p=375042"},"modified":"2018-05-07T03:30:47","modified_gmt":"2018-05-07T08:30:47","slug":"debe-haber-claridad-de-por-que-y-para-que-se-vota-zavala","status":"publish","type":"post","link":"https:\/\/www.diarioimagen.net\/?p=375042","title":{"rendered":"Debe haber claridad de por qu\u00e9 y para qu\u00e9 se vota: Zavala"},"content":{"rendered":"<ul>\n<li><strong><em>Gasta la independiente 241 mil pesos en taxi a\u00e9reo<\/em><\/strong><\/li>\n<\/ul>\n<p>&nbsp;<\/p>\n<div id=\"attachment_375166\" style=\"width: 470px\" class=\"wp-caption aligncenter\"><a href=\"http:\/\/www.diarioimagen.net\/?attachment_id=375166\" rel=\"attachment wp-att-375166\"><img loading=\"lazy\" decoding=\"async\" aria-describedby=\"caption-attachment-375166\" class=\"size-large wp-image-375166\" src=\"http:\/\/www.diarioimagen.net\/wp-content\/uploads\/2018\/05\/ZAVALA-3361-460x259.jpg\" alt=\"\" width=\"460\" height=\"259\" srcset=\"https:\/\/www.diarioimagen.net\/wp-content\/uploads\/2018\/05\/ZAVALA-3361-460x259.jpg 460w, https:\/\/www.diarioimagen.net\/wp-content\/uploads\/2018\/05\/ZAVALA-3361-240x135.jpg 240w, https:\/\/www.diarioimagen.net\/wp-content\/uploads\/2018\/05\/ZAVALA-3361-235x132.jpg 235w, https:\/\/www.diarioimagen.net\/wp-content\/uploads\/2018\/05\/ZAVALA-3361-202x114.jpg 202w, https:\/\/www.diarioimagen.net\/wp-content\/uploads\/2018\/05\/ZAVALA-3361-350x196.jpg 350w, https:\/\/www.diarioimagen.net\/wp-content\/uploads\/2018\/05\/ZAVALA-3361-220x123.jpg 220w, https:\/\/www.diarioimagen.net\/wp-content\/uploads\/2018\/05\/ZAVALA-3361-237x132.jpg 237w, https:\/\/www.diarioimagen.net\/wp-content\/uploads\/2018\/05\/ZAVALA-3361.jpg 480w\" sizes=\"auto, (max-width: 460px) 100vw, 460px\" \/><\/a><p id=\"caption-attachment-375166\" class=\"wp-caption-text\">Margarita Zavala utiliz\u00f3 un taxi a\u00e9reo para llegar a Tampico y realizar su gira proselitista.<\/p><\/div>\n<p>&nbsp;<\/p>\n<p>Las decisiones de un pa\u00eds siempre tienen que ver con su pasado, por ello es importante que los ciudadanos tengan claridad de por qu\u00e9 se vota y para qu\u00e9 se vota, sobre todo en estos tiempos en que M\u00e9xico vive un enorme pragmatismo en sus partidos.<\/p>\n<p>As\u00ed lo subray\u00f3 la candidata independiente a la Presidencia de la Rep\u00fablica, Margarita Zavala, en el marco de la gira de campa\u00f1a que ayer domingo llev\u00f3 a cabo por el estado de Tamaulipas.<\/p>\n<p>En entrevista, luego de sostener un di\u00e1logo ciudadano en un restaurante en Tampico, y previo a acudir a la Plaza Libertad del centro de la ciudad, cuestion\u00f3 \u201cel papelazo que jugaron\u201d los ex presidentes del Partido Acci\u00f3n Nacional (PAN).<\/p>\n<p>Ante la decisi\u00f3n del ex dirigente panista Manuel Espino, de formar parte de la campa\u00f1a del abanderado de la coalici\u00f3n Juntos Haremos Historia, Andr\u00e9s Manuel L\u00f3pez Obrador, y la participaci\u00f3n de Ricardo Anaya en el 29 aniversario del Partido de la Revoluci\u00f3n Democr\u00e1tica (PRD), subray\u00f3 que todo ello \u201ces producto tambi\u00e9n del enorme pragmatismo al que hemos llegado\u201d.<\/p>\n<p>Advirti\u00f3 que se trata de una falta de identidad partidista y de la idea de que \u201cel fin justifica los medios y del hecho de que todo hay que hacerse con tal de ganar, aunque se confundan tanto los valores, las ideas y las convicciones\u201d.<\/p>\n<p>Expuso que es el resultado de no haber dado importancia, en su tiempo, a la cercan\u00eda de los partidos pol\u00edticos a los ciudadanos \u201cy que debimos haber parado el tema de los moches, que debimos haber parado c\u00f3mo se iba dando dinero y m\u00e1s dinero, porque eso hizo que se alejaran de los ciudadanos y que hoy cupiera todo\u201d.<\/p>\n<p>Incluso, sobre el comentario de Germ\u00e1n Mart\u00ednez, que prometi\u00f3 llevar panistas a Morena, consider\u00f3 que el padr\u00f3n del PAN est\u00e1 tan poco cuidado que s\u00ed ser\u00eda posible que eso ocurriera, sobre todo porque se trata de un padr\u00f3n \u201centre inflado y no inflado y poco confiable\u201d.<\/p>\n<p>De hecho, dijo: \u201ccreo que la \u00fanica que est\u00e1 cuidando al PAN soy yo\u201d, en el sentido de que se mantiene fiel a los principios, a su historia y a las convicciones que la llevaron a integrarse a ese instituto pol\u00edtico, aunque descart\u00f3 que vaya a volver a ese partido.<\/p>\n<p style=\"text-align: center;\"><strong>Gasta 241 mil <\/strong><strong>pesos en taxi a\u00e9reo<\/strong><\/p>\n<p>Por otra parte, el vocero de la candidata, Jorge Camacho, inform\u00f3 que el costo total de la renta del taxi a\u00e9reo para trasladarse tuvo un costo de 241 mil pesos.<\/p>\n<p>En entrevista, Camacho inform\u00f3 que el gasto implic\u00f3 el traslado de la ciudad de Toluca a Tampico, primer punto de la gira; Tampico a Matamoros y Matamoros a la Ciudad de M\u00e9xico.<\/p>\n<p>Detall\u00f3 que se contrat\u00f3 con los recursos que la abanderada presidencial ha recaudado producto de las donaciones que los particulares les han otorgado y no con dinero p\u00fablico, pues renunciaron a \u00e9ste financiamiento, a la vez que rechaz\u00f3 que hayan obtenido alg\u00fan descuento por la contrataci\u00f3n de este servicio.<\/p>\n","protected":false},"excerpt":{"rendered":"<p>Las decisiones de un pa\u00eds siempre tienen que ver con su pasado, por ello es importante que los ciudadanos tengan claridad de por qu\u00e9 se vota y para qu\u00e9 se vota, sobre todo en estos tiempos en que M\u00e9xico vive un enorme pragmatismo en sus partidos.<\/p>\n","protected":false},"author":3,"featured_media":375166,"comment_status":"open","ping_status":"open","sticky":false,"template":"","format":"standard","meta":{"_monsterinsights_skip_tracking":false,"_monsterinsights_sitenote_active":false,"_monsterinsights_sitenote_note":"","_monsterinsights_sitenote_category":0,"footnotes":""},"categories":[3],"tags":[73350,13639,44,43673],"class_list":["post-375042","post","type-post","status-publish","format-standard","has-post-thumbnail","hentry","category-nacional","tag-claridad","tag-margarita-zavala-gomez-del-campo","tag-mexico","tag-nacional"],"_links":{"self":[{"href":"https:\/\/www.diarioimagen.net\/index.php?rest_route=\/wp\/v2\/posts\/375042","targetHints":{"allow":["GET"]}}],"collection":[{"href":"https:\/\/www.diarioimagen.net\/index.php?rest_route=\/wp\/v2\/posts"}],"about":[{"href":"https:\/\/www.diarioimagen.net\/index.php?rest_route=\/wp\/v2\/types\/post"}],"author":[{"embeddable":true,"href":"https:\/\/www.diarioimagen.net\/index.php?rest_route=\/wp\/v2\/users\/3"}],"replies":[{"embeddable":true,"href":"https:\/\/www.diarioimagen.net\/index.php?rest_route=%2Fwp%2Fv2%2Fcomments&post=375042"}],"version-history":[{"count":0,"href":"https:\/\/www.diarioimagen.net\/index.php?rest_route=\/wp\/v2\/posts\/375042\/revisions"}],"wp:featuredmedia":[{"embeddable":true,"href":"https:\/\/www.diarioimagen.net\/index.php?rest_route=\/wp\/v2\/media\/375166"}],"wp:attachment":[{"href":"https:\/\/www.diarioimagen.net\/index.php?rest_route=%2Fwp%2Fv2%2Fmedia&parent=375042"}],"wp:term":[{"taxonomy":"category","embeddable":true,"href":"https:\/\/www.diarioimagen.net\/index.php?rest_route=%2Fwp%2Fv2%2Fcategories&post=375042"},{"taxonomy":"post_tag","embeddable":true,"href":"https:\/\/www.diarioimagen.net\/index.php?rest_route=%2Fwp%2Fv2%2Ftags&post=375042"}],"curies":[{"name":"wp","href":"https:\/\/api.w.org\/{rel}","templated":true}]}}