{"id":375088,"date":"2018-05-07T00:07:10","date_gmt":"2018-05-07T05:07:10","guid":{"rendered":"http:\/\/www.diarioimagen.net\/?p=375088"},"modified":"2018-05-07T03:29:16","modified_gmt":"2018-05-07T08:29:16","slug":"por-los-buenos-maestros-mexico-es-y-seguira-siendo-grande-camacho-quiroz","status":"publish","type":"post","link":"https:\/\/www.diarioimagen.net\/?p=375088","title":{"rendered":"Por los buenos maestros, M\u00e9xico es y seguir\u00e1 siendo grande: Camacho Quiroz"},"content":{"rendered":"<ul>\n<li><strong><em>Se re\u00fane con el magisterio<\/em><\/strong><\/li>\n<\/ul>\n<p>&nbsp;<\/p>\n<div id=\"attachment_375163\" style=\"width: 470px\" class=\"wp-caption aligncenter\"><a href=\"http:\/\/www.diarioimagen.net\/?attachment_id=375163\" rel=\"attachment wp-att-375163\"><img loading=\"lazy\" decoding=\"async\" aria-describedby=\"caption-attachment-375163\" class=\"size-large wp-image-375163\" src=\"http:\/\/www.diarioimagen.net\/wp-content\/uploads\/2018\/05\/VALLE-3361-460x259.jpg\" alt=\"\" width=\"460\" height=\"259\" srcset=\"https:\/\/www.diarioimagen.net\/wp-content\/uploads\/2018\/05\/VALLE-3361-460x259.jpg 460w, https:\/\/www.diarioimagen.net\/wp-content\/uploads\/2018\/05\/VALLE-3361-240x135.jpg 240w, https:\/\/www.diarioimagen.net\/wp-content\/uploads\/2018\/05\/VALLE-3361-235x132.jpg 235w, https:\/\/www.diarioimagen.net\/wp-content\/uploads\/2018\/05\/VALLE-3361-202x114.jpg 202w, https:\/\/www.diarioimagen.net\/wp-content\/uploads\/2018\/05\/VALLE-3361-350x196.jpg 350w, https:\/\/www.diarioimagen.net\/wp-content\/uploads\/2018\/05\/VALLE-3361-220x123.jpg 220w, https:\/\/www.diarioimagen.net\/wp-content\/uploads\/2018\/05\/VALLE-3361-237x132.jpg 237w, https:\/\/www.diarioimagen.net\/wp-content\/uploads\/2018\/05\/VALLE-3361.jpg 480w\" sizes=\"auto, (max-width: 460px) 100vw, 460px\" \/><\/a><p id=\"caption-attachment-375163\" class=\"wp-caption-text\">Al reunirse con centenares de simpatizantes en la plaza p\u00fablica de este municipio, del sur de la entidad mexiquense.<\/p><\/div>\n<p>&nbsp;<\/p>\n<p><strong>Valle de M\u00e9xico<\/strong>.- Desde el municipio de Luvianos, C\u00e9sar Camacho, candidato del PRI al Senado de la Rep\u00fablica por el Estado de M\u00e9xico, afirm\u00f3 que \u201ccreemos en los maestros del pa\u00eds, porque por ellos la patria es y seguir\u00e1 siendo m\u00e1s grande\u201d por lo que asegur\u00f3 que, desde la C\u00e1mara Alta, trabajar\u00e1 para que sus derechos laborales est\u00e9n garantizados y cuenten con mejores salarios.<\/p>\n<p>Al reunirse con centenares de simpatizantes en la plaza p\u00fablica de este municipio del sur de la entidad mexiquense, pidi\u00f3 a los docentes capacitarse de manera permanente \u201cpara que nadie se quede rezagado en materia de conocimientos, sobre todo ahora que el mundo moderno exige una mayor competitividad, que no s\u00f3lo es tener ganas de competir, sino posibilidades de ganar\u201d.<\/p>\n<p>Camacho llam\u00f3 a los ah\u00ed presentes a conocer y comunicar \u201ccon emoci\u00f3n y convicci\u00f3n\u201d las propuestas de Jos\u00e9 Antonio Meade, candidato presidencial de la coalici\u00f3n \u201cTodos por M\u00e9xico\u201d, \u201cporque apoyar m\u00e1s al campo, mejorar la infraestructura de salud y carretera, aumentar el n\u00famero de becas a estudiantes y dar a las mujeres el lugar que merecen, ser\u00e1n la prioridad de Pepe Meade como presidente de los mexicanos\u201d.<\/p>\n<p>Acompa\u00f1ado por Cruz Juvenal Roa, candidato a diputado federal por el Distrito XXXVI, as\u00ed como de Fernando Alberto Garc\u00eda Cuevas, abanderado suplente al Senado, el pri\u00edsta mexiquense se\u00f1al\u00f3 que \u201ccuando escuchamos no nos equivocamos, acertamos, por eso debemos construir comunidad y ciudadan\u00eda, para hacer que las cosas ocurran por acci\u00f3n de nosotros mismos, vayamos juntos a la victoria el uno de julio\u201d, concluy\u00f3.<\/p>\n","protected":false},"excerpt":{"rendered":"<p>Desde el municipio de Luvianos, C\u00e9sar Camacho, candidato del PRI al Senado de la Rep\u00fablica por el Estado de M\u00e9xico, afirm\u00f3 que \u201ccreemos en los maestros del pa\u00eds, porque por ellos la patria es y seguir\u00e1 siendo m\u00e1s grande\u201d por lo que asegur\u00f3 que, desde la C\u00e1mara Alta, trabajar\u00e1 para que sus derechos laborales est\u00e9n garantizados y cuenten con mejores salarios.<\/p>\n","protected":false},"author":3,"featured_media":375163,"comment_status":"open","ping_status":"open","sticky":false,"template":"","format":"standard","meta":{"_monsterinsights_skip_tracking":false,"_monsterinsights_sitenote_active":false,"_monsterinsights_sitenote_note":"","_monsterinsights_sitenote_category":0,"footnotes":""},"categories":[35155],"tags":[3184,362,34],"class_list":["post-375088","post","type-post","status-publish","format-standard","has-post-thumbnail","hentry","category-estado-de-mexico-estado-de-mexico","tag-cesar-camacho-quiroz","tag-pri","tag-valle-de-mexico"],"_links":{"self":[{"href":"https:\/\/www.diarioimagen.net\/index.php?rest_route=\/wp\/v2\/posts\/375088","targetHints":{"allow":["GET"]}}],"collection":[{"href":"https:\/\/www.diarioimagen.net\/index.php?rest_route=\/wp\/v2\/posts"}],"about":[{"href":"https:\/\/www.diarioimagen.net\/index.php?rest_route=\/wp\/v2\/types\/post"}],"author":[{"embeddable":true,"href":"https:\/\/www.diarioimagen.net\/index.php?rest_route=\/wp\/v2\/users\/3"}],"replies":[{"embeddable":true,"href":"https:\/\/www.diarioimagen.net\/index.php?rest_route=%2Fwp%2Fv2%2Fcomments&post=375088"}],"version-history":[{"count":0,"href":"https:\/\/www.diarioimagen.net\/index.php?rest_route=\/wp\/v2\/posts\/375088\/revisions"}],"wp:featuredmedia":[{"embeddable":true,"href":"https:\/\/www.diarioimagen.net\/index.php?rest_route=\/wp\/v2\/media\/375163"}],"wp:attachment":[{"href":"https:\/\/www.diarioimagen.net\/index.php?rest_route=%2Fwp%2Fv2%2Fmedia&parent=375088"}],"wp:term":[{"taxonomy":"category","embeddable":true,"href":"https:\/\/www.diarioimagen.net\/index.php?rest_route=%2Fwp%2Fv2%2Fcategories&post=375088"},{"taxonomy":"post_tag","embeddable":true,"href":"https:\/\/www.diarioimagen.net\/index.php?rest_route=%2Fwp%2Fv2%2Ftags&post=375088"}],"curies":[{"name":"wp","href":"https:\/\/api.w.org\/{rel}","templated":true}]}}