{"id":375232,"date":"2018-05-08T00:10:28","date_gmt":"2018-05-08T05:10:28","guid":{"rendered":"http:\/\/www.diarioimagen.net\/?p=375232"},"modified":"2018-05-08T04:40:02","modified_gmt":"2018-05-08T09:40:02","slug":"elaboran-plan-para-corredor-metropolitano-del-interurbano","status":"publish","type":"post","link":"https:\/\/www.diarioimagen.net\/?p=375232","title":{"rendered":"Elaboran plan para Corredor Metropolitano del Interurbano"},"content":{"rendered":"<h2>Arco Norte<\/h2>\n<h5>Jos\u00e9 Luis Monta\u00f1ez Aguilar<\/h5>\n<p>&nbsp;<\/p>\n<p><a href=\"http:\/\/www.diarioimagen.net\/?attachment_id=375320\" rel=\"attachment wp-att-375320\"><img loading=\"lazy\" decoding=\"async\" class=\"aligncenter size-large wp-image-375320\" src=\"http:\/\/www.diarioimagen.net\/wp-content\/uploads\/2018\/05\/arco-3362-460x259.jpg\" alt=\"\" width=\"460\" height=\"259\" srcset=\"https:\/\/www.diarioimagen.net\/wp-content\/uploads\/2018\/05\/arco-3362-460x259.jpg 460w, https:\/\/www.diarioimagen.net\/wp-content\/uploads\/2018\/05\/arco-3362-240x135.jpg 240w, https:\/\/www.diarioimagen.net\/wp-content\/uploads\/2018\/05\/arco-3362-235x132.jpg 235w, https:\/\/www.diarioimagen.net\/wp-content\/uploads\/2018\/05\/arco-3362-202x114.jpg 202w, https:\/\/www.diarioimagen.net\/wp-content\/uploads\/2018\/05\/arco-3362-350x196.jpg 350w, https:\/\/www.diarioimagen.net\/wp-content\/uploads\/2018\/05\/arco-3362-220x123.jpg 220w, https:\/\/www.diarioimagen.net\/wp-content\/uploads\/2018\/05\/arco-3362-237x132.jpg 237w, https:\/\/www.diarioimagen.net\/wp-content\/uploads\/2018\/05\/arco-3362.jpg 480w\" sizes=\"auto, (max-width: 460px) 100vw, 460px\" \/><\/a><\/p>\n<p>&nbsp;<\/p>\n<p>Con el objetivo de estructurar un instrumento normativo que permita aprovechar de forma integral los impactos positivos del Tren Interurbano M\u00e9xico-Toluca a nivel regional, diversos sectores y niveles de gobierno participaron en la reuni\u00f3n \u201cCorredor Metropolitano del Tren Interurbano M\u00e9xico-Toluca\u201d.<\/p>\n<p>El titular de la Secretar\u00eda de Desarrollo Urbano y Metropolitano (Seduym), junto con su hom\u00f3logo de la Secretar\u00eda de Movilidad (Semov), as\u00ed como los presidentes municipales de Zinacantepec, Toluca, Metepec, San Mateo Atenco, Lerma y Ocoyoacac, y personal de las Secretar\u00edas de Comunicaciones (Secom), General de Gobierno (SGG) y del Instituto de Informaci\u00f3n e Investigaci\u00f3n Geogr\u00e1fica, Estad\u00edstica y Catastral del Estado de M\u00e9xico (IGECEM) refrend\u00f3 el compromiso de colaborar en el ordenamiento del corredor.<\/p>\n<p>En este encuentro, se revisaron y acordaron diversos mecanismos de coordinaci\u00f3n metropolitana, adem\u00e1s de reconocer problemas comunes que, coincidieron, deben ser tratados a trav\u00e9s de la coordinaci\u00f3n interinstitucional para dar soluciones integrales que detonen el desarrollo para la zona.<\/p>\n<p>Entre las propuestas est\u00e1 la integraci\u00f3n de un Plan Parcial Subregional que tendr\u00e1 como objetivo regular y normar la zona, definir la factibilidad de su desarrollo, mejorar el espacio p\u00fablico de Av.<\/p>\n<p>Las Torres e impulsar el corredor como un nuevo centro de actividades, equipamientos y servicios para la Zona Metropolitana.<\/p>\n<p style=\"text-align: center;\"><strong>Instalan comisi\u00f3n para el desarrollo infantil temprano <\/strong><\/p>\n<p>\u00a0Se instal\u00f3 formalmente la Comisi\u00f3n para el Desarrollo Infantil Temprano del Estado de M\u00e9xico que buscar\u00e1 implementar un sistema de protecci\u00f3n, con enfoque de derechos, destinado a igualar las oportunidades de crecimiento y desarrollo de las ni\u00f1as y ni\u00f1os mexiquenses, desde su gestaci\u00f3n hasta los cinco a\u00f1os.<\/p>\n<p>Dicho organismo, cuyos integrantes rindieron protesta ante la Secretaria Ejecutiva del Sistema de Protecci\u00f3n Integral de Ni\u00f1as, Ni\u00f1os y Adolescentes del Estado de M\u00e9xico (Sipinna-Edom\u00e9x), contar\u00e1 con la participaci\u00f3n de dependencias federales y estatales que coadyuvar\u00e1n para alcanzar el objetivo.<\/p>\n<p><em><a href=\"mailto:montanezaguilar@gmail.com\" target=\"_blank\" rel=\"noopener noreferrer\">montanezaguilar@gmail.com<\/a><\/em><\/p>\n","protected":false},"excerpt":{"rendered":"<p><span style=\"color: #005497;\">Jos\u00e9 Luis Monta\u00f1ez Aguilar<\/span><br \/>\n<br \/>\nCon el objetivo de estructurar un instrumento normativo que permita aprovechar de forma integral los impactos positivos del Tren Interurbano M\u00e9xico-Toluca a nivel regional, diversos sectores y niveles de gobierno participaron en la reuni\u00f3n \u201cCorredor Metropolitano del Tren Interurbano M\u00e9xico-Toluca\u201d.<\/p>\n","protected":false},"author":3,"featured_media":375320,"comment_status":"open","ping_status":"open","sticky":false,"template":"","format":"standard","meta":{"_monsterinsights_skip_tracking":false,"_monsterinsights_sitenote_active":false,"_monsterinsights_sitenote_note":"","_monsterinsights_sitenote_category":0,"footnotes":""},"categories":[5],"tags":[13284,43704,43674],"class_list":["post-375232","post","type-post","status-publish","format-standard","has-post-thumbnail","hentry","category-estado-de-mexico","tag-arco-norte","tag-jose-luis-montanez-aguilar","tag-opinion"],"_links":{"self":[{"href":"https:\/\/www.diarioimagen.net\/index.php?rest_route=\/wp\/v2\/posts\/375232","targetHints":{"allow":["GET"]}}],"collection":[{"href":"https:\/\/www.diarioimagen.net\/index.php?rest_route=\/wp\/v2\/posts"}],"about":[{"href":"https:\/\/www.diarioimagen.net\/index.php?rest_route=\/wp\/v2\/types\/post"}],"author":[{"embeddable":true,"href":"https:\/\/www.diarioimagen.net\/index.php?rest_route=\/wp\/v2\/users\/3"}],"replies":[{"embeddable":true,"href":"https:\/\/www.diarioimagen.net\/index.php?rest_route=%2Fwp%2Fv2%2Fcomments&post=375232"}],"version-history":[{"count":0,"href":"https:\/\/www.diarioimagen.net\/index.php?rest_route=\/wp\/v2\/posts\/375232\/revisions"}],"wp:featuredmedia":[{"embeddable":true,"href":"https:\/\/www.diarioimagen.net\/index.php?rest_route=\/wp\/v2\/media\/375320"}],"wp:attachment":[{"href":"https:\/\/www.diarioimagen.net\/index.php?rest_route=%2Fwp%2Fv2%2Fmedia&parent=375232"}],"wp:term":[{"taxonomy":"category","embeddable":true,"href":"https:\/\/www.diarioimagen.net\/index.php?rest_route=%2Fwp%2Fv2%2Fcategories&post=375232"},{"taxonomy":"post_tag","embeddable":true,"href":"https:\/\/www.diarioimagen.net\/index.php?rest_route=%2Fwp%2Fv2%2Ftags&post=375232"}],"curies":[{"name":"wp","href":"https:\/\/api.w.org\/{rel}","templated":true}]}}