{"id":375290,"date":"2018-05-08T00:17:54","date_gmt":"2018-05-08T05:17:54","guid":{"rendered":"http:\/\/www.diarioimagen.net\/?p=375290"},"modified":"2018-05-15T02:08:22","modified_gmt":"2018-05-15T07:08:22","slug":"las-perlas-negras-y-el-surrealismo-de-la-politica-mexicana","status":"publish","type":"post","link":"https:\/\/www.diarioimagen.net\/?p=375290","title":{"rendered":"Las perlas negras y el surrealismo de la pol\u00edtica mexicana"},"content":{"rendered":"<h2>Caleidoscopio<\/h2>\n<h5>Guillermina G\u00f3mora Ord\u00f3\u00f1ez<\/h5>\n<p>&nbsp;<\/p>\n<p>El M\u00e9xico real supera, una vez m\u00e1s, a la fantas\u00eda y nos ofrece estampas imperdibles que exhiben a nuestra voraz e incongruente clase pol\u00edtica de cuerpo entero. Bien dicen que, si Kafka hubiera nacido en nuestro pa\u00eds, ser\u00eda costumbrista.<\/p>\n<p>Para empezar, tenemos el surrealista festejo de la izquierda mexicana, aglutinada en el Partido de la <strong>Revoluci\u00f3n Democr\u00e1tica<\/strong> (<strong>PRD<\/strong>), que conmemor\u00f3 29 a\u00f1os de su fundaci\u00f3n, con un candidato presidencial, de derecha, el panista <strong>Ricardo Anaya<\/strong>.<\/p>\n<p>La profec\u00eda del fundador, <strong>Cuauht\u00e9moc C\u00e1rdenas<\/strong>, hecha en 2014, \u201csoplan vientos de fractura\u201d, se cumpli\u00f3. Entonces, advirti\u00f3: \u201cDe consumarse esta predicci\u00f3n, el futuro, al menos inmediato y de mediano plazo, es el de un partido en declive, en achicamiento, una expectativa de voto reducida en 2015 y 2018, con el riesgo de acercarnos a la condici\u00f3n de un partido que no sea \u00fatil a causa alguna y a nadie, sea una persona o un colectivo\u201d.<\/p>\n<p>S\u00ed, el PRD se desdibuj\u00f3 y se convirti\u00f3 en la comparsa del <strong>PAN y Movimiento Ciudadano<\/strong>, en los \u00faltimos procesos electorales; dej\u00f3 de representar a las \u201cizquierdas\u201d, diezm\u00f3 su militancia y vive una profunda crisis de identidad doctrinaria, que puede llevarlos a ser la cuarta fuerza en el Congreso.<\/p>\n<p>Atr\u00e1s quedaron los agravios entre panistas y perredistas; en la lucha por el poder importan m\u00e1s \u201clos huesos\u201d que las ideolog\u00edas. Una muestra m\u00e1s de la grave crisis de la partidocracia nacional y que rumbo al 1 de julio, nos lleva a preguntar si a la hora de votar, \u00bfse imponen las preferencias ideol\u00f3gicas?<\/p>\n<p>Otro caso para Ripley, fueron las declaraciones del cuestionado <strong>Carlos Romero Deschamps<\/strong>, dirigente del sindicato de Pemex, en un acto de apoyo al <strong>candidato del PRI, Jos\u00e9 Antonio Meade, <\/strong>donde reconoci\u00f3: \u201cQue se den cuenta que nadie derrumba la casa porque est\u00e1 sucia. Que necesitamos limpiarla, claro que s\u00ed. Que necesitamos corregir todo lo que nos duele y nos incomoda, tambi\u00e9n\u201d.<\/p>\n<p><strong>\u00a1Aunque usted no lo crea!,<\/strong> el l\u00edder petrolero, acusado de desv\u00edo de recursos, cuestionado por su riqueza y lujos junto con sus hijos que viajan en aviones privados con sus mascotas. Pidi\u00f3 a sus representados conocer el proyecto de Meade, pues afirm\u00f3 que es el \u00fanico candidato capaz de corregir el rumbo del pa\u00eds.<\/p>\n<p>\u00bfSer\u00e1 qu\u00e9 Romero Deschamps pondr\u00e1 el ejemplo de \u201climpiar la casa\u201d? El tamaulipeco dirige el sindicato petrolero desde 1993 y fue reelecto por \u201cunanimidad\u201d para el periodo 2019-2024; para esa fecha sumar\u00eda 31 a\u00f1os en el puesto. Sin duda, un claro ejemplo de \u201cnos duele y nos incomoda\u201d.<\/p>\n<p>Una perla m\u00e1s, es el conflicto que revivi\u00f3 el candidato presidencial de la <strong>coalici\u00f3n \u201cJuntos Haremos Historia\u201d, Andr\u00e9s Manuel L\u00f3pez Obrador,<\/strong> con la iniciativa privada y que sostiene desde 2006, cuando busc\u00f3 llegar a Los Pinos por primera vez.<\/p>\n<p>Las causas no son s\u00f3lo las filias y fobias de los empresarios, sino algunas de las propuestas en materia econ\u00f3mica y de gobierno que al aspirante y su equipo no les agradan: la construcci\u00f3n del Nuevo Aeropuerto Internacional de la Ciudad de M\u00e9xico y la cancelaci\u00f3n de las reformas estructurales, espec\u00edficamente la energ\u00e9tica y la educativa.<\/p>\n<p>En medio de las campa\u00f1as presidenciales el pleito escala y los empresarios han pasado del \u201cAs\u00ed No\u201d, al \u201cSomos la soluci\u00f3n, no el problema\u201d con el exhorto: \u201cEl pa\u00eds que todos queremos requiere de un liderazgo que convoque a la unidad, no a la divisi\u00f3n; que reconozca el M\u00e9xico diverso que somos\u201d.<\/p>\n<p>Sin embargo, la respuesta fue \u201czafo, no me engancho\u201d; Sin duda, L\u00f3pez Obrador est\u00e1 utilizando, otra vez, su conocida estrategia del \u201ccomplot\u201d y la \u201cvictimizaci\u00f3n\u201d que tan buenos resultados le han dado en sus campa\u00f1as anteriores.<\/p>\n<p>Olvida que los due\u00f1os del capital generan 9 de cada 10 empleos y aportan 8 de cada 10 pesos que se invierten en el pa\u00eds y quien termina pagando los platos rotos son las personas que pierden su empleo. Amenazar con \u201csoltar al tigre\u201d no es precisamente un acto de \u201camor y paz\u201d.<\/p>\n<p>&nbsp;<\/p>\n<p style=\"text-align: center;\"><strong>VERICUENTOS<\/strong><\/p>\n<p style=\"text-align: center;\"><strong>Tlalpan, sin protecci\u00f3n civil<\/strong><\/p>\n<p><strong>Alejandro Jurado<\/strong>, padre de Paola, quien falleci\u00f3 en la tragedia del Colegio R\u00e9bsamen, logr\u00f3 a trav\u00e9s de una solicitud de informaci\u00f3n, v\u00eda Transparencia, demostrar que la delegaci\u00f3n <strong>Tlalpan <\/strong>permiti\u00f3 operar al colegio sin Programa Interno de Protecci\u00f3n Civil desde 2012. Y que adem\u00e1s durante la administraci\u00f3n de <strong>Claudia Sheinbaum<\/strong> jam\u00e1s instal\u00f3 el Consejo Delegacional de Protecci\u00f3n Civil. <strong>\u00bfHasta cu\u00e1ndo la justicia?<\/strong><\/p>\n<p style=\"text-align: center;\"><strong>Infonavit presenta: Cambiavit<\/strong><\/p>\n<p>El instituto dirigido por <strong>David Penchyna<\/strong>, coloca en el mercado una nueva opci\u00f3n para sus derechohabientes: el <strong>Cambiavit<\/strong>, que permitir\u00e1 mejorar el cr\u00e9dito para adquirir una propiedad que se ajuste a sus necesidades. Busca atender a los 3 millones de derechohabientes que obtuvieron casa antes y empleo los lleva a otro sitio. A 46 a\u00f1os de su fundaci\u00f3n, el Infonavit otorg\u00f3 la hipoteca 10 millones. <strong>\u00a1Vientos!<\/strong><\/p>\n<p><a href=\"mailto:guillegomora@hotmail.com\" target=\"_blank\" rel=\"noopener noreferrer\"><i>guillegomora@hotmail.com<br \/>\n<\/i><\/a><a href=\"https:\/\/twitter.com\/guillegomora?lang=es\" target=\"_blank\" rel=\"noopener noreferrer\"><i>@guillegomora<\/i><\/a><\/p>\n","protected":false},"excerpt":{"rendered":"<p><span style=\"color: #005497;\"><strong>Guillermina G\u00f3mora Ord\u00f3\u00f1ez<\/strong><\/span><\/p>\n","protected":false},"author":3,"featured_media":0,"comment_status":"open","ping_status":"open","sticky":false,"template":"","format":"standard","meta":{"_monsterinsights_skip_tracking":false,"_monsterinsights_sitenote_active":false,"_monsterinsights_sitenote_note":"","_monsterinsights_sitenote_category":0,"footnotes":""},"categories":[58361],"tags":[58362,58363,43674],"class_list":["post-375290","post","type-post","status-publish","format-standard","hentry","category-guillermina-gomora-ordonez","tag-caleidoscopio","tag-guillermina-gomora-ordonez","tag-opinion"],"_links":{"self":[{"href":"https:\/\/www.diarioimagen.net\/index.php?rest_route=\/wp\/v2\/posts\/375290","targetHints":{"allow":["GET"]}}],"collection":[{"href":"https:\/\/www.diarioimagen.net\/index.php?rest_route=\/wp\/v2\/posts"}],"about":[{"href":"https:\/\/www.diarioimagen.net\/index.php?rest_route=\/wp\/v2\/types\/post"}],"author":[{"embeddable":true,"href":"https:\/\/www.diarioimagen.net\/index.php?rest_route=\/wp\/v2\/users\/3"}],"replies":[{"embeddable":true,"href":"https:\/\/www.diarioimagen.net\/index.php?rest_route=%2Fwp%2Fv2%2Fcomments&post=375290"}],"version-history":[{"count":0,"href":"https:\/\/www.diarioimagen.net\/index.php?rest_route=\/wp\/v2\/posts\/375290\/revisions"}],"wp:attachment":[{"href":"https:\/\/www.diarioimagen.net\/index.php?rest_route=%2Fwp%2Fv2%2Fmedia&parent=375290"}],"wp:term":[{"taxonomy":"category","embeddable":true,"href":"https:\/\/www.diarioimagen.net\/index.php?rest_route=%2Fwp%2Fv2%2Fcategories&post=375290"},{"taxonomy":"post_tag","embeddable":true,"href":"https:\/\/www.diarioimagen.net\/index.php?rest_route=%2Fwp%2Fv2%2Ftags&post=375290"}],"curies":[{"name":"wp","href":"https:\/\/api.w.org\/{rel}","templated":true}]}}