{"id":375426,"date":"2018-05-09T00:07:46","date_gmt":"2018-05-09T05:07:46","guid":{"rendered":"http:\/\/www.diarioimagen.net\/?p=375426"},"modified":"2018-05-09T22:52:14","modified_gmt":"2018-05-10T03:52:14","slug":"producen-en-edomex-mas-de-111-millones-de-tallos-de-rosa","status":"publish","type":"post","link":"https:\/\/www.diarioimagen.net\/?p=375426","title":{"rendered":"Producen en Edomex m\u00e1s de 111 millones de tallos de rosa"},"content":{"rendered":"<ul>\n<li><em><strong>Para el festejo del D\u00eda de la Madre<\/strong><\/em><\/li>\n<li><em><strong>Cultivan productores mexiquenses 799 hect\u00e1reas para esta fecha<\/strong><\/em><\/li>\n<\/ul>\n<p>&nbsp;<\/p>\n<div id=\"attachment_375514\" style=\"width: 470px\" class=\"wp-caption aligncenter\"><a href=\"http:\/\/www.diarioimagen.net\/?attachment_id=375514\" rel=\"attachment wp-att-375514\"><img loading=\"lazy\" decoding=\"async\" aria-describedby=\"caption-attachment-375514\" class=\"size-large wp-image-375514\" src=\"http:\/\/www.diarioimagen.net\/wp-content\/uploads\/2018\/05\/rosas-3363-460x259.jpg\" alt=\"\" width=\"460\" height=\"259\" srcset=\"https:\/\/www.diarioimagen.net\/wp-content\/uploads\/2018\/05\/rosas-3363-460x259.jpg 460w, https:\/\/www.diarioimagen.net\/wp-content\/uploads\/2018\/05\/rosas-3363-240x135.jpg 240w, https:\/\/www.diarioimagen.net\/wp-content\/uploads\/2018\/05\/rosas-3363-235x132.jpg 235w, https:\/\/www.diarioimagen.net\/wp-content\/uploads\/2018\/05\/rosas-3363-202x114.jpg 202w, https:\/\/www.diarioimagen.net\/wp-content\/uploads\/2018\/05\/rosas-3363-350x196.jpg 350w, https:\/\/www.diarioimagen.net\/wp-content\/uploads\/2018\/05\/rosas-3363-220x123.jpg 220w, https:\/\/www.diarioimagen.net\/wp-content\/uploads\/2018\/05\/rosas-3363-237x132.jpg 237w, https:\/\/www.diarioimagen.net\/wp-content\/uploads\/2018\/05\/rosas-3363.jpg 480w\" sizes=\"auto, (max-width: 460px) 100vw, 460px\" \/><\/a><p id=\"caption-attachment-375514\" class=\"wp-caption-text\">Floricultores esperan distribuir en nuestro pa\u00eds y en el extranjero 111 millones de tallos de rosas de la m\u00e1s alta calidad.<\/p><\/div>\n<p>&nbsp;<\/p>\n<p><strong>Villa Guerrero, Estado de M\u00e9xico<\/strong>.- A tan s\u00f3lo un d\u00eda de celebrar el D\u00eda de la Madre, los floricultores del Estado de M\u00e9xico se declaran listos para distribuir en nuestro pa\u00eds y en el extranjero 111 millones de tallos de rosas de la m\u00e1s alta calidad.<\/p>\n<p>\u201c\u00c9sta es la fiesta de las rosas\u201d, asegur\u00f3 Nancy Olivia Bernal Gonz\u00e1lez, productora villaguerrerense que as\u00ed describi\u00f3 el 10 de mayo, ya que en el Estado de M\u00e9xico se cultivan para esta fecha un total de 799 hect\u00e1reas.<\/p>\n<p>Tan s\u00f3lo por la producci\u00f3n de rosa, el Estado de M\u00e9xico tendr\u00e1 una derrama econ\u00f3mica de m\u00e1s de 287 millones de pesos en esta temporada, cuya producci\u00f3n es seleccionada flor por flor, para cumplir con los est\u00e1ndares de calidad que implica la exportaci\u00f3n a pa\u00edses como Estados Unidos y Canad\u00e1, en su mayor parte, y a otros estados especialmente de la frontera norte, as\u00ed como a la Ciudad de M\u00e9xico y colindancias con nuestra entidad.<\/p>\n<p>Gracias al trabajo de m\u00e1s de 8 mil 200 productores mexiquenses, hoy el Estado de M\u00e9xico se reafirma como el primer lugar productor de flor, no s\u00f3lo de rosa, sino de otras especies como gladiola, gerbera, crisantemo, lilium y clavel, cuya derrama econ\u00f3mica en total ser\u00e1 de 1 mil 991 millones de pesos en estas fechas.El proceso de producci\u00f3n y tratamiento es para cada floricultor muy importante, ya que de \u00e9l depende que la flor llegue a su destino fuera del pa\u00eds con la misma lozan\u00eda con la que fue cortada.<\/p>\n<p>Con m\u00e1s de cinco meses de espera para que las rosas est\u00e9n en su punto exacto para ser cosechadas, los productores se preparan con la contrataci\u00f3n de mano de obra, ya que la flor debe ser seleccionada una a una.<\/p>\n<p>Tras el corte de los tallos, las flores pasan a pre refrigeraci\u00f3n en donde las rosas son expuestas a una temperatura de 2 grados cent\u00edgrados para restar el calor de cada rosa; m\u00e1s tarde, llegan a un proceso de calibraci\u00f3n y se clasifican por tama\u00f1o para despu\u00e9s ser empacadas en piezas de 25 rosas.<\/p>\n<p>Una vez empaquetadas, se hace un nuevo embalaje de paquetes de 125 rosas, es decir, cinco paquetes de 25; mismos que son puestos en una procona.<\/p>\n<p>La procona es un tipo de empaque que ayuda a que las flores lleguen de la manera m\u00e1s fresca; \u00e9sta se divide en tres partes: una tina que lleva agua con conservadores, sobre la cual se pone una caja de cart\u00f3n y dentro de ella los cinco paquetes de 25 flores cuyos tallos van sumergidos en el agua con el tratamiento.<\/p>\n<p>Finalmente, encima se pone una tapa de reja para que la flor respire libremente.<\/p>\n<p>Las rosas empacadas en las proconas pasan a una exposici\u00f3n final de fr\u00edo para ser embarcadas en tr\u00e1ilers que las llevar\u00e1n a su destino m\u00e1s lejano en pa\u00edses y floreros de las mam\u00e1s que habitan en Estados Unidos y Canad\u00e1.<\/p>\n","protected":false},"excerpt":{"rendered":"<p>A tan s\u00f3lo un d\u00eda de celebrar el D\u00eda de la Madre, los floricultores del Estado de M\u00e9xico se declaran listos para distribuir en nuestro pa\u00eds y en el extranjero 111 millones de tallos de rosas de la m\u00e1s alta calidad.<\/p>\n","protected":false},"author":3,"featured_media":375514,"comment_status":"open","ping_status":"open","sticky":false,"template":"","format":"standard","meta":{"_monsterinsights_skip_tracking":false,"_monsterinsights_sitenote_active":false,"_monsterinsights_sitenote_note":"","_monsterinsights_sitenote_category":0,"footnotes":""},"categories":[5],"tags":[43675,16953,73467,4112],"class_list":["post-375426","post","type-post","status-publish","format-standard","has-post-thumbnail","hentry","category-estado-de-mexico","tag-estado-de-mexico","tag-produccion","tag-rosa","tag-villa-guerrero"],"_links":{"self":[{"href":"https:\/\/www.diarioimagen.net\/index.php?rest_route=\/wp\/v2\/posts\/375426","targetHints":{"allow":["GET"]}}],"collection":[{"href":"https:\/\/www.diarioimagen.net\/index.php?rest_route=\/wp\/v2\/posts"}],"about":[{"href":"https:\/\/www.diarioimagen.net\/index.php?rest_route=\/wp\/v2\/types\/post"}],"author":[{"embeddable":true,"href":"https:\/\/www.diarioimagen.net\/index.php?rest_route=\/wp\/v2\/users\/3"}],"replies":[{"embeddable":true,"href":"https:\/\/www.diarioimagen.net\/index.php?rest_route=%2Fwp%2Fv2%2Fcomments&post=375426"}],"version-history":[{"count":0,"href":"https:\/\/www.diarioimagen.net\/index.php?rest_route=\/wp\/v2\/posts\/375426\/revisions"}],"wp:featuredmedia":[{"embeddable":true,"href":"https:\/\/www.diarioimagen.net\/index.php?rest_route=\/wp\/v2\/media\/375514"}],"wp:attachment":[{"href":"https:\/\/www.diarioimagen.net\/index.php?rest_route=%2Fwp%2Fv2%2Fmedia&parent=375426"}],"wp:term":[{"taxonomy":"category","embeddable":true,"href":"https:\/\/www.diarioimagen.net\/index.php?rest_route=%2Fwp%2Fv2%2Fcategories&post=375426"},{"taxonomy":"post_tag","embeddable":true,"href":"https:\/\/www.diarioimagen.net\/index.php?rest_route=%2Fwp%2Fv2%2Ftags&post=375426"}],"curies":[{"name":"wp","href":"https:\/\/api.w.org\/{rel}","templated":true}]}}