{"id":375440,"date":"2018-05-09T00:09:03","date_gmt":"2018-05-09T05:09:03","guid":{"rendered":"http:\/\/www.diarioimagen.net\/?p=375440"},"modified":"2018-05-09T03:50:28","modified_gmt":"2018-05-09T08:50:28","slug":"mexico-necesita-unificarse-afirma-jaime-rodriguez","status":"publish","type":"post","link":"https:\/\/www.diarioimagen.net\/?p=375440","title":{"rendered":"M\u00e9xico necesita unificarse, afirma Jaime Rodr\u00edguez"},"content":{"rendered":"<ul>\n<li><strong><em>Se pronunci\u00f3 por mantener al Ej\u00e9rcito en las calles<\/em><\/strong><\/li>\n<\/ul>\n<p>&nbsp;<\/p>\n<div id=\"attachment_375528\" style=\"width: 470px\" class=\"wp-caption aligncenter\"><a href=\"http:\/\/www.diarioimagen.net\/?attachment_id=375528\" rel=\"attachment wp-att-375528\"><img loading=\"lazy\" decoding=\"async\" aria-describedby=\"caption-attachment-375528\" class=\"size-large wp-image-375528\" src=\"http:\/\/www.diarioimagen.net\/wp-content\/uploads\/2018\/05\/BRONCO-3363-460x283.jpg\" alt=\"\" width=\"460\" height=\"283\" srcset=\"https:\/\/www.diarioimagen.net\/wp-content\/uploads\/2018\/05\/BRONCO-3363-460x283.jpg 460w, https:\/\/www.diarioimagen.net\/wp-content\/uploads\/2018\/05\/BRONCO-3363-240x147.jpg 240w, https:\/\/www.diarioimagen.net\/wp-content\/uploads\/2018\/05\/BRONCO-3363.jpg 700w\" sizes=\"auto, (max-width: 460px) 100vw, 460px\" \/><\/a><p id=\"caption-attachment-375528\" class=\"wp-caption-text\">Jaime Rodr\u00edguez se pronunci\u00f3 a favor de mantener al Ej\u00e9rcito en las calles para enfrentar la inseguridad.<\/p><\/div>\n<p>&nbsp;<\/p>\n<p>Tras definirse como \u201cel hijo bastardo\u201d del sistema pol\u00edtico y ser una v\u00edctima de la delincuencia, Jaime Rodr\u00edguez Calder\u00f3n, candidato independiente a la Presidencia de la Rep\u00fablica, afirm\u00f3 que M\u00e9xico necesita unificarse.<\/p>\n<p>Durante el Di\u00e1logo por la Paz y la Justicia, organizado por la Comisi\u00f3n Nacional de los Derechos Humanos (CNDH) y la Universidad Iberoamericana, se pronunci\u00f3 a favor de mantener al Ej\u00e9rcito en las calles para enfrentar los retos en materia de seguridad.<\/p>\n<p>En este marco, Rodr\u00edguez Calder\u00f3n, mejor conocido como \u201cEl Bronco\u201d, dej\u00f3 claro que no abrogar\u00eda la Ley de Seguridad Interior, porque \u201ces la \u00fanica herramienta disponible por el momento\u201d, y \u00e9sta tiene candados para evitar que se le d\u00e9 un mal uso.<\/p>\n<p>Ante representantes de organizaciones sociales, anticip\u00f3 que despu\u00e9s del 15 de mayo presentar\u00e1 un programa de seguridad por regiones, pues en su opini\u00f3n no es posible que la pol\u00edtica de seguridad se dicte desde la Secretar\u00eda de Gobernaci\u00f3n.<\/p>\n<p>Aunque defendi\u00f3 al Ej\u00e9rcito como instituci\u00f3n y afirm\u00f3 que las violaciones a derechos humanos son responsabilidad \u201cde algunos elementos\u201d, no de la instituci\u00f3n, reconoci\u00f3 que sus elementos no est\u00e1n preparados para labores de seguridad p\u00fablica.<\/p>\n<p>El aspirante presidencial aprovech\u00f3 para aclarar que su propuesta de preparatorias militarizadas en realidad no establece un r\u00e9gimen militar, sino que est\u00e1 integrado por maestros que son profesionales de distintas materias y son militares retirados.<\/p>\n<p>Como a los dem\u00e1s candidatos que participan en este di\u00e1logo, se le pregunt\u00f3 sobre la Fiscal\u00eda Aut\u00f3noma, tema sobre el que se dijo a favor y ejemplific\u00f3 lo hecho en Nuevo Le\u00f3n, donde el fiscal fue nombrado por la sociedad civil, e incluso adelant\u00f3 que de resultar electo presidente, no intervendr\u00eda en el nombramiento del fiscal.<\/p>\n<p>Adem\u00e1s, se dijo totalmente de acuerdo con la cooperaci\u00f3n internacional en materia de combate a la corrupci\u00f3n y a violaciones graves a derechos humanos. \u201cLos funcionarios p\u00fablicos debemos de someternos a eso, desde el mas peque\u00f1o hasta el presidente de la Rep\u00fablica\u201d.<\/p>\n<p>Sobre la posibilidad de establecer una Comisi\u00f3n de la Verdad para investigar violaciones graves a derechos humanos, indic\u00f3 que est\u00e1 de acuerdo, aunque consider\u00f3 que en ella no debe participar el gobierno, \u201ctenemos que saber la verdad, cualquiera que sea\u201d.<\/p>\n","protected":false},"excerpt":{"rendered":"<p>Tras definirse como \u201cel hijo bastardo\u201d del sistema pol\u00edtico y ser una v\u00edctima de la delincuencia, Jaime Rodr\u00edguez Calder\u00f3n, candidato independiente a la Presidencia de la Rep\u00fablica, afirm\u00f3 que M\u00e9xico necesita unificarse.<\/p>\n","protected":false},"author":3,"featured_media":375528,"comment_status":"open","ping_status":"open","sticky":false,"template":"","format":"standard","meta":{"_monsterinsights_skip_tracking":false,"_monsterinsights_sitenote_active":false,"_monsterinsights_sitenote_note":"","_monsterinsights_sitenote_category":0,"footnotes":""},"categories":[3],"tags":[1803,69284,44,43673],"class_list":["post-375440","post","type-post","status-publish","format-standard","has-post-thumbnail","hentry","category-nacional","tag-inseguridad","tag-jaime-rodriguez-calderon","tag-mexico","tag-nacional"],"_links":{"self":[{"href":"https:\/\/www.diarioimagen.net\/index.php?rest_route=\/wp\/v2\/posts\/375440","targetHints":{"allow":["GET"]}}],"collection":[{"href":"https:\/\/www.diarioimagen.net\/index.php?rest_route=\/wp\/v2\/posts"}],"about":[{"href":"https:\/\/www.diarioimagen.net\/index.php?rest_route=\/wp\/v2\/types\/post"}],"author":[{"embeddable":true,"href":"https:\/\/www.diarioimagen.net\/index.php?rest_route=\/wp\/v2\/users\/3"}],"replies":[{"embeddable":true,"href":"https:\/\/www.diarioimagen.net\/index.php?rest_route=%2Fwp%2Fv2%2Fcomments&post=375440"}],"version-history":[{"count":0,"href":"https:\/\/www.diarioimagen.net\/index.php?rest_route=\/wp\/v2\/posts\/375440\/revisions"}],"wp:featuredmedia":[{"embeddable":true,"href":"https:\/\/www.diarioimagen.net\/index.php?rest_route=\/wp\/v2\/media\/375528"}],"wp:attachment":[{"href":"https:\/\/www.diarioimagen.net\/index.php?rest_route=%2Fwp%2Fv2%2Fmedia&parent=375440"}],"wp:term":[{"taxonomy":"category","embeddable":true,"href":"https:\/\/www.diarioimagen.net\/index.php?rest_route=%2Fwp%2Fv2%2Fcategories&post=375440"},{"taxonomy":"post_tag","embeddable":true,"href":"https:\/\/www.diarioimagen.net\/index.php?rest_route=%2Fwp%2Fv2%2Ftags&post=375440"}],"curies":[{"name":"wp","href":"https:\/\/api.w.org\/{rel}","templated":true}]}}