{"id":375508,"date":"2018-05-09T00:10:43","date_gmt":"2018-05-09T05:10:43","guid":{"rendered":"http:\/\/www.diarioimagen.net\/?p=375508"},"modified":"2018-05-10T01:24:02","modified_gmt":"2018-05-10T06:24:02","slug":"no-es-sospecha-razonable-epn-no-es-honesto","status":"publish","type":"post","link":"https:\/\/www.diarioimagen.net\/?p=375508","title":{"rendered":"No es sospecha razonable. EPN no es honesto"},"content":{"rendered":"<h2>\u00cdndice pol\u00edtico<\/h2>\n<h5>Francisco Rodr\u00edguez<\/h5>\n<p>&nbsp;<\/p>\n<div id=\"attachment_375563\" style=\"width: 470px\" class=\"wp-caption aligncenter\"><a href=\"http:\/\/www.diarioimagen.net\/?attachment_id=375563\" rel=\"attachment wp-att-375563\"><img loading=\"lazy\" decoding=\"async\" aria-describedby=\"caption-attachment-375563\" class=\"size-large wp-image-375563\" src=\"http:\/\/www.diarioimagen.net\/wp-content\/uploads\/2018\/05\/MARAL-3363-460x417.jpg\" alt=\"\" width=\"460\" height=\"417\" srcset=\"https:\/\/www.diarioimagen.net\/wp-content\/uploads\/2018\/05\/MARAL-3363-460x417.jpg 460w, https:\/\/www.diarioimagen.net\/wp-content\/uploads\/2018\/05\/MARAL-3363-240x218.jpg 240w, https:\/\/www.diarioimagen.net\/wp-content\/uploads\/2018\/05\/MARAL-3363-768x697.jpg 768w, https:\/\/www.diarioimagen.net\/wp-content\/uploads\/2018\/05\/MARAL-3363.jpg 1200w\" sizes=\"auto, (max-width: 460px) 100vw, 460px\" \/><\/a><p id=\"caption-attachment-375563\" class=\"wp-caption-text\">Maral<\/p><\/div>\n<p>&nbsp;<\/p>\n<p>Cuando se supo que Gabriel Garc\u00eda M\u00e1rquez hab\u00eda ganado el Premio Nobel de Literatura, los \u00e1vidos reporteros de medios internacionales se desplazaron a Aracataca, para entrevistar a los contempor\u00e1neos del autor que conocieron el entorno en el que se cri\u00f3 el famoso escritor del insulso realismo m\u00e1gico.<\/p>\n<p>Preguntaron extra\u00f1ados a sus paisanos por qu\u00e9 el colombiano ya ten\u00eda tiempo de no publicar, despu\u00e9s de que hab\u00eda aparecido su obra cumbre, <em>Cien a\u00f1os de soledad<\/em>. La respuesta, entre otros, de la mam\u00e1, fue: \u201cno sabemos, porque su abuelito que le contaba todo, ya se muri\u00f3\u201d. Las supuestas historias no eran conocidas ni vividas por \u00e9l.<\/p>\n<p>\u00c1lvaro Mutis, un literato colombiano con toda la barba, siempre desde\u00f1ado por las lujosas academias de premiaci\u00f3n, sostuvo que un sujeto que se aprovechaba de lo que le contaban era s\u00f3lo un eco ocasional, pero no se le pod\u00eda juzgar, como los suecos hicieron con Garc\u00eda M\u00e1rquez, como una vivencia cultural. Hab\u00eda siglos de distancia.<\/p>\n<p>La noticia recorri\u00f3 el mundo. Muchos opinaron que lo del colombiano galardonado era s\u00f3lo un fraude. Hab\u00eda sospecha fundada de que desde que sali\u00f3 muy ni\u00f1o de Aracataca, jam\u00e1s hab\u00eda regresado all\u00e1. Era un reproductor de cuentos, nunca un novelista rompedor. Algunos lo impugnaron, pero pudo m\u00e1s la corriente de los elogios.<\/p>\n<p>Algo parecido sucedi\u00f3 cuando Elena Poniatowska sac\u00f3 a la luz <em>La noche de Tlatelolco<\/em>, una cr\u00f3nica de los acontecimientos del \u201868 que hab\u00eda copiado de <em>Los d\u00edas y los a\u00f1os<\/em>, alterando el contenido del autor, Luis Gonz\u00e1lez de Alba, quien s\u00ed era preso pol\u00edtico del diazordacismo y le hab\u00eda autorizado plagiar pasajes, que no respet\u00f3 textualmente. Se avizoraban ya los perfiles de las fusilatas de Pe\u00f1a Nieto para que un \u201cnegro\u201d le redactara su tesis de licenciatura.<\/p>\n<p>Hay pol\u00edticos, sedicentes abogados y periodistas que tienen una trompa m\u00e1s larga que la de Falopio. Que juran por \u00e9sta las sospechas razonables \u2014as\u00ed les llaman ahora\u2014 de que algo pas\u00f3 o no pas\u00f3, sin tener testigos ni datos duros de la realidad que usufruct\u00faan. Hay otros, profesionales, que hablan de lo que saben, porque lo han visto y vivido.<\/p>\n<p>La vida de los primeros es la que puede catalogarse como una sospecha, jam\u00e1s razonable, pues est\u00e1 comprobado que lo es. Es el indicio para seguir alg\u00fan juicio por plagio&#8230; o por desfalco. Adem\u00e1s, est\u00e1 abierto para todo el mundo. La sospecha no es como el embarazo. \u00c9ste es o no es, pero no est\u00e1 sujeto a suspicacia.<\/p>\n<p>Por ejemplo: cuando alguien sostiene que Pe\u00f1a Nieto es un ratero, no se est\u00e1 refiriendo a una sospecha razonable. Simplemente est\u00e1 reproduciendo algo que la opini\u00f3n p\u00fablica, por s\u00ed y por miles de testigos, puede motivar, razonar, fundar y comprobar. Lo dem\u00e1s, es bisuter\u00eda, fuegos de artificio. La realidad no puede ser desmentida, cual apenas intent\u00f3 Jos\u00e9 Antonio Meade, quien no pudo aprobar el Tercer Grado. La sospecha, s\u00ed, absolutamente.<\/p>\n<p>Recelar que tenemos un gabinete presidencial de bandidos no puede ser el eje de una sospecha razonable. Es casi la prueba de que el aserto es real. La sospecha razonable es s\u00f3lo un retint\u00edn demon\u00edaco inventado por quienes desde la Corte, ven que la Ley de Seguridad Interior, en sus contenidos m\u00e1s furiosos y represores, no puede pasar&#8230;&#8230; y entonces, concluyen, es el momento de poner en el C\u00f3digo Nacional de Procedimientos Penales la figura de la sospecha razonable, un instrumento a modo para llevar a cabo sus ansias inocultables de masacrar a cualquier adversario, del que las autoridades sospechan que es culpable en Angangueo y van a detener en Iztapalapa con lujo de fuerza.<\/p>\n<p>Someti\u00e9ndolo y demostrando ante propios y extra\u00f1os que la sospecha razonable viene del tolete, la cachiporra o la bayoneta, de ning\u00fan otro lado, y que despu\u00e9s de torturado y vejado, tendr\u00e1 derecho a probar que era inocente. Jam\u00e1s a respetarle las garant\u00edas individuales de expresi\u00f3n, reuni\u00f3n o manifestaci\u00f3n que se asientan sobre reclamos fundados.<\/p>\n<p>En un pa\u00eds como el nuestro, con m\u00e1s de cien millones de pobres y hambrientos, seg\u00fan las cifras oficiales del Inegi, se ejecutan las sospechas razonables del patr\u00f3n, jam\u00e1s las averiguaciones consistentes en que usted es inocente hasta que se le pruebe lo contrario, como sostiene el sistema constitucional y todas las leyes habidas y por haber.<\/p>\n<p>La sospecha razonable es el cebo ideal para un sistema que ya no puede ni debe sostenerse, sino en base a la delaci\u00f3n, la infamia y la persecuci\u00f3n sin ataduras legales. El invento jur\u00eddico que nos faltaba para que el toluquismo desesperado suelte los perros de presa sobre todos nosotros.\u00a0 As\u00ed, el C\u00f3digo penal de marras, m\u00e1s las reformas al C\u00f3digo Federal de Procedimientos Civiles que establece las bases para sancionar penalmente a todo aqu\u00e9l que sostenga que alg\u00fan funcionario de Pachuca o de Atlacomulco es ratero, m\u00e1s la Ley de Seguridad Interior, son las pinzas de tres mangos para apretarnos, enjuiciarnos y enchiquerarnos, en el momento en que decidan hacerlo.<\/p>\n<p>La sospecha razonable es la forma de volver a hacer vigente en nuestro sistema de justicia \u2014as\u00ed le llaman ahora\u2014 aquellas acusaciones de delitos de sedici\u00f3n, resistencia a la opresi\u00f3n, rebeli\u00f3n, incitaci\u00f3n al mot\u00edn, muy en boga durante el gorilato, que costaron miles de vidas. Vuelven por sus fueros.<\/p>\n<p>Con unas fuerzas armadas avitualladas con los \u00faltimos aparatos de represi\u00f3n, hoy en desuso en el gabacho, pero que aqu\u00ed importamos con el dinero del pueblo, m\u00e1s los moches de rigor para los favoritos y descastados, en cada embarque de armas mort\u00edferas y obsoletas. Una verg\u00fcenza nacional que debe ser juzgada. La ley debe empezar a aplicarse en casa, como se recomienda a todo buen juez.<\/p>\n<p>Todo puede caber en la sospecha razonable a favor del r\u00e9gimen de excepci\u00f3n del mexiquismo. Desde que el no ejercicio de la acci\u00f3n penal contra los rateros Duarte en Veracruz y Chihuahua es una orden que vino desde Los Pinos, para no alebrestar a los que pueden empinarlos en todos los trastupijes&#8230;&#8230; hasta que la ejecuci\u00f3n del comandante de la polic\u00eda tamaulipeca que encabez\u00f3 la captura del socio de Pe\u00f1a Nieto, Eugenio Hern\u00e1ndez, ex gobernador de la nueva clase pol\u00edtica de Atlacomulco, a punto de ser extraditado a los Estados Unidos y puesto a disposici\u00f3n de los se\u00f1alamientos del narcotraficante Joaqu\u00edn \u201cEl Chapo \u201c Guzm\u00e1n&#8230;&#8230; o que las fortunas mal habidas de los secretarios seccionales de la CTM y de cualquier lidercillo que haya acatado las consignas de Pe\u00f1a Nieto est\u00e1n depositadas en sumas escalofriantes en el Banco Multiva, de V\u00e1zquez Ra\u00f1a. O que las cantidades incalculables de Polito Rodr\u00edguez, el m\u00e1ximo l\u00edder de la CTM, se han hecho a base de los sueldos y prestaciones de los trabajadores de gasolineras, distribuidores de gas, empleados de todo tipo de empresas de servicio, y todo lo que se mueva.<\/p>\n<p>O que el ex secretario de Sagarpa, el malandr\u00edn Jos\u00e9 Antonio Calzada, ha sido designado l\u00edder del Movimiento Territorial del PRI para chantajear y reclutar a la causa de Meade, en base a los cr\u00e9ditos, favores, alivianes y sobornos recibidos.<\/p>\n<p>En la pr\u00e1ctica mexicana los \u00fanicos que se equivocan en sus sospechas razonables son los que dicen aquello que el r\u00e9gimen no quiere o\u00edr. Esas sospechas s\u00f3lo tienen un futuro cierto: criminalizar a quien las sostiene y las evidencia. La dictadura rampante. La feroz lucha contra la verdad.<\/p>\n<p>La realidad s\u00f3lo puede imponerse a base de votos razonados y sostenidos. No tenemos de otra.<\/p>\n<p>\u00bfEst\u00e1 usted listo para sostenerla en las urnas el primero de julio?<\/p>\n<p><strong><em>\u00cdndice Flam\u00edgero: <\/em><\/strong>De no haber dedicado m\u00e1s del 50% de su tiempo ante el micr\u00f3fono a Andr\u00e9s Manuel L\u00f3pez Obrador en el programa de Tercer Grado, de Televisa, las propuestas de Meade \u2014algunas hasta inteligentes\u2014 habr\u00edan surtido efecto en los televidentes que prefirieron, en su gran mayor\u00eda, mejor ver al propio AMLO en la entrevista que le hiciera Javier Alatorre. Las redes sociales fueron el mejor term\u00f3metro de esta comparecencia de dos de los aspirantes a la Presidencia de la Rep\u00fablica, el puntero y el colero. Como tendencia, se impuso #AMLOenAzteca. El #MeadeEnTercerGrado qued\u00f3 en segundo lugar. Lo m\u00e1s chusco de la noche: que Meade haya confesado t\u00e1citamente \u00a1que le escribieron un libro!&#8230; pero que los ojeis a\u00fan no le hab\u00edan dicho cual ser\u00eda el t\u00edtulo. + + + Bajo el t\u00edtulo \u201cLa fortuna del Ni\u00f1o Verde\u201d, don Rub\u00e9n M\u00fajica V\u00e9lez escribe: \u201cSomos por naturaleza olvidadizos. Esta famiglia tuvo la suerte de emparentar con el doctor Emilio Mart\u00ednez Manautou, abuelo materno del \u2018Mocoso Verde\u2019 que con D\u00edaz Ordaz fungiera como secretario de la Presidencia. Ah\u00ed se deriv\u00f3 una graciosa concesi\u00f3n al padre del \u2018Beb\u00e9 Muerde\u2019 para proveer al Instituto Mexicano del Seguro Social de los refrescos \u2018Pascual\u2019, pero en todo el pa\u00eds. Una de esos que en el mundo burocr\u00e1tico parecen menores favores pero que origin\u00f3 el despegue de esa familia. De ah\u00ed pa\u2019l real. No sabemos cu\u00e1ntas m\u00e1s concedi\u00f3 Mart\u00ednez Manautou, el tamaulipeco que so\u00f1aba con vivir en \u00a1Suiza! Tuvo visos de triunfo por La Grande cuando un grupo de universitarios, entre ellos V\u00edctor Flores Olea, suscribi\u00f3 un texto que titularon algo as\u00ed como \u2018Mart\u00ednez Manautou o la crisis\u2019. Fracasado y amargado el galeno por perder ante Echeverr\u00eda, La Silla (o \u2018do\u00f1a Leonor\u2019, como se dec\u00eda entonces) tuvo premios menores: Gobernador de su entidad, en donde fue m\u00e1s que notoria su preferencia por Suiza en lugar de la \u00cdnsula Barataria de los \u2018pelaos norte\u00f1os\u2019. Pero conserv\u00f3 influencias. Despu\u00e9s, el padre del \u2018Ni\u00f1o Muerde\u2019 promovi\u00f3, con una jerigonza barata, la \u2018novedad\u2019 de la ecolog\u00eda y tuvo la payasada de vestirse de \u2018Chapul\u00edn Colorado\u2019, poner una enorme alberca de hule en el Z\u00f3calo y lanzarse \u2018temerariamente\u2019 al agua. Rid\u00edculo, pero con la ambici\u00f3n de obtener la que ser\u00eda la nueva Secretar\u00eda de un tema en boga y&#8230; de nuevos miles de bur\u00f3cratas que no sab\u00edan con qu\u00e9 se \u2018com\u00eda\u2019 ese tema. No se la dieron. Mejor\u00f3 la famiglia y s\u00fabitamente naci\u00f3 \u2018Don Simi\u2019 t\u00edo del \u2018Ni\u00f1o Muerde\u2019 y despu\u00e9s la historia es m\u00e1s que conocida. Ac\u00e1 en Oaxaca hace cosa de 12 a\u00f1os cas\u00f3 la \u2018brother\u2019 del ahora ya \u2018Viejo Muerde\u2019. Boda suntuosa en Santo Domingo como la de tantos arribistas a la n\u00f3mina gorda. S\u00f3lo que de regreso en el avi\u00f3n, atiborrado de caros manjares y tragos, sirvi\u00f3 un \u2018banquete\u2019 asqueroso a todos los viajeros. Despu\u00e9s se origin\u00f3 el \u2018affaire\u2019 de la extranjera que \u2018se cay\u00f3\u2019 de uno de sus caros pentahouses, creo que en Canc\u00fan: el \u2018accidente\u2019 no tuvo consecuencia alguna para el \u2018destacado pol\u00edtico\u2019 y en fin, el uso del membrete pol\u00edtico que le cedieron a la famiglia, le ha permitido enriquecerse en grande y demostrar que su ideario \u2018ecologista\u2019 es un disfraz para hacer muchos millones. Todo un caso de un z\u00e1ngano que ha vivido a expensas del pueblo al que desprecia y al servicio del PRI y de todos los ocupantes de Los Pinos. Algunos de ellos, y eso lo comprob\u00e9, odiaban su ambici\u00f3n desmesurada, pero necesitaban el membrete ecol\u00f3gico que por su fals\u00eda, ha sido desde\u00f1ado por organizaciones ambientales de prestigio mundial. Esa es en resumen una parte de la historia de uno m\u00e1s de los enriquecidos a la sombra de gobiernos que para conservarse en el candelero suman a sus huestes a los \u2018pirrurris\u2019 de ese negocio pol\u00edtico. Una microhistoria m\u00e1s de la rese\u00f1a de la infamia que explica la desigualdad horrenda que padecemos \u2014 un pu\u00f1ado de gordos y millones de hambrientos\u2014 y que nos aboca a la violencia social y \u00a1ojal\u00e1!, a la transformaci\u00f3n de este mundo corrupto y hediondo, por la v\u00eda pac\u00edfica&#8230; aunque los \u2018pac\u00edficos\u2019 enquistados en el presupuesto invoquen a la Santa Violencia.\u201d<\/p>\n<p><em><a href=\"http:\/\/www.indicepolitico.com\/\" target=\"_blank\" rel=\"noopener\">www.indicepolitico.com<\/a><\/em><br \/>\n<em> <a href=\"mailto:pacorodriguez@journalist.com\" target=\"_blank\" rel=\"noopener\">pacorodriguez@journalist.com<\/a><\/em><br \/>\n<em> <a href=\"https:\/\/twitter.com\/pacorodriguez\" target=\"_blank\" rel=\"noopener\">@pacorodriguez<\/a><\/em><\/p>\n","protected":false},"excerpt":{"rendered":"<p><span style=\"color: #005497;\"><strong>Francisco Rodr\u00edguez<\/strong><\/span><br \/>\n<br \/>\nCuando se supo que Gabriel Garc\u00eda M\u00e1rquez hab\u00eda ganado el Premio Nobel de Literatura, los \u00e1vidos reporteros de medios internacionales se desplazaron a Aracataca, para entrevistar a los contempor\u00e1neos del autor que conocieron el entorno en el que se cri\u00f3 el famoso escritor del insulso realismo m\u00e1gico.<\/p>\n","protected":false},"author":3,"featured_media":375563,"comment_status":"open","ping_status":"open","sticky":false,"template":"","format":"standard","meta":{"_monsterinsights_skip_tracking":false,"_monsterinsights_sitenote_active":false,"_monsterinsights_sitenote_note":"","_monsterinsights_sitenote_category":0,"footnotes":""},"categories":[549],"tags":[43689,550,43674],"class_list":["post-375508","post","type-post","status-publish","format-standard","has-post-thumbnail","hentry","category-francisco-rodriguez","tag-francisco-rodriguez","tag-indice-politico","tag-opinion"],"_links":{"self":[{"href":"https:\/\/www.diarioimagen.net\/index.php?rest_route=\/wp\/v2\/posts\/375508","targetHints":{"allow":["GET"]}}],"collection":[{"href":"https:\/\/www.diarioimagen.net\/index.php?rest_route=\/wp\/v2\/posts"}],"about":[{"href":"https:\/\/www.diarioimagen.net\/index.php?rest_route=\/wp\/v2\/types\/post"}],"author":[{"embeddable":true,"href":"https:\/\/www.diarioimagen.net\/index.php?rest_route=\/wp\/v2\/users\/3"}],"replies":[{"embeddable":true,"href":"https:\/\/www.diarioimagen.net\/index.php?rest_route=%2Fwp%2Fv2%2Fcomments&post=375508"}],"version-history":[{"count":0,"href":"https:\/\/www.diarioimagen.net\/index.php?rest_route=\/wp\/v2\/posts\/375508\/revisions"}],"wp:featuredmedia":[{"embeddable":true,"href":"https:\/\/www.diarioimagen.net\/index.php?rest_route=\/wp\/v2\/media\/375563"}],"wp:attachment":[{"href":"https:\/\/www.diarioimagen.net\/index.php?rest_route=%2Fwp%2Fv2%2Fmedia&parent=375508"}],"wp:term":[{"taxonomy":"category","embeddable":true,"href":"https:\/\/www.diarioimagen.net\/index.php?rest_route=%2Fwp%2Fv2%2Fcategories&post=375508"},{"taxonomy":"post_tag","embeddable":true,"href":"https:\/\/www.diarioimagen.net\/index.php?rest_route=%2Fwp%2Fv2%2Ftags&post=375508"}],"curies":[{"name":"wp","href":"https:\/\/api.w.org\/{rel}","templated":true}]}}