{"id":375569,"date":"2018-05-10T00:11:13","date_gmt":"2018-05-10T05:11:13","guid":{"rendered":"http:\/\/www.diarioimagen.net\/?p=375569"},"modified":"2018-05-09T23:42:21","modified_gmt":"2018-05-10T04:42:21","slug":"ofrece-meade-kuribrena-apoyos-especificos-a-las-mujeres","status":"publish","type":"post","link":"https:\/\/www.diarioimagen.net\/?p=375569","title":{"rendered":"Ofrece Meade apoyos espec\u00edficos a mujeres"},"content":{"rendered":"<ul>\n<li><em><strong>Les pide tocar puertas para lograr m\u00e1s votos<\/strong><\/em><\/li>\n<li><em><strong>Asegura que este sector definir\u00e1 la pr\u00f3xima elecci\u00f3n presidencial<\/strong><\/em><\/li>\n<\/ul>\n<p>&nbsp;<\/p>\n<div id=\"attachment_375570\" style=\"width: 470px\" class=\"wp-caption aligncenter\"><img loading=\"lazy\" decoding=\"async\" aria-describedby=\"caption-attachment-375570\" class=\"wp-image-375570 size-large\" src=\"http:\/\/www.diarioimagen.net\/wp-content\/uploads\/2018\/05\/MEADE10-portal-460x268.jpg\" alt=\"\" width=\"460\" height=\"268\" srcset=\"https:\/\/www.diarioimagen.net\/wp-content\/uploads\/2018\/05\/MEADE10-portal-460x268.jpg 460w, https:\/\/www.diarioimagen.net\/wp-content\/uploads\/2018\/05\/MEADE10-portal-240x140.jpg 240w, https:\/\/www.diarioimagen.net\/wp-content\/uploads\/2018\/05\/MEADE10-portal.jpg 480w\" sizes=\"auto, (max-width: 460px) 100vw, 460px\" \/><p id=\"caption-attachment-375570\" class=\"wp-caption-text\">Jos\u00e9 Antonio Meade Kuribre\u00f1a se comprometi\u00f3 desde Ciudad Ju\u00e1rez a atender las necesidades espec\u00edficas de cada mujer.<\/p><\/div>\n<p>&nbsp;<\/p>\n<p>Tras asegurar que las mujeres definir\u00e1n la elecci\u00f3n presidencial del 1 de julio, el candidato de la coalici\u00f3n Todos por M\u00e9xico,\u00a0 Jos\u00e9 Antonio Meade Kuribre\u00f1a, se comprometi\u00f3 desde Ciudad Ju\u00e1rez a atender las necesidades espec\u00edficas de cada mujer con el programa Avanzar Contigo.<\/p>\n<p>Ante mujeres pri\u00edstas destac\u00f3 que ser\u00e1 un acto de justicia incorporar a la seguridad social a tres millones de trabajadoras del hogar, y recalc\u00f3 su compromiso de conocer las necesidades de la poblaci\u00f3n con el programa Avanzar Contigo y de otorgar cr\u00e9dito a su palabra.<\/p>\n<p>En su gira proselitista por la entidad, el candidato de los partidos Revolucionario Institucional (PRI), Verde Ecologista (PVEM) y Nueva Alianza, dijo que no tiene duda de que va a ganar, y lo har\u00e1 \u201chaciendo equipo con las mejores\u201d, con las mujeres.<\/p>\n<p>A las presentes les record\u00f3 que esta elecci\u00f3n es importante, porque lo que est\u00e1 en juego es la seguridad \u201cde nuestras familias, la confianza en el pa\u00eds, la inversi\u00f3n y el empleo\u201d, y su proyecto es el mejor.<\/p>\n<p>\u201cEn esta elecci\u00f3n, las mujeres van a decidir el futuro del pa\u00eds\u201d, subray\u00f3 Meade, quien adem\u00e1s las exhort\u00f3 a que salgan y \u201csabiendo lo que est\u00e1 en juego\u201d convenzan a otras personas y \u201cnos ayuden a ganar\u201d.<\/p>\n<p>Reiter\u00f3 sus propuestas a favor de la mujer y sostuvo que en su gobierno tambi\u00e9n ser\u00edan escuchadas, para que digan c\u00f3mo ayudarlas y cu\u00e1les son sus sue\u00f1os. El Programa Avanzar Contigo, agreg\u00f3, ser\u00e1 el central, para que cada mujer tenga el apoyo que necesitan.<\/p>\n<p>De ganar, dijo, habr\u00e1 guarder\u00edas de calidad, de tiempo completo, con alimentaci\u00f3n, estimulaci\u00f3n temprana, atenci\u00f3n especializada en ni\u00f1as y ni\u00f1os con discapacidad, adem\u00e1s se apliar\u00eda el servicio hasta los seis a\u00f1os de edad en lugar de cuatro.<\/p>\n<p>\u201cVamos a ampliar la red de guarder\u00edas y estancias del IMSS, del ISSSTE y de Sedesol para que puedan, todas, usar de ese servicio\u201d, agreg\u00f3. Insisti\u00f3 en su llamado, pues \u201cvamos a una elecci\u00f3n dif\u00edcil, vamos a una elecci\u00f3n competida, pero vamos a una elecci\u00f3n muy importante\u201d, y tambi\u00e9n pidi\u00f3 apoyar a los candidatos a senadores y a diputaciones federales.<\/p>\n","protected":false},"excerpt":{"rendered":"<p>Tras asegurar que las mujeres definir\u00e1n la elecci\u00f3n presidencial del 1 de julio, el candidato de la coalici\u00f3n Todos por M\u00e9xico,  Jos\u00e9 Antonio Meade Kuribre\u00f1a, se comprometi\u00f3 desde Ciudad Ju\u00e1rez a atender las necesidades espec\u00edficas de cada mujer con el programa Avanzar Contigo.<\/p>\n","protected":false},"author":5,"featured_media":375570,"comment_status":"open","ping_status":"open","sticky":false,"template":"","format":"standard","meta":{"_monsterinsights_skip_tracking":false,"_monsterinsights_sitenote_active":false,"_monsterinsights_sitenote_note":"","_monsterinsights_sitenote_category":0,"footnotes":""},"categories":[3],"tags":[2701,574,6349,26429,72665,73477,1921,43673],"class_list":["post-375569","post","type-post","status-publish","format-standard","has-post-thumbnail","hentry","category-nacional","tag-apoyo","tag-ciudad-juarez","tag-dia-de-las-madres","tag-jose-antonio-meade-kuribrena","tag-meade","tag-meade-kuribrena","tag-mujeres","tag-nacional"],"_links":{"self":[{"href":"https:\/\/www.diarioimagen.net\/index.php?rest_route=\/wp\/v2\/posts\/375569","targetHints":{"allow":["GET"]}}],"collection":[{"href":"https:\/\/www.diarioimagen.net\/index.php?rest_route=\/wp\/v2\/posts"}],"about":[{"href":"https:\/\/www.diarioimagen.net\/index.php?rest_route=\/wp\/v2\/types\/post"}],"author":[{"embeddable":true,"href":"https:\/\/www.diarioimagen.net\/index.php?rest_route=\/wp\/v2\/users\/5"}],"replies":[{"embeddable":true,"href":"https:\/\/www.diarioimagen.net\/index.php?rest_route=%2Fwp%2Fv2%2Fcomments&post=375569"}],"version-history":[{"count":0,"href":"https:\/\/www.diarioimagen.net\/index.php?rest_route=\/wp\/v2\/posts\/375569\/revisions"}],"wp:featuredmedia":[{"embeddable":true,"href":"https:\/\/www.diarioimagen.net\/index.php?rest_route=\/wp\/v2\/media\/375570"}],"wp:attachment":[{"href":"https:\/\/www.diarioimagen.net\/index.php?rest_route=%2Fwp%2Fv2%2Fmedia&parent=375569"}],"wp:term":[{"taxonomy":"category","embeddable":true,"href":"https:\/\/www.diarioimagen.net\/index.php?rest_route=%2Fwp%2Fv2%2Fcategories&post=375569"},{"taxonomy":"post_tag","embeddable":true,"href":"https:\/\/www.diarioimagen.net\/index.php?rest_route=%2Fwp%2Fv2%2Ftags&post=375569"}],"curies":[{"name":"wp","href":"https:\/\/api.w.org\/{rel}","templated":true}]}}