{"id":375615,"date":"2018-05-10T00:07:17","date_gmt":"2018-05-10T05:07:17","guid":{"rendered":"http:\/\/www.diarioimagen.net\/?p=375615"},"modified":"2018-05-10T23:32:44","modified_gmt":"2018-05-11T04:32:44","slug":"crea-gem-estrategias-para-promover-igualdad-de-genero","status":"publish","type":"post","link":"https:\/\/www.diarioimagen.net\/?p=375615","title":{"rendered":"Crea GEM estrategias para promover igualdad de g\u00e9nero"},"content":{"rendered":"<ul>\n<li><em><strong>Invita a municipios y al Legislativo y Judicial a sumarse<\/strong><\/em><\/li>\n<li><em><strong>No se tolerar\u00e1 el hostigamiento y acoso sexual en el \u00e1mbito laboral<\/strong><\/em><\/li>\n<\/ul>\n<p>&nbsp;<\/p>\n<div id=\"attachment_375716\" style=\"width: 470px\" class=\"wp-caption aligncenter\"><a href=\"http:\/\/www.diarioimagen.net\/?attachment_id=375716\" rel=\"attachment wp-att-375716\"><img loading=\"lazy\" decoding=\"async\" aria-describedby=\"caption-attachment-375716\" class=\"size-large wp-image-375716\" src=\"http:\/\/www.diarioimagen.net\/wp-content\/uploads\/2018\/05\/genero-3364-460x259.jpg\" alt=\"\" width=\"460\" height=\"259\" srcset=\"https:\/\/www.diarioimagen.net\/wp-content\/uploads\/2018\/05\/genero-3364-460x259.jpg 460w, https:\/\/www.diarioimagen.net\/wp-content\/uploads\/2018\/05\/genero-3364-240x135.jpg 240w, https:\/\/www.diarioimagen.net\/wp-content\/uploads\/2018\/05\/genero-3364-235x132.jpg 235w, https:\/\/www.diarioimagen.net\/wp-content\/uploads\/2018\/05\/genero-3364-202x114.jpg 202w, https:\/\/www.diarioimagen.net\/wp-content\/uploads\/2018\/05\/genero-3364-350x196.jpg 350w, https:\/\/www.diarioimagen.net\/wp-content\/uploads\/2018\/05\/genero-3364-220x123.jpg 220w, https:\/\/www.diarioimagen.net\/wp-content\/uploads\/2018\/05\/genero-3364-237x132.jpg 237w, https:\/\/www.diarioimagen.net\/wp-content\/uploads\/2018\/05\/genero-3364.jpg 480w\" sizes=\"auto, (max-width: 460px) 100vw, 460px\" \/><\/a><p id=\"caption-attachment-375716\" class=\"wp-caption-text\">Alfredo Del Mazo asiste a la XVII Sesi\u00f3n Ordinaria del Sistema Estatal para la Igualdad y Erradicaci\u00f3n de la Violencia Contra las Mujeres.<\/p><\/div>\n<p>&nbsp;<\/p>\n<p><strong>Toluca, Estado de M\u00e9xico<\/strong>.- El gobernador del Estado de M\u00e9xico firm\u00f3 y promulg\u00f3 el decreto por el cual se modifican diversas leyes de la administraci\u00f3n p\u00fablica estatal, para crear las Unidades de G\u00e9nero en las diferentes dependencias gubernamentales, con la finalidad de generar pol\u00edticas y estrategias a favor de la igualdad y con perspectiva de g\u00e9nero, lo que convierte a la entidad en pionera a nivel nacional en esta materia.<\/p>\n<p>\u201cPara hacer del Estado de M\u00e9xico una entidad pionera en la creaci\u00f3n de normas y procesos que permitan a mujeres y hombres tener las mismas oportunidades. \u201cPara que las mexiquenses sean capaces de construir familias fuertes, pero tambi\u00e9n, comunidades unidas, empleos productivos, carreras exitosas y proyectos que hagan del Estado de M\u00e9xico, un estado de resultados fuertes para las mujeres\u201d.<\/p>\n<p>Detall\u00f3 que las Unidades de G\u00e9nero ser\u00e1n \u00e1reas para garantizar la institucionalizaci\u00f3n de estrategias locales a favor de la igualdad, as\u00ed como para asegurar que las acciones y los presupuestos para llevarlas a cabo, se dise\u00f1en con perspectiva de g\u00e9nero, para dar protecci\u00f3n, seguridad y tranquilidad a las mujeres mexiquenses.<\/p>\n<p>Durante la XVII Sesi\u00f3n Ordinaria del Sistema Estatal para la Igualdad y Erradicaci\u00f3n de la Violencia Contra las Mujeres, el titular del Ejecutivo estatal indic\u00f3 que con la creaci\u00f3n de las Unidades de G\u00e9nero se da cumplimiento a las disposiciones de la Alerta de G\u00e9nero y del convenio de Proigualdad que suscribi\u00f3 la entidad.<\/p>\n<p>En este sentido, instruy\u00f3 a las dependencias del Ejecutivo estatal y organismos descentralizados a instalar estas unidades, mediante la modificaci\u00f3n a las normatividades internas de cada una de ellas, as\u00ed como incorporar a su anteproyecto de presupuesto una partida que permita la operaci\u00f3n de las mismas.<\/p>\n<p>Asimismo, hizo un llamado a los organismos aut\u00f3nomos, a los Poderes Legislativo y Judicial y a los 125 municipios mexiquenses, a que se sumen a este proyecto, el cual, dijo, fortalece el estado de Derecho.<\/p>\n<p>El mandatario del Estado de M\u00e9xico manifest\u00f3 que tambi\u00e9n se da seguimiento a la publicaci\u00f3n del Protocolo para la Prevenci\u00f3n, Atenci\u00f3n y Sanci\u00f3n del Hostigamiento y Acoso Sexual en la Administraci\u00f3n P\u00fablica Estatal, mediante el cual se establecen medidas para prevenir y sancionar estas conductas que pueden afectar a las servidoras p\u00fablicas en el \u00e1mbito laboral.<\/p>\n<p>Tambi\u00e9n instruy\u00f3 a las dependencias gubernamentales a capacitar a los funcionarios p\u00fablicos en la aplicaci\u00f3n de este protocolo.<\/p>\n<p>En este evento, el Gobernador tambi\u00e9n clausur\u00f3 las mesas de trabajo para la\u00a0 elaboraci\u00f3n del Programa Integral 2018-2023, en esta materia, donde participaron integrantes de la academia y organizaciones de la sociedad civil, para fortalecer los derechos de las mujeres, adem\u00e1s de construir propuestas en el rubro de igualdad, empoderamiento, prevenci\u00f3n, atenci\u00f3n, seguridad, justicia y erradicaci\u00f3n de la violencia de la mujer.<\/p>\n<p>Previamente, firm\u00f3 y promulg\u00f3 el decreto por el que se publican las reformas a la Ley Org\u00e1nica de la Administraci\u00f3n P\u00fablica, la Ley de Acceso a las Mujeres a una Vida Libre de Violencia y a la Ley de Igualdad de Trato y Oportunidades entre Mujeres y Hombres, con la finalidad de crear la Unidades de G\u00e9nero en las dependencias gubernamentales.<\/p>\n","protected":false},"excerpt":{"rendered":"<p>El gobernador del Estado de M\u00e9xico firm\u00f3 y promulg\u00f3 el decreto por el cual se modifican diversas leyes de la administraci\u00f3n p\u00fablica estatal, para crear las Unidades de G\u00e9nero en las diferentes dependencias gubernamentales, con la finalidad de generar pol\u00edticas y estrategias a favor de la igualdad y con perspectiva de g\u00e9nero, lo que convierte a la entidad en pionera a nivel nacional en esta materia.<\/p>\n","protected":false},"author":3,"featured_media":375716,"comment_status":"open","ping_status":"open","sticky":false,"template":"","format":"standard","meta":{"_monsterinsights_skip_tracking":false,"_monsterinsights_sitenote_active":false,"_monsterinsights_sitenote_note":"","_monsterinsights_sitenote_category":0,"footnotes":""},"categories":[5],"tags":[2505,43675,46334,45123,452],"class_list":["post-375615","post","type-post","status-publish","format-standard","has-post-thumbnail","hentry","category-estado-de-mexico","tag-alfredo-del-mazo-maza","tag-estado-de-mexico","tag-estrategia","tag-igualdad-de-genero","tag-toluca"],"_links":{"self":[{"href":"https:\/\/www.diarioimagen.net\/index.php?rest_route=\/wp\/v2\/posts\/375615","targetHints":{"allow":["GET"]}}],"collection":[{"href":"https:\/\/www.diarioimagen.net\/index.php?rest_route=\/wp\/v2\/posts"}],"about":[{"href":"https:\/\/www.diarioimagen.net\/index.php?rest_route=\/wp\/v2\/types\/post"}],"author":[{"embeddable":true,"href":"https:\/\/www.diarioimagen.net\/index.php?rest_route=\/wp\/v2\/users\/3"}],"replies":[{"embeddable":true,"href":"https:\/\/www.diarioimagen.net\/index.php?rest_route=%2Fwp%2Fv2%2Fcomments&post=375615"}],"version-history":[{"count":0,"href":"https:\/\/www.diarioimagen.net\/index.php?rest_route=\/wp\/v2\/posts\/375615\/revisions"}],"wp:featuredmedia":[{"embeddable":true,"href":"https:\/\/www.diarioimagen.net\/index.php?rest_route=\/wp\/v2\/media\/375716"}],"wp:attachment":[{"href":"https:\/\/www.diarioimagen.net\/index.php?rest_route=%2Fwp%2Fv2%2Fmedia&parent=375615"}],"wp:term":[{"taxonomy":"category","embeddable":true,"href":"https:\/\/www.diarioimagen.net\/index.php?rest_route=%2Fwp%2Fv2%2Fcategories&post=375615"},{"taxonomy":"post_tag","embeddable":true,"href":"https:\/\/www.diarioimagen.net\/index.php?rest_route=%2Fwp%2Fv2%2Ftags&post=375615"}],"curies":[{"name":"wp","href":"https:\/\/api.w.org\/{rel}","templated":true}]}}