{"id":375617,"date":"2018-05-10T00:10:05","date_gmt":"2018-05-10T05:10:05","guid":{"rendered":"http:\/\/www.diarioimagen.net\/?p=375617"},"modified":"2018-05-10T05:02:15","modified_gmt":"2018-05-10T10:02:15","slug":"mexicano-espacial-da-conferencia-motivacional-en-tultepec","status":"publish","type":"post","link":"https:\/\/www.diarioimagen.net\/?p=375617","title":{"rendered":"<em>Mexicano Espacial<\/em> da conferencia motivacional en Tultepec"},"content":{"rendered":"<ul>\n<li><strong><em>En la Universidad Mexiquense del Bicentenario<\/em><\/strong><\/li>\n<\/ul>\n<p>&nbsp;<\/p>\n<div id=\"attachment_375719\" style=\"width: 470px\" class=\"wp-caption aligncenter\"><a href=\"http:\/\/www.diarioimagen.net\/?attachment_id=375719\" rel=\"attachment wp-att-375719\"><img loading=\"lazy\" decoding=\"async\" aria-describedby=\"caption-attachment-375719\" class=\"size-large wp-image-375719\" src=\"http:\/\/www.diarioimagen.net\/wp-content\/uploads\/2018\/05\/mexicanoespacial-3364-460x259.jpg\" alt=\"\" width=\"460\" height=\"259\" srcset=\"https:\/\/www.diarioimagen.net\/wp-content\/uploads\/2018\/05\/mexicanoespacial-3364-460x259.jpg 460w, https:\/\/www.diarioimagen.net\/wp-content\/uploads\/2018\/05\/mexicanoespacial-3364-240x135.jpg 240w, https:\/\/www.diarioimagen.net\/wp-content\/uploads\/2018\/05\/mexicanoespacial-3364-235x132.jpg 235w, https:\/\/www.diarioimagen.net\/wp-content\/uploads\/2018\/05\/mexicanoespacial-3364-202x114.jpg 202w, https:\/\/www.diarioimagen.net\/wp-content\/uploads\/2018\/05\/mexicanoespacial-3364-350x196.jpg 350w, https:\/\/www.diarioimagen.net\/wp-content\/uploads\/2018\/05\/mexicanoespacial-3364-220x123.jpg 220w, https:\/\/www.diarioimagen.net\/wp-content\/uploads\/2018\/05\/mexicanoespacial-3364-237x132.jpg 237w, https:\/\/www.diarioimagen.net\/wp-content\/uploads\/2018\/05\/mexicanoespacial-3364.jpg 480w\" sizes=\"auto, (max-width: 460px) 100vw, 460px\" \/><\/a><p id=\"caption-attachment-375719\" class=\"wp-caption-text\">El estudiante tultepequense, Jonathan Cristhan S\u00e1nchez P\u00e9rez, ofreci\u00f3 una conferencia motivacional en la Universidad Mexiquense del Bicentenario (UMB) plantel Tultepec.<\/p><\/div>\n<p>&nbsp;<\/p>\n<p><strong>Tultepec, Estado de M\u00e9xico<\/strong>.- La Universidad Mexiquense del Bicentenario (UMB) plantel Tultepec, fue sede de la conferencia motivacional del estudiante tultepequense de 19 a\u00f1os de edad Jonathan Cristhan S\u00e1nchez P\u00e9rez, quien obtuvo el segundo lugar en el concurso organizado por la Administraci\u00f3n Nacional de la Aeron\u00e1utica y del Espacio (NASA).<\/p>\n<p>El estudiante de Ingenier\u00eda Aeron\u00e1utica de la Universidad Metropolitana de Hidalgo, conocido como el\u00a0Mexicano Espacial,\u00a0imparti\u00f3 la primera conferencia motivacional dirigida a alumnos de esta escuela, como parte de una serie de pl\u00e1ticas que sostendr\u00e1 con j\u00f3venes estudiantes de diversos planteles del municipio.<\/p>\n<p>Al dar la bienvenida, Mar\u00eda de Lourdes Nieto S\u00e1nchez, presidenta municipal por ministerio de ley, afirm\u00f3\u00a0que, en los \u00faltimos 15 a\u00f1os Tultepec le apuesta a la educaci\u00f3n, \u201cporque solo de esa forma lograremos una sociedad m\u00e1s justa, mejores ciudadanos y un mejor pa\u00eds para nuestros hijos\u201d.<\/p>\n<p>Ante Socorro Susana Rodr\u00edguez S\u00e1nchez, coordinadora del plantel,\u00a0precis\u00f3 que la administraci\u00f3n 2016-2018 est\u00e1 comprometida con la educaci\u00f3n y por ello trabaja en mejorar las condiciones de los planteles de todos los niveles, asegurando que no hay una sola escuela en el municipio en la que no se haya realizado alguna mejora durante este gobierno.<\/p>\n<p>La alcaldesa segur\u00f3 que\u00a0\u201ctrabajar por la educaci\u00f3n y m\u00e1s a\u00fan, trabajar en equipo, sin distingo de colores o credos partidistas, siempre permitir\u00e1 obtener mejores resultados en favor de la ciudadan\u00eda\u201d.<\/p>\n<p>Por su parte, el\u00a0<em><a href=\"https:\/\/twitter.com\/Mexican_Space\" target=\"_blank\" rel=\"noopener\">Mexicano Espacial<\/a>\u00a0<\/em>agradeci\u00f3 a las autoridades del Ayuntamiento de Tultepec, \u201cporque sin que nadie me conociera, no dudaron en brindarme el apoyo para viajar a la NASA y con ello iniciar el cumplimiento de mi sue\u00f1o de \u201calcanzar las estrellas\u201d.<strong>\u00a0<\/strong><\/p>\n","protected":false},"excerpt":{"rendered":"<p>La Universidad Mexiquense del Bicentenario (UMB) plantel Tultepec, fue sede de la conferencia motivacional del estudiante tultepequense de 19 a\u00f1os de edad Jonathan Cristhan S\u00e1nchez P\u00e9rez, quien obtuvo el segundo lugar en el concurso organizado por la Administraci\u00f3n Nacional de la Aeron\u00e1utica y del Espacio (NASA).<\/p>\n","protected":false},"author":3,"featured_media":375719,"comment_status":"open","ping_status":"open","sticky":false,"template":"","format":"standard","meta":{"_monsterinsights_skip_tracking":false,"_monsterinsights_sitenote_active":false,"_monsterinsights_sitenote_note":"","_monsterinsights_sitenote_category":0,"footnotes":""},"categories":[5],"tags":[71145,43675,73510,3802],"class_list":["post-375617","post","type-post","status-publish","format-standard","has-post-thumbnail","hentry","category-estado-de-mexico","tag-conferencia","tag-estado-de-mexico","tag-motivacional","tag-tultepec"],"_links":{"self":[{"href":"https:\/\/www.diarioimagen.net\/index.php?rest_route=\/wp\/v2\/posts\/375617","targetHints":{"allow":["GET"]}}],"collection":[{"href":"https:\/\/www.diarioimagen.net\/index.php?rest_route=\/wp\/v2\/posts"}],"about":[{"href":"https:\/\/www.diarioimagen.net\/index.php?rest_route=\/wp\/v2\/types\/post"}],"author":[{"embeddable":true,"href":"https:\/\/www.diarioimagen.net\/index.php?rest_route=\/wp\/v2\/users\/3"}],"replies":[{"embeddable":true,"href":"https:\/\/www.diarioimagen.net\/index.php?rest_route=%2Fwp%2Fv2%2Fcomments&post=375617"}],"version-history":[{"count":0,"href":"https:\/\/www.diarioimagen.net\/index.php?rest_route=\/wp\/v2\/posts\/375617\/revisions"}],"wp:featuredmedia":[{"embeddable":true,"href":"https:\/\/www.diarioimagen.net\/index.php?rest_route=\/wp\/v2\/media\/375719"}],"wp:attachment":[{"href":"https:\/\/www.diarioimagen.net\/index.php?rest_route=%2Fwp%2Fv2%2Fmedia&parent=375617"}],"wp:term":[{"taxonomy":"category","embeddable":true,"href":"https:\/\/www.diarioimagen.net\/index.php?rest_route=%2Fwp%2Fv2%2Fcategories&post=375617"},{"taxonomy":"post_tag","embeddable":true,"href":"https:\/\/www.diarioimagen.net\/index.php?rest_route=%2Fwp%2Fv2%2Ftags&post=375617"}],"curies":[{"name":"wp","href":"https:\/\/api.w.org\/{rel}","templated":true}]}}