{"id":375652,"date":"2018-05-10T00:04:07","date_gmt":"2018-05-10T05:04:07","guid":{"rendered":"http:\/\/www.diarioimagen.net\/?p=375652"},"modified":"2018-05-10T05:30:27","modified_gmt":"2018-05-10T10:30:27","slug":"el-gobierno-de-tultitlan-trabaja-para-prevenir-delito-y-violencia-de-genero","status":"publish","type":"post","link":"https:\/\/www.diarioimagen.net\/?p=375652","title":{"rendered":"El gobierno de Tultitl\u00e1n trabaja para prevenir delito y violencia de g\u00e9nero"},"content":{"rendered":"<ul>\n<li><strong><em>Imparten talleres y pl\u00e1ticas<\/em><\/strong><\/li>\n<\/ul>\n<p>&nbsp;<\/p>\n<div id=\"attachment_375748\" style=\"width: 470px\" class=\"wp-caption aligncenter\"><a href=\"http:\/\/www.diarioimagen.net\/?attachment_id=375748\" rel=\"attachment wp-att-375748\"><img loading=\"lazy\" decoding=\"async\" aria-describedby=\"caption-attachment-375748\" class=\"size-large wp-image-375748\" src=\"http:\/\/www.diarioimagen.net\/wp-content\/uploads\/2018\/05\/TULTITLAN-3364-460x259.jpg\" alt=\"\" width=\"460\" height=\"259\" srcset=\"https:\/\/www.diarioimagen.net\/wp-content\/uploads\/2018\/05\/TULTITLAN-3364-460x259.jpg 460w, https:\/\/www.diarioimagen.net\/wp-content\/uploads\/2018\/05\/TULTITLAN-3364-240x135.jpg 240w, https:\/\/www.diarioimagen.net\/wp-content\/uploads\/2018\/05\/TULTITLAN-3364-235x132.jpg 235w, https:\/\/www.diarioimagen.net\/wp-content\/uploads\/2018\/05\/TULTITLAN-3364-202x114.jpg 202w, https:\/\/www.diarioimagen.net\/wp-content\/uploads\/2018\/05\/TULTITLAN-3364-350x196.jpg 350w, https:\/\/www.diarioimagen.net\/wp-content\/uploads\/2018\/05\/TULTITLAN-3364-220x123.jpg 220w, https:\/\/www.diarioimagen.net\/wp-content\/uploads\/2018\/05\/TULTITLAN-3364-237x132.jpg 237w, https:\/\/www.diarioimagen.net\/wp-content\/uploads\/2018\/05\/TULTITLAN-3364.jpg 480w\" sizes=\"auto, (max-width: 460px) 100vw, 460px\" \/><\/a><p id=\"caption-attachment-375748\" class=\"wp-caption-text\">La Direcci\u00f3n de Seguridad Publica, Vialidad y Protecci\u00f3n Civil imparte talleres y pl\u00e1ticas de prevenci\u00f3n del delito en diferentes escuelas\u00a0 de la demarcaci\u00f3n.<\/p><\/div>\n<p>&nbsp;<\/p>\n<p><strong>Tultitl\u00e1n, Estado de M\u00e9xico<\/strong>.- Con la finalidad de prevenir, fomentar y crear una cultura de la prevenci\u00f3n del delito y violencia de genero entre el sector municipal, la Direcci\u00f3n de Seguridad Publica, Vialidad y Protecci\u00f3n Civil imparte talleres y pl\u00e1ticas de prevenci\u00f3n del delito en diferentes escuelas\u00a0 de la demarcaci\u00f3n.<\/p>\n<p>Asimismo, Seguridad Publica se\u00f1alo \u201cgracias a estas pl\u00e1ticas sabemos que se pueden corregir conductas en los diferentes niveles acad\u00e9micos, tambi\u00e9n sabemos que es importante tener contacto con los padres de familia haciendo talleres para ellos y concientizarlos de la importancia de tener mayor comunicaci\u00f3n con sus hijos, retomando valores y principios morales.<\/p>\n<p>El personal a cargo de impartir estas pl\u00e1ticas asegur\u00f3 que la educaci\u00f3n es una de las herramientas necesarias para tener una sociedad m\u00e1s fortalecida y que en un futuro sean adultos de bien.<\/p>\n<p>Algunos de los temas que se abordan son el acoso escolar, ciberacoso y sextorciones, violencia en el noviazgo, sexualidad responsable, violencia intrafamiliar, violencia de g\u00e9nero, menores infractores, como se puede prevenir un asalto o un robo, prevenci\u00f3n de adicciones, c\u00edvica y \u00e9tica, entre otros temas.<\/p>\n<p>Dichos temas son proyectados y se trabaja de forma din\u00e1mica con los alumnos, donde platican sus experiencias y se aclaran dudas que se llegaran a tener e indicaron que la manera de acercar estas charlas a los estudiantes se realiza a solicitud de la instituci\u00f3n.<\/p>\n<p>Cabe resaltar que estas pl\u00e1ticas se proyectan de manera permanente y se busca abarcar todas las escuelas del municipio.<\/p>\n<p>Finalmente dichas platicas se seguir\u00e1n impartiendo en las diferentes escuelas de la demarcaci\u00f3n.<\/p>\n","protected":false},"excerpt":{"rendered":"<p>Con la finalidad de prevenir, fomentar y crear una cultura de la prevenci\u00f3n del delito y violencia de genero entre el sector municipal, la Direcci\u00f3n de Seguridad Publica, Vialidad y Protecci\u00f3n Civil imparte talleres y pl\u00e1ticas de prevenci\u00f3n del delito en diferentes escuelas  de la demarcaci\u00f3n.<\/p>\n","protected":false},"author":3,"featured_media":375748,"comment_status":"open","ping_status":"open","sticky":false,"template":"","format":"standard","meta":{"_monsterinsights_skip_tracking":false,"_monsterinsights_sitenote_active":false,"_monsterinsights_sitenote_note":"","_monsterinsights_sitenote_category":0,"footnotes":""},"categories":[35155],"tags":[43675,578,14425],"class_list":["post-375652","post","type-post","status-publish","format-standard","has-post-thumbnail","hentry","category-estado-de-mexico-estado-de-mexico","tag-estado-de-mexico","tag-tultitlan","tag-violencia-de-genero"],"_links":{"self":[{"href":"https:\/\/www.diarioimagen.net\/index.php?rest_route=\/wp\/v2\/posts\/375652","targetHints":{"allow":["GET"]}}],"collection":[{"href":"https:\/\/www.diarioimagen.net\/index.php?rest_route=\/wp\/v2\/posts"}],"about":[{"href":"https:\/\/www.diarioimagen.net\/index.php?rest_route=\/wp\/v2\/types\/post"}],"author":[{"embeddable":true,"href":"https:\/\/www.diarioimagen.net\/index.php?rest_route=\/wp\/v2\/users\/3"}],"replies":[{"embeddable":true,"href":"https:\/\/www.diarioimagen.net\/index.php?rest_route=%2Fwp%2Fv2%2Fcomments&post=375652"}],"version-history":[{"count":0,"href":"https:\/\/www.diarioimagen.net\/index.php?rest_route=\/wp\/v2\/posts\/375652\/revisions"}],"wp:featuredmedia":[{"embeddable":true,"href":"https:\/\/www.diarioimagen.net\/index.php?rest_route=\/wp\/v2\/media\/375748"}],"wp:attachment":[{"href":"https:\/\/www.diarioimagen.net\/index.php?rest_route=%2Fwp%2Fv2%2Fmedia&parent=375652"}],"wp:term":[{"taxonomy":"category","embeddable":true,"href":"https:\/\/www.diarioimagen.net\/index.php?rest_route=%2Fwp%2Fv2%2Fcategories&post=375652"},{"taxonomy":"post_tag","embeddable":true,"href":"https:\/\/www.diarioimagen.net\/index.php?rest_route=%2Fwp%2Fv2%2Ftags&post=375652"}],"curies":[{"name":"wp","href":"https:\/\/api.w.org\/{rel}","templated":true}]}}