{"id":375656,"date":"2018-05-10T00:08:54","date_gmt":"2018-05-10T05:08:54","guid":{"rendered":"http:\/\/www.diarioimagen.net\/?p=375656"},"modified":"2018-05-10T05:36:39","modified_gmt":"2018-05-10T10:36:39","slug":"invirtio-uaem-mas-de-2-mdp-en-potros-salvajes-en-2017","status":"publish","type":"post","link":"https:\/\/www.diarioimagen.net\/?p=375656","title":{"rendered":"Invirti\u00f3 UAEM m\u00e1s de 2 mdp en Potros Salvajes en 2017"},"content":{"rendered":"<ul>\n<li><strong><em>Potencian la capacidad competitiva<\/em><\/strong><\/li>\n<\/ul>\n<p>&nbsp;<\/p>\n<div id=\"attachment_375753\" style=\"width: 470px\" class=\"wp-caption aligncenter\"><a href=\"http:\/\/www.diarioimagen.net\/?attachment_id=375753\" rel=\"attachment wp-att-375753\"><img loading=\"lazy\" decoding=\"async\" aria-describedby=\"caption-attachment-375753\" class=\"size-large wp-image-375753\" src=\"http:\/\/www.diarioimagen.net\/wp-content\/uploads\/2018\/05\/UAEM-3364-460x259.jpg\" alt=\"\" width=\"460\" height=\"259\" srcset=\"https:\/\/www.diarioimagen.net\/wp-content\/uploads\/2018\/05\/UAEM-3364-460x259.jpg 460w, https:\/\/www.diarioimagen.net\/wp-content\/uploads\/2018\/05\/UAEM-3364-240x135.jpg 240w, https:\/\/www.diarioimagen.net\/wp-content\/uploads\/2018\/05\/UAEM-3364-235x132.jpg 235w, https:\/\/www.diarioimagen.net\/wp-content\/uploads\/2018\/05\/UAEM-3364-202x114.jpg 202w, https:\/\/www.diarioimagen.net\/wp-content\/uploads\/2018\/05\/UAEM-3364-350x196.jpg 350w, https:\/\/www.diarioimagen.net\/wp-content\/uploads\/2018\/05\/UAEM-3364-220x123.jpg 220w, https:\/\/www.diarioimagen.net\/wp-content\/uploads\/2018\/05\/UAEM-3364-237x132.jpg 237w, https:\/\/www.diarioimagen.net\/wp-content\/uploads\/2018\/05\/UAEM-3364.jpg 480w\" sizes=\"auto, (max-width: 460px) 100vw, 460px\" \/><\/a><p id=\"caption-attachment-375753\" class=\"wp-caption-text\">El Ayuntamiento de Toluca entreg\u00f3 un reconocimiento a Potros Salvajes, con motivo de su 60 aniversario.<\/p><\/div>\n<p>&nbsp;<\/p>\n<p><strong>Toluca, Estado de M\u00e9xico<\/strong>. \u2013 Para potenciar la capacidad competitiva de los Potros Salvajes, la Universidad Aut\u00f3noma del Estado de M\u00e9xico invirti\u00f3 en 2017 m\u00e1s de 2 millones 75 mil pesos en el mantenimiento de las instalaciones que ocupa este representativo verde y oro, as\u00ed como la adquisici\u00f3n de uniformes y suplementos alimenticios, destac\u00f3 la secretaria de Cultura F\u00edsica y Deporte de la instituci\u00f3n, Monica Marina Mondrag\u00f3n Ixtlahuac.<\/p>\n<p>Al recibir el reconocimiento que otorg\u00f3 el cabildo del Ayuntamiento de Toluca al equipo universitario de f\u00fatbol americano, por la consecuci\u00f3n del Campeonato de la Organizaci\u00f3n Nacional Estudiantil de F\u00fatbol Americano (ONEFA) 2017, la servidora universitaria subray\u00f3 que la instituci\u00f3n trabaja, con los sectores p\u00fablico y privado, en la gesti\u00f3n de recursos para este conjunto deportivo.<\/p>\n<p>Durante la 97 Sesi\u00f3n Ordinaria de Cabildo, celebrada en el recinto oficial \u201cFelipe Ch\u00e1vez Becerril\u201d, el alcalde y los regidores reconocieron el trabajo de los Potros Salvajes de la UAEM, con motivo de su 60 aniversario.<\/p>\n<p>Asimismo, recibieron reconocimiento el fundador del equipo, \u00d3scar Guadarrama G\u00f3mez; el head coach, Sergio Rodr\u00edguez Garc\u00eda, y el presidente de la Fraternidad Potros Salvajes, Pablo Andrade Delgado.<\/p>\n<p>Por otra parte, M\u00f3nica Mondrag\u00f3n Ixtlahuac puntualiz\u00f3 los logros de los deportistas universitarios durante la Universiada Nacional UAEM 2018, en la que consiguieron 32 medallas, superando por ocho el m\u00e1ximo hist\u00f3rico de la instituci\u00f3n en esta fiesta del deporte de los universitarios de M\u00e9xico. Estos resultados, puntualiz\u00f3, son producto del esfuerzo y trabajo en equipo.<\/p>\n","protected":false},"excerpt":{"rendered":"<p>Para potenciar la capacidad competitiva de los Potros Salvajes, la Universidad Aut\u00f3noma del Estado de M\u00e9xico invirti\u00f3 en 2017 m\u00e1s de 2 millones 75 mil pesos en el mantenimiento de las instalaciones que ocupa este representativo verde y oro, as\u00ed como la adquisici\u00f3n de uniformes y suplementos alimenticios, destac\u00f3 la secretaria de Cultura F\u00edsica y Deporte de la instituci\u00f3n, Monica Marina Mondrag\u00f3n Ixtlahuac.<\/p>\n","protected":false},"author":3,"featured_media":375753,"comment_status":"open","ping_status":"open","sticky":false,"template":"","format":"standard","meta":{"_monsterinsights_skip_tracking":false,"_monsterinsights_sitenote_active":false,"_monsterinsights_sitenote_note":"","_monsterinsights_sitenote_category":0,"footnotes":""},"categories":[35155],"tags":[43675,5247,73521,452,1491],"class_list":["post-375656","post","type-post","status-publish","format-standard","has-post-thumbnail","hentry","category-estado-de-mexico-estado-de-mexico","tag-estado-de-mexico","tag-inversion","tag-potros-salvajes","tag-toluca","tag-uaem"],"_links":{"self":[{"href":"https:\/\/www.diarioimagen.net\/index.php?rest_route=\/wp\/v2\/posts\/375656","targetHints":{"allow":["GET"]}}],"collection":[{"href":"https:\/\/www.diarioimagen.net\/index.php?rest_route=\/wp\/v2\/posts"}],"about":[{"href":"https:\/\/www.diarioimagen.net\/index.php?rest_route=\/wp\/v2\/types\/post"}],"author":[{"embeddable":true,"href":"https:\/\/www.diarioimagen.net\/index.php?rest_route=\/wp\/v2\/users\/3"}],"replies":[{"embeddable":true,"href":"https:\/\/www.diarioimagen.net\/index.php?rest_route=%2Fwp%2Fv2%2Fcomments&post=375656"}],"version-history":[{"count":0,"href":"https:\/\/www.diarioimagen.net\/index.php?rest_route=\/wp\/v2\/posts\/375656\/revisions"}],"wp:featuredmedia":[{"embeddable":true,"href":"https:\/\/www.diarioimagen.net\/index.php?rest_route=\/wp\/v2\/media\/375753"}],"wp:attachment":[{"href":"https:\/\/www.diarioimagen.net\/index.php?rest_route=%2Fwp%2Fv2%2Fmedia&parent=375656"}],"wp:term":[{"taxonomy":"category","embeddable":true,"href":"https:\/\/www.diarioimagen.net\/index.php?rest_route=%2Fwp%2Fv2%2Fcategories&post=375656"},{"taxonomy":"post_tag","embeddable":true,"href":"https:\/\/www.diarioimagen.net\/index.php?rest_route=%2Fwp%2Fv2%2Ftags&post=375656"}],"curies":[{"name":"wp","href":"https:\/\/api.w.org\/{rel}","templated":true}]}}