{"id":375789,"date":"2018-05-11T00:09:06","date_gmt":"2018-05-11T05:09:06","guid":{"rendered":"http:\/\/www.diarioimagen.net\/?p=375789"},"modified":"2018-05-10T23:55:25","modified_gmt":"2018-05-11T04:55:25","slug":"amlo-pide-que-constructores-de-naicm-sean-inversionistas","status":"publish","type":"post","link":"https:\/\/www.diarioimagen.net\/?p=375789","title":{"rendered":"Refuta L\u00f3pez Obrador rentabilidad del NAICM"},"content":{"rendered":"<ul>\n<li><em><strong>Insiste en que debe licitarse nueva terminal<\/strong><\/em><\/li>\n<li><em><strong>Denuncia presi\u00f3n al Tribunal Electoral por caso \u201cNapito\u201d<\/strong><\/em><\/li>\n<\/ul>\n<p>&nbsp;<\/p>\n<p>&nbsp;<\/p>\n<div id=\"attachment_375790\" style=\"width: 470px\" class=\"wp-caption aligncenter\"><img loading=\"lazy\" decoding=\"async\" aria-describedby=\"caption-attachment-375790\" class=\"wp-image-375790 size-large\" src=\"http:\/\/www.diarioimagen.net\/wp-content\/uploads\/2018\/05\/AMLO11-portal-460x268.jpg\" alt=\"\" width=\"460\" height=\"268\" srcset=\"https:\/\/www.diarioimagen.net\/wp-content\/uploads\/2018\/05\/AMLO11-portal-460x268.jpg 460w, https:\/\/www.diarioimagen.net\/wp-content\/uploads\/2018\/05\/AMLO11-portal-240x140.jpg 240w, https:\/\/www.diarioimagen.net\/wp-content\/uploads\/2018\/05\/AMLO11-portal.jpg 480w\" sizes=\"auto, (max-width: 460px) 100vw, 460px\" \/><p id=\"caption-attachment-375790\" class=\"wp-caption-text\">Andr\u00e9s Manuel L\u00f3pez Obrador reinici\u00f3 su gira de proselitismo por la Huasteca veracruzana, donde rechaz\u00f3 que el NAICM sea la empresa m\u00e1s rentable del pa\u00eds.<\/p><\/div>\n<p>&nbsp;<\/p>\n<p>Andr\u00e9s Manuel L\u00f3pez Obrador insisti\u00f3 en su propuesta de que se concesione a la iniciativa privada la construcci\u00f3n del Nuevo Aeropuerto Internacional de M\u00e9xico (NAICM).<\/p>\n<p>\u201c\u00bfC\u00f3mo va a ser rentable, si ya se han ejercido 85 mil millones de pesos y todav\u00eda no terminan de rellenar el terreno?\u201d, dijo de gira por Veracruz.<\/p>\n<p>El mi\u00e9rcoles, el vocero del gobierno federal expuso que el esquema de financiamiento del proyecto garantizaba que la inversi\u00f3n mantuviera la alt\u00edsima rentabilidad del aeropuerto para el Estado.<\/p>\n<p>El candidato presidencial de la coalici\u00f3n Juntos Haremos Historia afirm\u00f3 que los recursos privados invertidos en la megaobra son menores en comparaci\u00f3n con el dinero que ha comprometido el gobierno federal. \u201cSi hay alta rentabilidad, como dicen, pues con m\u00e1s raz\u00f3n; si hay alta rentabilidad, \u00bfqu\u00e9 esperan?\u201d.<\/p>\n<p>\u201cEs muy poco lo que hay de inversi\u00f3n, es dinero de todo el pueblo, no se puede llevar toda la inversi\u00f3n p\u00fablica el aeropuerto, nos van a arruchar (dejar sin dinero), nos van a dejar m\u00e1s socavones, no queremos socavones ya\u201d, sostuvo en entrevista con medios en P\u00e1nuco.<\/p>\n<p>El morenista indic\u00f3 que, si gana la elecci\u00f3n presidencial, sostendr\u00e1 una negociaci\u00f3n con los empresarios que ya invirtieron en el NAICM.<\/p>\n<p>\u201cNos pondr\u00edamos de acuerdo para ver lo que ya se ha ejercido, c\u00f3mo vamos a quedar con eso, y se entrega la concesi\u00f3n; yo lo que deseo es que no se siga utilizando dinero del presupuesto para esa obra fara\u00f3nica, que implica, entre otras cosas, rellenar el Lago de Texcoco.<\/p>\n<p>\u201cYa se acabaron todos los cerros de la regi\u00f3n, devastaron toda la zona y no han terminado de rellenar, porque es un lago, el suelo firme est\u00e1 hasta 50 metros de profundidad, es el peor lugar para construir un aeropuerto; es decisi\u00f3n de ellos, si quieren seguir ah\u00ed, que lo hagan, pero con su dinero, no con el dinero de los mexicanos\u201d.<\/p>\n<p>&nbsp;<\/p>\n<p style=\"text-align: center;\"><strong>Acusa presi\u00f3n a TEPJF<\/strong><strong>\u00a0por caso \u201cNapito\u201d<\/strong><\/p>\n<p>L\u00f3pez Obrador acus\u00f3 que los magistrados de la Sala Superior del Tribunal Electoral del Poder Judicial de la Federaci\u00f3n (TEPJF) han sido presionados para que le nieguen la candidatura plurinominal al Senado al dirigente minero Napole\u00f3n G\u00f3mez Urrutia.<\/p>\n<p>\u201cQuiero aprovechar para decirle a los magistrados del Tribunal Electoral que no se dejen presionar en el caso de Napole\u00f3n G\u00f3mez Urrutia, porque tengo informaci\u00f3n de que los est\u00e1n apretando para que tomen una decisi\u00f3n en contra\u201d, afirm\u00f3 en entrevista.<\/p>\n<p>Para L\u00f3pez Obrador, la cercan\u00eda de la sentencia laboral al d\u00eda de la elecci\u00f3n es una maniobra pol\u00edtica del Gobierno.<\/p>\n<p>\u201cHoy sali\u00f3 en un peri\u00f3dico, en ocho columnas, una nueva denuncia, y el mismo peri\u00f3dico, con objetividad, menciona que aparece esta denuncia en v\u00edsperas de las elecciones, o sea que tiene un tinte pol\u00edtico-electoral\u201d, sostuvo.<\/p>\n<p>Tras encabezar un acto de campa\u00f1a en P\u00e1nuco, Veracruz, el abanderado presidencial de la coalici\u00f3n Juntos Haremos Historia llam\u00f3 a los Magistrados electorales resolver con imparcialidad sobre la procedencia de la candidatura de G\u00f3mez Urrutia.<\/p>\n<p>\u201cYo le dir\u00eda a los magistrados que act\u00faen de conformidad con la ley, que no permitan la presi\u00f3n de nadie y que resuelvan con absoluta libertad, apegados a la ley\u201d, pidi\u00f3.<\/p>\n<p>El registro del dirigente minero como candidato plurinominal al Senado por Morena fue impugnado ante el Tribunal Electoral debido a que Napo tiene doble nacionalidad.<\/p>\n<p>&nbsp;<\/p>\n<p style=\"text-align: center;\"><strong>Felicita con mucho cari\u00f1o a las mam\u00e1s este 10 de Mayo<\/strong><\/p>\n<p>L\u00f3pez Obrador felicit\u00f3 a todas las mam\u00e1s de M\u00e9xico y extern\u00f3 su amor eterno a quienes se adelantaron en el camino.<\/p>\n<p>En un video publicado en su cuenta de Twitter @lopezobrador_, el aspirante de Morena extern\u00f3:<\/p>\n<p>\u201cMi m\u00e1s sincera felicitaci\u00f3n a todas las madres de M\u00e9xico mi recuerdo a las que son finadas a las que se nos adelantaron amor eterno para ellas y mucho cari\u00f1o para las madres hoy en su d\u00eda.<\/p>\n<p>\u201cMuchos recuerdos para nuestras mam\u00e1s. En mi caso mi recuerdo para Manuelita, para Roc\u00edo y un beso para Beatriz, pero extensivo todo lo que digo a todas las madres de M\u00e9xico. Esto va m\u00e1s all\u00e1 de los partidos, las diferencias que podamos tener, esto es un amor muy profundo, el amor a las madres\u201d.<\/p>\n","protected":false},"excerpt":{"rendered":"<p>Andr\u00e9s Manuel L\u00f3pez Obrador insisti\u00f3 en su propuesta de que se concesione a la iniciativa privada la construcci\u00f3n del Nuevo Aeropuerto Internacional de M\u00e9xico (NAICM).<\/p>\n","protected":false},"author":5,"featured_media":375790,"comment_status":"open","ping_status":"open","sticky":false,"template":"","format":"standard","meta":{"_monsterinsights_skip_tracking":false,"_monsterinsights_sitenote_active":false,"_monsterinsights_sitenote_note":"","_monsterinsights_sitenote_category":0,"footnotes":""},"categories":[3],"tags":[2545,1352,17993,43673,38662,8314,72672,73575],"class_list":["post-375789","post","type-post","status-publish","format-standard","has-post-thumbnail","hentry","category-nacional","tag-amlo","tag-andres-manuel-lopez-obrador","tag-inversionistas","tag-nacional","tag-naicm","tag-napoleon-gomez-urrutia","tag-nuevo-aeropuerto-internacional","tag-rentabilidad"],"_links":{"self":[{"href":"https:\/\/www.diarioimagen.net\/index.php?rest_route=\/wp\/v2\/posts\/375789","targetHints":{"allow":["GET"]}}],"collection":[{"href":"https:\/\/www.diarioimagen.net\/index.php?rest_route=\/wp\/v2\/posts"}],"about":[{"href":"https:\/\/www.diarioimagen.net\/index.php?rest_route=\/wp\/v2\/types\/post"}],"author":[{"embeddable":true,"href":"https:\/\/www.diarioimagen.net\/index.php?rest_route=\/wp\/v2\/users\/5"}],"replies":[{"embeddable":true,"href":"https:\/\/www.diarioimagen.net\/index.php?rest_route=%2Fwp%2Fv2%2Fcomments&post=375789"}],"version-history":[{"count":0,"href":"https:\/\/www.diarioimagen.net\/index.php?rest_route=\/wp\/v2\/posts\/375789\/revisions"}],"wp:featuredmedia":[{"embeddable":true,"href":"https:\/\/www.diarioimagen.net\/index.php?rest_route=\/wp\/v2\/media\/375790"}],"wp:attachment":[{"href":"https:\/\/www.diarioimagen.net\/index.php?rest_route=%2Fwp%2Fv2%2Fmedia&parent=375789"}],"wp:term":[{"taxonomy":"category","embeddable":true,"href":"https:\/\/www.diarioimagen.net\/index.php?rest_route=%2Fwp%2Fv2%2Fcategories&post=375789"},{"taxonomy":"post_tag","embeddable":true,"href":"https:\/\/www.diarioimagen.net\/index.php?rest_route=%2Fwp%2Fv2%2Ftags&post=375789"}],"curies":[{"name":"wp","href":"https:\/\/api.w.org\/{rel}","templated":true}]}}