{"id":376036,"date":"2018-05-14T00:10:39","date_gmt":"2018-05-14T05:10:39","guid":{"rendered":"http:\/\/www.diarioimagen.net\/?p=376036"},"modified":"2018-05-14T02:02:55","modified_gmt":"2018-05-14T07:02:55","slug":"disminuye-el-indice-de-mortalidad-entre-infantes","status":"publish","type":"post","link":"https:\/\/www.diarioimagen.net\/?p=376036","title":{"rendered":"Disminuye el \u00edndice de mortalidad entre infantes"},"content":{"rendered":"<h2>Arco Norte<\/h2>\n<h5>Jos\u00e9 Luis Monta\u00f1ez<\/h5>\n<p>&nbsp;<\/p>\n<p><a href=\"http:\/\/www.diarioimagen.net\/?attachment_id=376112\" rel=\"attachment wp-att-376112\"><img loading=\"lazy\" decoding=\"async\" class=\"aligncenter size-large wp-image-376112\" src=\"http:\/\/www.diarioimagen.net\/wp-content\/uploads\/2018\/05\/arco-3366-460x259.jpg\" alt=\"\" width=\"460\" height=\"259\" srcset=\"https:\/\/www.diarioimagen.net\/wp-content\/uploads\/2018\/05\/arco-3366-460x259.jpg 460w, https:\/\/www.diarioimagen.net\/wp-content\/uploads\/2018\/05\/arco-3366-240x135.jpg 240w, https:\/\/www.diarioimagen.net\/wp-content\/uploads\/2018\/05\/arco-3366-235x132.jpg 235w, https:\/\/www.diarioimagen.net\/wp-content\/uploads\/2018\/05\/arco-3366-202x114.jpg 202w, https:\/\/www.diarioimagen.net\/wp-content\/uploads\/2018\/05\/arco-3366-350x196.jpg 350w, https:\/\/www.diarioimagen.net\/wp-content\/uploads\/2018\/05\/arco-3366-220x123.jpg 220w, https:\/\/www.diarioimagen.net\/wp-content\/uploads\/2018\/05\/arco-3366-237x132.jpg 237w, https:\/\/www.diarioimagen.net\/wp-content\/uploads\/2018\/05\/arco-3366.jpg 480w\" sizes=\"auto, (max-width: 460px) 100vw, 460px\" \/><\/a><\/p>\n<p>&nbsp;<\/p>\n<p>Por las acciones de prevenci\u00f3n y seguimiento de la salud infantil, los \u00edndices de mortalidad en este sector disminuyeron en el Estado de M\u00e9xico, al pasar de 343 defunciones por cada 100 mil ni\u00f1os menores de cinco a\u00f1os en 2012, a 276 en 2016.<\/p>\n<p>Por ello, el Comit\u00e9 de Estrategias para la Reducci\u00f3n de la Mortalidad en la Infancia del Estado de M\u00e9xico, recibi\u00f3 un reconocimiento por parte del Centro Nacional para la Salud de la Infancia y la Adolescencia de la Secretar\u00eda de Salud Federal.<\/p>\n<p>Asimismo, se reconocieron las medidas desarrolladas en territorio mexiquense para bajar la incidencia de muertes por infecciones respiratorias agudas (IRAS) en peque\u00f1os de este rango de edad.<\/p>\n<p>En este sentido, se inform\u00f3 que en 2012 y, a consecuencia de las IRAS, el estado registraba una tasa de 40 defunciones por cada 100 mil ni\u00f1os menores de 5 a\u00f1os; sin embargo, como resultado de la labor que realiza personal de salud de las diversas instituciones, baj\u00f3 a siete para 2016.<\/p>\n<p style=\"text-align: center;\"><strong>Convenio a favor de viviendas en condici\u00f3n de vulnerabilidad<\/strong><\/p>\n<p>Para mejorar la calidad, espacios y servicios b\u00e1sicos en casas-habitaci\u00f3n de localidades con altos \u00edndices de marginaci\u00f3n, la Secretar\u00eda de Desarrollo Social del Estado de M\u00e9xico (Sedesem) y la Delegaci\u00f3n de Desarrollo Agrario, Territorial y Urbano (Sedatu) firmaron el Convenio de Coordinaci\u00f3n para la Ejecuci\u00f3n del Programa de Infraestructura y Mejoramiento a la Vivienda.<\/p>\n<p>Con base en este objetivo, el Gobierno del Estado acordar\u00e1, que sean los municipios quienes ejerzan los recursos, una vez que hayan sido aprobados sus proyectos de vivienda.<\/p>\n<p>As\u00ed lo se\u00f1al\u00f3 el Secretario de Desarrollo Social, quien agreg\u00f3 que en la entidad \u201cla tarea se vuelve doblemente importante, por concentrar el mayor n\u00famero de mexicanos y ser el segundo estado que m\u00e1s aporta a la econom\u00eda nacional, adem\u00e1s de que ofrece educaci\u00f3n a 4.6 millones de estudiantes\u201d.<\/p>\n<p>Todos los d\u00edas -dijo- se otorgan servicios b\u00e1sicos a m\u00e1s de 4.1 millones de viviendas; por ello, se implementa una pol\u00edtica social integral que involucra la participaci\u00f3n de diversas dependencias federales, estatales y municipales, a efecto de unir esfuerzos y dinamizar recursos.<\/p>\n<p><em><a href=\"mailto:montanezaguilar@gmail.com\" target=\"_blank\" rel=\"noopener\">montanezaguilar@gmail.com<\/a><\/em><\/p>\n","protected":false},"excerpt":{"rendered":"<p><span style=\"color: #005497;\">Jos\u00e9 Luis Monta\u00f1ez<\/span><br \/>\n<br \/>\nPor las acciones de prevenci\u00f3n y seguimiento de la salud infantil, los \u00edndices de mortalidad en este sector disminuyeron en el Estado de M\u00e9xico, al pasar de 343 defunciones por cada 100 mil ni\u00f1os menores de cinco a\u00f1os en 2012, a 276 en 2016.<\/p>\n","protected":false},"author":3,"featured_media":376112,"comment_status":"open","ping_status":"open","sticky":false,"template":"","format":"standard","meta":{"_monsterinsights_skip_tracking":false,"_monsterinsights_sitenote_active":false,"_monsterinsights_sitenote_note":"","_monsterinsights_sitenote_category":0,"footnotes":""},"categories":[5],"tags":[6185,4432,54579,57256,43673,43674,702,5066],"class_list":["post-376036","post","type-post","status-publish","format-standard","has-post-thumbnail","hentry","category-estado-de-mexico","tag-campana","tag-candidatos","tag-jose-luis-montanez","tag-la-ley-de-herodes","tag-nacional","tag-opinion","tag-segob","tag-violencia"],"_links":{"self":[{"href":"https:\/\/www.diarioimagen.net\/index.php?rest_route=\/wp\/v2\/posts\/376036","targetHints":{"allow":["GET"]}}],"collection":[{"href":"https:\/\/www.diarioimagen.net\/index.php?rest_route=\/wp\/v2\/posts"}],"about":[{"href":"https:\/\/www.diarioimagen.net\/index.php?rest_route=\/wp\/v2\/types\/post"}],"author":[{"embeddable":true,"href":"https:\/\/www.diarioimagen.net\/index.php?rest_route=\/wp\/v2\/users\/3"}],"replies":[{"embeddable":true,"href":"https:\/\/www.diarioimagen.net\/index.php?rest_route=%2Fwp%2Fv2%2Fcomments&post=376036"}],"version-history":[{"count":0,"href":"https:\/\/www.diarioimagen.net\/index.php?rest_route=\/wp\/v2\/posts\/376036\/revisions"}],"wp:featuredmedia":[{"embeddable":true,"href":"https:\/\/www.diarioimagen.net\/index.php?rest_route=\/wp\/v2\/media\/376112"}],"wp:attachment":[{"href":"https:\/\/www.diarioimagen.net\/index.php?rest_route=%2Fwp%2Fv2%2Fmedia&parent=376036"}],"wp:term":[{"taxonomy":"category","embeddable":true,"href":"https:\/\/www.diarioimagen.net\/index.php?rest_route=%2Fwp%2Fv2%2Fcategories&post=376036"},{"taxonomy":"post_tag","embeddable":true,"href":"https:\/\/www.diarioimagen.net\/index.php?rest_route=%2Fwp%2Fv2%2Ftags&post=376036"}],"curies":[{"name":"wp","href":"https:\/\/api.w.org\/{rel}","templated":true}]}}