{"id":376198,"date":"2018-05-15T00:05:25","date_gmt":"2018-05-15T05:05:25","guid":{"rendered":"http:\/\/www.diarioimagen.net\/?p=376198"},"modified":"2018-05-15T23:29:39","modified_gmt":"2018-05-16T04:29:39","slug":"urge-trump-a-canada-concluir-platicas-del-tlcan","status":"publish","type":"post","link":"https:\/\/www.diarioimagen.net\/?p=376198","title":{"rendered":"Urge Trump a Canad\u00e1 concluir pl\u00e1ticas del TLCAN"},"content":{"rendered":"<ul>\n<li><em><strong>Aumenta la presi\u00f3n<\/strong><\/em><\/li>\n<\/ul>\n<p>&nbsp;<\/p>\n<div id=\"attachment_376199\" style=\"width: 470px\" class=\"wp-caption aligncenter\"><img loading=\"lazy\" decoding=\"async\" aria-describedby=\"caption-attachment-376199\" class=\"size-large wp-image-376199\" src=\"http:\/\/www.diarioimagen.net\/wp-content\/uploads\/2018\/05\/TLC15-portal-460x268.jpg\" alt=\"\" width=\"460\" height=\"268\" srcset=\"https:\/\/www.diarioimagen.net\/wp-content\/uploads\/2018\/05\/TLC15-portal-460x268.jpg 460w, https:\/\/www.diarioimagen.net\/wp-content\/uploads\/2018\/05\/TLC15-portal-240x140.jpg 240w, https:\/\/www.diarioimagen.net\/wp-content\/uploads\/2018\/05\/TLC15-portal.jpg 480w\" sizes=\"auto, (max-width: 460px) 100vw, 460px\" \/><p id=\"caption-attachment-376199\" class=\"wp-caption-text\">Donald Trump urgi\u00f3 Justin Trudeau para dar una \u00abpronta conclusi\u00f3n\u00bb a las pl\u00e1ticas sobre el TLCAN.<\/p><\/div>\n<p>&nbsp;<\/p>\n<p>El Presidente de Estados Unidos, Donald Trump, urgi\u00f3 a su hom\u00f3logo canadiense, Justin Trudeau, para dar una \u00abpronta conclusi\u00f3n\u00bb a las pl\u00e1ticas de renegociaci\u00f3n del Tratado de Libre Comercio de Am\u00e9rica del Norte (TLCAN).<\/p>\n<p>\u00abEl Presidente Trump subraya la importancia de una r\u00e1pida conclusi\u00f3n (de las conversaciones) del acuerdo\u00bb, se\u00f1al\u00f3 la Casa Blanca sobre la llamada entre ambos Mandatarios.<\/p>\n<p>La presi\u00f3n para llegar a un acuerdo en el tema del TLC aument\u00f3 la semana pasada luego que el presidente de la C\u00e1mara baja de EU, Paul Ryan, asegurara ser notificado sobre un nuevo acuerdo antes del 17 de mayo para darle al Congreso oportunidad de aprobarlo este a\u00f1o.<\/p>\n<p>Sin embargo, altos funcionarios de EU, Canad\u00e1 y M\u00e9xico no avanzaron en el pacto comercial luego de una semana de negociaciones.<\/p>\n<p>La semana pasada, el Secretario de Econom\u00eda de M\u00e9xico, Ildefonso Guajardo, asegur\u00f3 que el Pa\u00eds no sacrificar\u00e1 la calidad de un acuerdo balanceado a cambio de concretarlo en el menor tiempo posible.<\/p>\n<p>No obstante, Trudeau y Trump discutieron este lunes el progreso en las conversaciones, seg\u00fan informaci\u00f3n de la oficina del Primer Ministro canadiense.<\/p>\n<p>Trump ha amenazado en repetidas ocasiones con dejar el acuerdo comercial en caso que este no resulte beneficioso para Estados Unidos y sus empleados.<\/p>\n","protected":false},"excerpt":{"rendered":"<p>El Presidente de Estados Unidos, Donald Trump, urgi\u00f3 a su hom\u00f3logo canadiense, Justin Trudeau, para dar una \u00abpronta conclusi\u00f3n\u00bb a las pl\u00e1ticas de renegociaci\u00f3n del Tratado de Libre Comercio de Am\u00e9rica del Norte (TLCAN).<\/p>\n","protected":false},"author":5,"featured_media":376199,"comment_status":"open","ping_status":"open","sticky":false,"template":"","format":"standard","meta":{"_monsterinsights_skip_tracking":false,"_monsterinsights_sitenote_active":false,"_monsterinsights_sitenote_note":"","_monsterinsights_sitenote_category":0,"footnotes":""},"categories":[8],"tags":[431,909,43678,46297,43679,73631,2167,71759],"class_list":["post-376198","post","type-post","status-publish","format-standard","has-post-thumbnail","hentry","category-finanzas","tag-canada","tag-casa-blanca","tag-finanzas","tag-justin-trudeau","tag-mundo","tag-paul-ryan","tag-tlcan","tag-trump"],"_links":{"self":[{"href":"https:\/\/www.diarioimagen.net\/index.php?rest_route=\/wp\/v2\/posts\/376198","targetHints":{"allow":["GET"]}}],"collection":[{"href":"https:\/\/www.diarioimagen.net\/index.php?rest_route=\/wp\/v2\/posts"}],"about":[{"href":"https:\/\/www.diarioimagen.net\/index.php?rest_route=\/wp\/v2\/types\/post"}],"author":[{"embeddable":true,"href":"https:\/\/www.diarioimagen.net\/index.php?rest_route=\/wp\/v2\/users\/5"}],"replies":[{"embeddable":true,"href":"https:\/\/www.diarioimagen.net\/index.php?rest_route=%2Fwp%2Fv2%2Fcomments&post=376198"}],"version-history":[{"count":0,"href":"https:\/\/www.diarioimagen.net\/index.php?rest_route=\/wp\/v2\/posts\/376198\/revisions"}],"wp:featuredmedia":[{"embeddable":true,"href":"https:\/\/www.diarioimagen.net\/index.php?rest_route=\/wp\/v2\/media\/376199"}],"wp:attachment":[{"href":"https:\/\/www.diarioimagen.net\/index.php?rest_route=%2Fwp%2Fv2%2Fmedia&parent=376198"}],"wp:term":[{"taxonomy":"category","embeddable":true,"href":"https:\/\/www.diarioimagen.net\/index.php?rest_route=%2Fwp%2Fv2%2Fcategories&post=376198"},{"taxonomy":"post_tag","embeddable":true,"href":"https:\/\/www.diarioimagen.net\/index.php?rest_route=%2Fwp%2Fv2%2Ftags&post=376198"}],"curies":[{"name":"wp","href":"https:\/\/api.w.org\/{rel}","templated":true}]}}