{"id":376236,"date":"2018-05-15T00:11:53","date_gmt":"2018-05-15T05:11:53","guid":{"rendered":"http:\/\/www.diarioimagen.net\/?p=376236"},"modified":"2018-05-16T02:22:36","modified_gmt":"2018-05-16T07:22:36","slug":"promotores-infantiles-en-donacion-de-organos","status":"publish","type":"post","link":"https:\/\/www.diarioimagen.net\/?p=376236","title":{"rendered":"Promotores infantiles en donaci\u00f3n de \u00f3rganos"},"content":{"rendered":"<h2>Arco Norte<\/h2>\n<h5>Jos\u00e9 Luis Monta\u00f1ez Aguilar<\/h5>\n<p>&nbsp;<\/p>\n<p><a href=\"http:\/\/www.diarioimagen.net\/?attachment_id=376331\" rel=\"attachment wp-att-376331\"><img loading=\"lazy\" decoding=\"async\" class=\"aligncenter size-large wp-image-376331\" src=\"http:\/\/www.diarioimagen.net\/wp-content\/uploads\/2018\/05\/arco-3367-460x259.jpg\" alt=\"\" width=\"460\" height=\"259\" srcset=\"https:\/\/www.diarioimagen.net\/wp-content\/uploads\/2018\/05\/arco-3367-460x259.jpg 460w, https:\/\/www.diarioimagen.net\/wp-content\/uploads\/2018\/05\/arco-3367-240x135.jpg 240w, https:\/\/www.diarioimagen.net\/wp-content\/uploads\/2018\/05\/arco-3367-235x132.jpg 235w, https:\/\/www.diarioimagen.net\/wp-content\/uploads\/2018\/05\/arco-3367-202x114.jpg 202w, https:\/\/www.diarioimagen.net\/wp-content\/uploads\/2018\/05\/arco-3367-350x196.jpg 350w, https:\/\/www.diarioimagen.net\/wp-content\/uploads\/2018\/05\/arco-3367-220x123.jpg 220w, https:\/\/www.diarioimagen.net\/wp-content\/uploads\/2018\/05\/arco-3367-237x132.jpg 237w, https:\/\/www.diarioimagen.net\/wp-content\/uploads\/2018\/05\/arco-3367.jpg 480w\" sizes=\"auto, (max-width: 460px) 100vw, 460px\" \/><\/a><\/p>\n<p>&nbsp;<\/p>\n<p>El Centro Estatal de Trasplantes del Estado de M\u00e9xico (CETRAEM) ha formado, a la fecha, a m\u00e1s de 35 mil ciudadanos conscientes de brindar vida despu\u00e9s de la muerte, esto, gracias a la campa\u00f1a permanente \u201cPromotor Infantil de Donaci\u00f3n de \u00d3rganos y Tejidos\u201d, que inici\u00f3 hace 13 a\u00f1os.<\/p>\n<p>Cada a\u00f1o, este organismo entrega un promedio de 3 mil tarjetas que acreditan a los peque\u00f1os como promotores, quienes reciben capacitaci\u00f3n acerca de la importancia de donar con fines de trasplante.<\/p>\n<p>Posteriormente, comparten sus puntos de vista a trav\u00e9s de pl\u00e1ticas, adem\u00e1s forman parte de actividades de gran alcance en la materia, como el Concurso Estatal y Nacional de Dibujo Infantil de Donaci\u00f3n, as\u00ed como el Festival de la Canci\u00f3n Infantil a favor de la Donaci\u00f3n de \u00d3rganos y Tejidos.<\/p>\n<p>La entidad mexiquense es la \u00fanica en el pa\u00eds que lleva a cabo estrategias como \u00e9stas, a fin de resaltar la importancia de dar una segunda oportunidad de vida a quienes requieren de un \u00f3rgano o tejido.<\/p>\n<p>Cada promotor infantil cuenta con el respaldo de sus padres y en reconocimiento a su labor de difusi\u00f3n y promoci\u00f3n pueden disfrutar de acceso gratuito a actividades\u00a0 que se llevan a cabo en diversos parques ecol\u00f3gicos de la entidad, como El Ocotal, Sierra Morelos, Nevado de Toluca, Centro Ceremonial Mazahua, Centro Ceremonial Otom\u00ed y La Marquesa, entre otros.<\/p>\n<p style=\"text-align: center;\"><strong>Unidades m\u00f3viles de denuncia de la FGJEM a cinco municipios<\/strong><\/p>\n<p>Para atender los problemas que aquejan a la regi\u00f3n Zumpango y generar acuerdos para su atenci\u00f3n, el secretario del Trabajo y el fiscal general de Justicia del Estado de M\u00e9xico (FGJEM), acudieron a una mesa de trabajo con autoridades de los ayuntamientos de esa regi\u00f3n de la entidad.<\/p>\n<p>Presidentes municipales, directores de Seguridad P\u00fablica y secretarios de Apaxco, Huehuetoca, Hueypoxtla, Tequixquiac y Zumpango expusieron sus inquietudes a los funcionarios estatales, principalmente de problemas como asentamientos irregulares, extorsiones, robo de hidrocarburo y otros delitos de alto impacto, que si bien no representan un alto \u00edndice en esta zona, se busca atender de manera inmediata.<\/p>\n<p><em><a href=\"mailto:montanezaguilar@gmail.com\" target=\"_blank\" rel=\"noopener\">montanezaguilar@gmail.com<\/a><\/em><\/p>\n","protected":false},"excerpt":{"rendered":"<p><span style=\"color: #005497;\">Jos\u00e9 Luis Monta\u00f1ez<\/span><br \/>\n<br \/>\nEl Centro Estatal de Trasplantes del Estado de M\u00e9xico (CETRAEM) ha formado, a la fecha, a m\u00e1s de 35 mil ciudadanos conscientes de brindar vida despu\u00e9s de la muerte, esto, gracias a la campa\u00f1a permanente \u201cPromotor Infantil de Donaci\u00f3n de \u00d3rganos y Tejidos\u201d, que inici\u00f3 hace 13 a\u00f1os.<\/p>\n","protected":false},"author":3,"featured_media":376331,"comment_status":"open","ping_status":"open","sticky":false,"template":"","format":"standard","meta":{"_monsterinsights_skip_tracking":false,"_monsterinsights_sitenote_active":false,"_monsterinsights_sitenote_note":"","_monsterinsights_sitenote_category":0,"footnotes":""},"categories":[5],"tags":[13284,43704,43674],"class_list":["post-376236","post","type-post","status-publish","format-standard","has-post-thumbnail","hentry","category-estado-de-mexico","tag-arco-norte","tag-jose-luis-montanez-aguilar","tag-opinion"],"_links":{"self":[{"href":"https:\/\/www.diarioimagen.net\/index.php?rest_route=\/wp\/v2\/posts\/376236","targetHints":{"allow":["GET"]}}],"collection":[{"href":"https:\/\/www.diarioimagen.net\/index.php?rest_route=\/wp\/v2\/posts"}],"about":[{"href":"https:\/\/www.diarioimagen.net\/index.php?rest_route=\/wp\/v2\/types\/post"}],"author":[{"embeddable":true,"href":"https:\/\/www.diarioimagen.net\/index.php?rest_route=\/wp\/v2\/users\/3"}],"replies":[{"embeddable":true,"href":"https:\/\/www.diarioimagen.net\/index.php?rest_route=%2Fwp%2Fv2%2Fcomments&post=376236"}],"version-history":[{"count":0,"href":"https:\/\/www.diarioimagen.net\/index.php?rest_route=\/wp\/v2\/posts\/376236\/revisions"}],"wp:featuredmedia":[{"embeddable":true,"href":"https:\/\/www.diarioimagen.net\/index.php?rest_route=\/wp\/v2\/media\/376331"}],"wp:attachment":[{"href":"https:\/\/www.diarioimagen.net\/index.php?rest_route=%2Fwp%2Fv2%2Fmedia&parent=376236"}],"wp:term":[{"taxonomy":"category","embeddable":true,"href":"https:\/\/www.diarioimagen.net\/index.php?rest_route=%2Fwp%2Fv2%2Fcategories&post=376236"},{"taxonomy":"post_tag","embeddable":true,"href":"https:\/\/www.diarioimagen.net\/index.php?rest_route=%2Fwp%2Fv2%2Ftags&post=376236"}],"curies":[{"name":"wp","href":"https:\/\/api.w.org\/{rel}","templated":true}]}}