{"id":376241,"date":"2018-05-15T00:11:17","date_gmt":"2018-05-15T05:11:17","guid":{"rendered":"http:\/\/www.diarioimagen.net\/?p=376241"},"modified":"2018-05-15T03:12:57","modified_gmt":"2018-05-15T08:12:57","slug":"exige-margarita-atender-asesinatos-de-candidatos","status":"publish","type":"post","link":"https:\/\/www.diarioimagen.net\/?p=376241","title":{"rendered":"Exige Margarita atender asesinatos de candidatos"},"content":{"rendered":"<ul>\n<li><strong><em>Prepara su participaci\u00f3n para el debate<\/em><\/strong><\/li>\n<\/ul>\n<p>&nbsp;<\/p>\n<div id=\"attachment_376334\" style=\"width: 470px\" class=\"wp-caption aligncenter\"><a href=\"http:\/\/www.diarioimagen.net\/?attachment_id=376334\" rel=\"attachment wp-att-376334\"><img loading=\"lazy\" decoding=\"async\" aria-describedby=\"caption-attachment-376334\" class=\"size-large wp-image-376334\" src=\"http:\/\/www.diarioimagen.net\/wp-content\/uploads\/2018\/05\/zavala-3367-460x259.jpg\" alt=\"\" width=\"460\" height=\"259\" srcset=\"https:\/\/www.diarioimagen.net\/wp-content\/uploads\/2018\/05\/zavala-3367-460x259.jpg 460w, https:\/\/www.diarioimagen.net\/wp-content\/uploads\/2018\/05\/zavala-3367-240x135.jpg 240w, https:\/\/www.diarioimagen.net\/wp-content\/uploads\/2018\/05\/zavala-3367-235x132.jpg 235w, https:\/\/www.diarioimagen.net\/wp-content\/uploads\/2018\/05\/zavala-3367-202x114.jpg 202w, https:\/\/www.diarioimagen.net\/wp-content\/uploads\/2018\/05\/zavala-3367-350x196.jpg 350w, https:\/\/www.diarioimagen.net\/wp-content\/uploads\/2018\/05\/zavala-3367-220x123.jpg 220w, https:\/\/www.diarioimagen.net\/wp-content\/uploads\/2018\/05\/zavala-3367-237x132.jpg 237w, https:\/\/www.diarioimagen.net\/wp-content\/uploads\/2018\/05\/zavala-3367.jpg 480w\" sizes=\"auto, (max-width: 460px) 100vw, 460px\" \/><\/a><p id=\"caption-attachment-376334\" class=\"wp-caption-text\">Margarita Zavala exigi\u00f3 a Gobernaci\u00f3n organizar una estrategia para combatir los ataques a candidatos.<\/p><\/div>\n<p>&nbsp;<\/p>\n<p>La candidata independiente, Margarita Zavala, demand\u00f3 al secretario de Gobernaci\u00f3n, Alfonso Navarrete Prida, que, m\u00e1s que hacer un llamado para detener la violencia en el proceso electoral, fortalezca la Polic\u00eda Federal y los operativos en los lugares que se requiere.<\/p>\n<p>\u201cYo creo que el llamado a que no haya violencia hacia los candidatos lo puede hacer una ONG o un candidato, pero el secretario de Gobernaci\u00f3n lo que tiene que hacer es fortalecer la Polic\u00eda Federal, ver los operativos y las estrategias necesarias para ver a qu\u00e9 candidatos y qu\u00e9 lugares tiene que cuidar m\u00e1s\u201d, afirm\u00f3 en un encuentro con medios de comunicaci\u00f3n tras reunirse con miembros de la Alianza por la Salud Alimentaria.<\/p>\n<p>Zavala se\u00f1al\u00f3 que cada candidato asesinado genera tensi\u00f3n en la elecci\u00f3n.<\/p>\n<p>\u201cEs cierto que cada candidato, cada candidata, que es asesinado pues s\u00ed genera una enorme tensi\u00f3n en el proceso electoral. El hecho de que haya 16 candidatos asesinados y mil renuncias, te est\u00e1 generando el nivel de inseguridad que hay. Y no me extra\u00f1a con el abandono que hay de las instituciones de seguridad, pero s\u00ed es un drama, mil renuncias por razones de seguridad pues significa el nivel del miedo que todos tenemos\u201d, expres\u00f3.<\/p>\n<p>Durante los \u00faltimos d\u00edas, la candidata se ha alejado de actos proselitistas para preparar su participaci\u00f3n en el segundo debate presidencial, que se realizar\u00e1 el pr\u00f3ximo domingo 20 de mayo en la Universidad de Tijuana, en Baja California.<\/p>\n<p>No obstante, la pol\u00edtica recibi\u00f3 en su casa de campa\u00f1a a la Alianza por la Salud Alimentaria, que pide a candidatos pronunciarse por una pol\u00edtica de combate a la obesidad.<\/p>\n<p>La independiente dijo que la obesidad y la diabetes son un tema urgente que debe ser atendido por las escuelas: \u201cDesgraciadamente los men\u00fas de los comedores por ahorrarse y hacer negocio daban galletas de mantequilla, chocolates y leche endulzada y estaban generando problemas de obesidad, es realmente un reto de salud en nuestro pa\u00eds, y las escuelas tienen que buscar por el bien de los ni\u00f1os verlo como una prioridad\u201d.<\/p>\n","protected":false},"excerpt":{"rendered":"<p>La candidata independiente, Margarita Zavala, demand\u00f3 al secretario de Gobernaci\u00f3n, Alfonso Navarrete Prida, que, m\u00e1s que hacer un llamado para detener la violencia en el proceso electoral, fortalezca la Polic\u00eda Federal y los operativos en los lugares que se requiere.<\/p>\n","protected":false},"author":3,"featured_media":376334,"comment_status":"open","ping_status":"open","sticky":false,"template":"","format":"standard","meta":{"_monsterinsights_skip_tracking":false,"_monsterinsights_sitenote_active":false,"_monsterinsights_sitenote_note":"","_monsterinsights_sitenote_category":0,"footnotes":""},"categories":[3],"tags":[4760,4432,13639,43673],"class_list":["post-376241","post","type-post","status-publish","format-standard","has-post-thumbnail","hentry","category-nacional","tag-asesinato","tag-candidatos","tag-margarita-zavala-gomez-del-campo","tag-nacional"],"_links":{"self":[{"href":"https:\/\/www.diarioimagen.net\/index.php?rest_route=\/wp\/v2\/posts\/376241","targetHints":{"allow":["GET"]}}],"collection":[{"href":"https:\/\/www.diarioimagen.net\/index.php?rest_route=\/wp\/v2\/posts"}],"about":[{"href":"https:\/\/www.diarioimagen.net\/index.php?rest_route=\/wp\/v2\/types\/post"}],"author":[{"embeddable":true,"href":"https:\/\/www.diarioimagen.net\/index.php?rest_route=\/wp\/v2\/users\/3"}],"replies":[{"embeddable":true,"href":"https:\/\/www.diarioimagen.net\/index.php?rest_route=%2Fwp%2Fv2%2Fcomments&post=376241"}],"version-history":[{"count":0,"href":"https:\/\/www.diarioimagen.net\/index.php?rest_route=\/wp\/v2\/posts\/376241\/revisions"}],"wp:featuredmedia":[{"embeddable":true,"href":"https:\/\/www.diarioimagen.net\/index.php?rest_route=\/wp\/v2\/media\/376334"}],"wp:attachment":[{"href":"https:\/\/www.diarioimagen.net\/index.php?rest_route=%2Fwp%2Fv2%2Fmedia&parent=376241"}],"wp:term":[{"taxonomy":"category","embeddable":true,"href":"https:\/\/www.diarioimagen.net\/index.php?rest_route=%2Fwp%2Fv2%2Fcategories&post=376241"},{"taxonomy":"post_tag","embeddable":true,"href":"https:\/\/www.diarioimagen.net\/index.php?rest_route=%2Fwp%2Fv2%2Ftags&post=376241"}],"curies":[{"name":"wp","href":"https:\/\/api.w.org\/{rel}","templated":true}]}}