{"id":376251,"date":"2018-05-15T00:08:19","date_gmt":"2018-05-15T05:08:19","guid":{"rendered":"http:\/\/www.diarioimagen.net\/?p=376251"},"modified":"2018-05-15T23:29:54","modified_gmt":"2018-05-16T04:29:54","slug":"es-reto-de-la-justicia-lograr-que-individuos-respondan-por-sus-crimenes-mag-perez-juarez","status":"publish","type":"post","link":"https:\/\/www.diarioimagen.net\/?p=376251","title":{"rendered":"Es reto de la justicia lograr que individuos respondan por sus cr\u00edmenes: mag. P\u00e9rez Ju\u00e1rez"},"content":{"rendered":"<ul>\n<li><em><strong>El presidente del TSJCDMX as\u00ed lo expres\u00f3, al inaugurar un seminario internacional sobre derechos humanos y derecho penal, dirigido a los operadores jur\u00eddicos del \u00f3rgano judicial capitalino<\/strong><\/em><\/li>\n<li><em><strong>Se debe reconocer, dijo, que la mayor\u00eda de v\u00edctimas de cr\u00edmenes internacionales simplemente han quedado en el olvido, aunado a que pocos responsables han respondido ante la justicia<\/strong><\/em><\/li>\n<\/ul>\n<p>&nbsp;<\/p>\n<div id=\"attachment_376346\" style=\"width: 470px\" class=\"wp-caption aligncenter\"><a href=\"http:\/\/www.diarioimagen.net\/?attachment_id=376346\" rel=\"attachment wp-att-376346\"><img loading=\"lazy\" decoding=\"async\" aria-describedby=\"caption-attachment-376346\" class=\"size-large wp-image-376346\" src=\"http:\/\/www.diarioimagen.net\/wp-content\/uploads\/2018\/05\/tribunal-2-3367-460x259.jpg\" alt=\"\" width=\"460\" height=\"259\" srcset=\"https:\/\/www.diarioimagen.net\/wp-content\/uploads\/2018\/05\/tribunal-2-3367-460x259.jpg 460w, https:\/\/www.diarioimagen.net\/wp-content\/uploads\/2018\/05\/tribunal-2-3367-240x135.jpg 240w, https:\/\/www.diarioimagen.net\/wp-content\/uploads\/2018\/05\/tribunal-2-3367-235x132.jpg 235w, https:\/\/www.diarioimagen.net\/wp-content\/uploads\/2018\/05\/tribunal-2-3367-202x114.jpg 202w, https:\/\/www.diarioimagen.net\/wp-content\/uploads\/2018\/05\/tribunal-2-3367-350x196.jpg 350w, https:\/\/www.diarioimagen.net\/wp-content\/uploads\/2018\/05\/tribunal-2-3367-220x123.jpg 220w, https:\/\/www.diarioimagen.net\/wp-content\/uploads\/2018\/05\/tribunal-2-3367-237x132.jpg 237w, https:\/\/www.diarioimagen.net\/wp-content\/uploads\/2018\/05\/tribunal-2-3367.jpg 480w\" sizes=\"auto, (max-width: 460px) 100vw, 460px\" \/><\/a><p id=\"caption-attachment-376346\" class=\"wp-caption-text\">El presidente del TSJCDMX, magistrado \u00c1lvaro Augusto P\u00e9rez Ju\u00e1rez, inaugur\u00f3 el seminario internacional sobre derechos humanos y derecho penal.<\/p><\/div>\n<p>&nbsp;<\/p>\n<p>Al encabezar la inauguraci\u00f3n del seminario <em>Los derechos humanos y el derecho penal internacional, elementos para la incorporaci\u00f3n de est\u00e1ndares en la pr\u00e1ctica judicial mexicana<\/em>, el presidente del Tribunal Superior de Justicia de la Ciudad de M\u00e9xico (TSJCDMX), magistrado \u00c1lvaro Augusto P\u00e9rez Ju\u00e1rez, reconoci\u00f3 que la impartici\u00f3n de justicia tiene el gran reto de lograr que los individuos respondan por sus cr\u00edmenes.<\/p>\n<p>En el auditorio Miguel Gilb\u00f3n Maitret del Instituto de Ciencias Forenses, donde magistrados, jueces y dem\u00e1s operadores jur\u00eddicos del \u00f3rgano judicial reciben este lunes y martes elementos para incorporar en la pr\u00e1ctica judicial mexicana tratados internacionales en materia de derechos humanos y derecho penal, el magistrado dijo que tempestades como la Segunda Guerra Mundial son testimonio de la importancia de normas jur\u00eddicas realmente justas, que protejan a cabalidad la dignidad y la libertad.<\/p>\n<p>Puntualiz\u00f3 tambi\u00e9n la importancia de contar con un sistema de justicia capaz de frenar la impunidad y sancionar a quienes transgreden la ley, al recordar que, de acuerdo con cifras de Naciones Unidas, en el Siglo XX se registr\u00f3 la peor violencia en la historia universal, al presentarse 250 conflictos en el mundo y la muerte de 86 millones de personas, principalmente menores de edad y mujeres.<\/p>\n<p>Con la presencia de H\u00e9ctor Olasolo Alonso, presidente del Instituto Iberoamericano de La Haya, P\u00e9rez Ju\u00e1rez coment\u00f3 que, asimismo, se debe reconocer que la mayor\u00eda de v\u00edctimas de cr\u00edmenes internacionales, simplemente han quedado en el olvido, aunado a que pocos responsables han respondido ante la justicia.<\/p>\n<p>\u201cLastimosamente, la lacerante vileza del genocidio, de los cr\u00edmenes de lesa humanidad y de los cr\u00edmenes de guerra, tan perceptibles en las miradas y en las vidas de las v\u00edctimas, son la voz que llama a poner fin a estos actos que nos denigran como humanidad\u201d, plante\u00f3 el tambi\u00e9n presidente del Consejo de la Judicatura de la Ciudad de M\u00e9xico.<\/p>\n<p>Abund\u00f3 que el estado de Derecho est\u00e1 a prueba de manera permanente en la tutela de los derechos, y que esto se traduce en que las personas puedan vivir con libertad y plenitud.<\/p>\n<p>Asimismo, record\u00f3 que la Corte Penal Internacional ha reconocido que en las \u00faltimas d\u00e9cadas las violaciones m\u00e1s graves de derechos humanos han ocurrido dentro de los Estados.<\/p>\n<p>Agradeci\u00f3 a los participantes en el seminario, y destac\u00f3 su compromiso permanente para consolidar un sistema de impartici\u00f3n de justicia capaz de sancionar a los responsables de actos que atenten contra la dignidad y la libertad.<\/p>\n<p>En su oportunidad, Olasolo Alonso, quien tambi\u00e9n es catedr\u00e1tico de derecho internacional de la Universidad del Rosario, en Colombia, advirti\u00f3 que \u00e9ste es un momento decisivo para la incorporaci\u00f3n en la pr\u00e1ctica judicial mexicana de los est\u00e1ndares recogidos en el derecho internacional para la persecuci\u00f3n efectiva de cr\u00edmenes internacionales.<\/p>\n<p>Reconoci\u00f3 que los legisladores mexicanos han avanzado considerablemente en la incorporaci\u00f3n en el \u00e1mbito interno de la normativa penal internacional relativa a algunos de los m\u00e1s importantes cr\u00edmenes en el mundo, y que prueba de ello es la aprobaci\u00f3n de Ley General en Materia de Desaparici\u00f3n Forzada y las relativas a tortura y las que garantizan los derechos de las v\u00edctimas.<\/p>\n<p>En la inauguraci\u00f3n tambi\u00e9n participaron Ronald Gamarra Herrera, fiscal peruano para el caso del enjuiciamiento del ex presidente Alberto Fujimori; Karla Quintana Osuna, directora de la Asesor\u00eda Jur\u00eddica Federal de la Comisi\u00f3n Ejecutiva de Atenci\u00f3n a V\u00edctimas, y Juan Carlos Guti\u00e9rrez Contreras, coordinador de Investigaci\u00f3n de I(dh)eas, Litigio Estrat\u00e9gico en Derechos Humanos.<\/p>\n<p>Durante el seminario se abordan temas, como la autor\u00eda mediata en aparatos organizados del poder en el contexto mexicano, investigaci\u00f3n de violaciones graves a derechos humanos, incorporaci\u00f3n de delitos internacionales en el sistema normativo local, la aplicaci\u00f3n en el pa\u00eds de est\u00e1ndares del sistema interamericano y del sistema universal de protecci\u00f3n de derechos humanos, entre otros.<\/p>\n<div id=\"attachment_376347\" style=\"width: 470px\" class=\"wp-caption aligncenter\"><a href=\"http:\/\/www.diarioimagen.net\/?attachment_id=376347\" rel=\"attachment wp-att-376347\"><img loading=\"lazy\" decoding=\"async\" aria-describedby=\"caption-attachment-376347\" class=\"size-large wp-image-376347\" src=\"http:\/\/www.diarioimagen.net\/wp-content\/uploads\/2018\/05\/tribunal-1-3367-460x259.jpg\" alt=\"\" width=\"460\" height=\"259\" srcset=\"https:\/\/www.diarioimagen.net\/wp-content\/uploads\/2018\/05\/tribunal-1-3367-460x259.jpg 460w, https:\/\/www.diarioimagen.net\/wp-content\/uploads\/2018\/05\/tribunal-1-3367-240x135.jpg 240w, https:\/\/www.diarioimagen.net\/wp-content\/uploads\/2018\/05\/tribunal-1-3367-235x132.jpg 235w, https:\/\/www.diarioimagen.net\/wp-content\/uploads\/2018\/05\/tribunal-1-3367-202x114.jpg 202w, https:\/\/www.diarioimagen.net\/wp-content\/uploads\/2018\/05\/tribunal-1-3367-350x196.jpg 350w, https:\/\/www.diarioimagen.net\/wp-content\/uploads\/2018\/05\/tribunal-1-3367-220x123.jpg 220w, https:\/\/www.diarioimagen.net\/wp-content\/uploads\/2018\/05\/tribunal-1-3367-237x132.jpg 237w, https:\/\/www.diarioimagen.net\/wp-content\/uploads\/2018\/05\/tribunal-1-3367.jpg 480w\" sizes=\"auto, (max-width: 460px) 100vw, 460px\" \/><\/a><p id=\"caption-attachment-376347\" class=\"wp-caption-text\">El magistrado \u00c1lvaro Augusto P\u00e9rez Ju\u00e1rez reconoci\u00f3 que la impartici\u00f3n de justicia tiene el gran reto de lograr que los individuos respondan por sus cr\u00edmenes.<\/p><\/div>\n","protected":false},"excerpt":{"rendered":"<p>Al encabezar la inauguraci\u00f3n del seminario <em>Los derechos humanos y el derecho penal internacional, elementos para la incorporaci\u00f3n de est\u00e1ndares en la pr\u00e1ctica judicial mexicana<\/em>, el presidente del Tribunal Superior de Justicia de la Ciudad de M\u00e9xico (TSJCDMX), magistrado \u00c1lvaro Augusto P\u00e9rez Ju\u00e1rez, reconoci\u00f3 que la impartici\u00f3n de justicia tiene el gran reto de lograr que los individuos respondan por sus cr\u00edmenes.<\/p>\n","protected":false},"author":3,"featured_media":376346,"comment_status":"open","ping_status":"open","sticky":false,"template":"","format":"standard","meta":{"_monsterinsights_skip_tracking":false,"_monsterinsights_sitenote_active":false,"_monsterinsights_sitenote_note":"","_monsterinsights_sitenote_category":0,"footnotes":""},"categories":[6],"tags":[59477,204,73667,51325],"class_list":["post-376251","post","type-post","status-publish","format-standard","has-post-thumbnail","hentry","category-cd-de-mexico","tag-alvaro-augusto-perez-juarez","tag-ciudad-de-mexico","tag-los-derechos-humanos-y-el-derecho-penal-internacional","tag-tsjcdmx"],"_links":{"self":[{"href":"https:\/\/www.diarioimagen.net\/index.php?rest_route=\/wp\/v2\/posts\/376251","targetHints":{"allow":["GET"]}}],"collection":[{"href":"https:\/\/www.diarioimagen.net\/index.php?rest_route=\/wp\/v2\/posts"}],"about":[{"href":"https:\/\/www.diarioimagen.net\/index.php?rest_route=\/wp\/v2\/types\/post"}],"author":[{"embeddable":true,"href":"https:\/\/www.diarioimagen.net\/index.php?rest_route=\/wp\/v2\/users\/3"}],"replies":[{"embeddable":true,"href":"https:\/\/www.diarioimagen.net\/index.php?rest_route=%2Fwp%2Fv2%2Fcomments&post=376251"}],"version-history":[{"count":0,"href":"https:\/\/www.diarioimagen.net\/index.php?rest_route=\/wp\/v2\/posts\/376251\/revisions"}],"wp:featuredmedia":[{"embeddable":true,"href":"https:\/\/www.diarioimagen.net\/index.php?rest_route=\/wp\/v2\/media\/376346"}],"wp:attachment":[{"href":"https:\/\/www.diarioimagen.net\/index.php?rest_route=%2Fwp%2Fv2%2Fmedia&parent=376251"}],"wp:term":[{"taxonomy":"category","embeddable":true,"href":"https:\/\/www.diarioimagen.net\/index.php?rest_route=%2Fwp%2Fv2%2Fcategories&post=376251"},{"taxonomy":"post_tag","embeddable":true,"href":"https:\/\/www.diarioimagen.net\/index.php?rest_route=%2Fwp%2Fv2%2Ftags&post=376251"}],"curies":[{"name":"wp","href":"https:\/\/api.w.org\/{rel}","templated":true}]}}