{"id":376253,"date":"2018-05-15T00:09:56","date_gmt":"2018-05-15T05:09:56","guid":{"rendered":"http:\/\/www.diarioimagen.net\/?p=376253"},"modified":"2018-05-15T03:20:52","modified_gmt":"2018-05-15T08:20:52","slug":"barrales-quiere-un-pulmon-en-predio-del-aeropuerto","status":"publish","type":"post","link":"https:\/\/www.diarioimagen.net\/?p=376253","title":{"rendered":"Barrales quiere un pulm\u00f3n en predio del aeropuerto"},"content":{"rendered":"<ul>\n<li><strong><em>Son 746 hect\u00e1reas<\/em><\/strong><\/li>\n<\/ul>\n<p>&nbsp;<\/p>\n<p><a href=\"http:\/\/www.diarioimagen.net\/?attachment_id=376350\" rel=\"attachment wp-att-376350\"><img loading=\"lazy\" decoding=\"async\" class=\"aligncenter size-large wp-image-376350\" src=\"http:\/\/www.diarioimagen.net\/wp-content\/uploads\/2018\/05\/barrales-3367-460x259.jpg\" alt=\"\" width=\"460\" height=\"259\" srcset=\"https:\/\/www.diarioimagen.net\/wp-content\/uploads\/2018\/05\/barrales-3367-460x259.jpg 460w, https:\/\/www.diarioimagen.net\/wp-content\/uploads\/2018\/05\/barrales-3367-240x135.jpg 240w, https:\/\/www.diarioimagen.net\/wp-content\/uploads\/2018\/05\/barrales-3367-235x132.jpg 235w, https:\/\/www.diarioimagen.net\/wp-content\/uploads\/2018\/05\/barrales-3367-202x114.jpg 202w, https:\/\/www.diarioimagen.net\/wp-content\/uploads\/2018\/05\/barrales-3367-350x196.jpg 350w, https:\/\/www.diarioimagen.net\/wp-content\/uploads\/2018\/05\/barrales-3367-220x123.jpg 220w, https:\/\/www.diarioimagen.net\/wp-content\/uploads\/2018\/05\/barrales-3367-237x132.jpg 237w, https:\/\/www.diarioimagen.net\/wp-content\/uploads\/2018\/05\/barrales-3367.jpg 480w\" sizes=\"auto, (max-width: 460px) 100vw, 460px\" \/><\/a><\/p>\n<p>&nbsp;<\/p>\n<p>La candidata a la jefatura de gobierno, Alejandra Barrales Magdaleno, present\u00f3 el proyecto \u201cLa Nueva CDMX\u201d, que pretende transformar el Aeropuerto Internacional de la Ciudad de M\u00e9xico (AICM) en el nuevo pulm\u00f3n capitalino.<\/p>\n<p>En las inmediaciones del AICM, la abanderada de la coalici\u00f3n Por la Ciudad de M\u00e9xico al Frente, plante\u00f3 que las 746 hect\u00e1reas que dejar\u00e1 vacantes el actual aeropuerto se utilizar\u00e1n para devolverle la vocaci\u00f3n lacustre a la capital y habilitar un nuevo espacio universitario.<\/p>\n<p>Acompa\u00f1ada por los candidatos y candidatas a las alcald\u00edas de Iztapalapa, Iztacalco, Gustavo A Madero, Venustiano Carranza y Tl\u00e1huac, dijo que en su gobierno la zona oriente no ser\u00e1 m\u00e1s el problema, sino el polo de desarrollo econ\u00f3mico de la capital.<\/p>\n<p>Subray\u00f3 que \u201cLa Nueva CDMX\u201d aprovechar\u00e1 la reubicaci\u00f3n del aeropuerto para mejorar la movilidad urbana y apostar a proyectos de captaci\u00f3n, infiltraci\u00f3n y tratamiento de agua, al convertir los terrenos del AICM en un nuevo Chapultepec.<\/p>\n<p>La propuesta contempla construir la Ciudad Universitaria II, un amplio espacio educativo para el que se buscar\u00e1 contar con el respaldo de la Universidad Nacional Aut\u00f3noma de M\u00e9xico (UNAM) y el Instituto Polit\u00e9cnico Nacional (IPN).<\/p>\n","protected":false},"excerpt":{"rendered":"<p>La candidata a la jefatura de gobierno, Alejandra Barrales Magdaleno, present\u00f3 el proyecto \u201cLa Nueva CDMX\u201d, que pretende transformar el Aeropuerto Internacional de la Ciudad de M\u00e9xico (AICM) en el nuevo pulm\u00f3n capitalino.<\/p>\n","protected":false},"author":3,"featured_media":376350,"comment_status":"open","ping_status":"open","sticky":false,"template":"","format":"standard","meta":{"_monsterinsights_skip_tracking":false,"_monsterinsights_sitenote_active":false,"_monsterinsights_sitenote_note":"","_monsterinsights_sitenote_category":0,"footnotes":""},"categories":[6],"tags":[11733,204,24015],"class_list":["post-376253","post","type-post","status-publish","format-standard","has-post-thumbnail","hentry","category-cd-de-mexico","tag-alejandra-barrales-magdaleno","tag-ciudad-de-mexico","tag-pulmon"],"_links":{"self":[{"href":"https:\/\/www.diarioimagen.net\/index.php?rest_route=\/wp\/v2\/posts\/376253","targetHints":{"allow":["GET"]}}],"collection":[{"href":"https:\/\/www.diarioimagen.net\/index.php?rest_route=\/wp\/v2\/posts"}],"about":[{"href":"https:\/\/www.diarioimagen.net\/index.php?rest_route=\/wp\/v2\/types\/post"}],"author":[{"embeddable":true,"href":"https:\/\/www.diarioimagen.net\/index.php?rest_route=\/wp\/v2\/users\/3"}],"replies":[{"embeddable":true,"href":"https:\/\/www.diarioimagen.net\/index.php?rest_route=%2Fwp%2Fv2%2Fcomments&post=376253"}],"version-history":[{"count":0,"href":"https:\/\/www.diarioimagen.net\/index.php?rest_route=\/wp\/v2\/posts\/376253\/revisions"}],"wp:featuredmedia":[{"embeddable":true,"href":"https:\/\/www.diarioimagen.net\/index.php?rest_route=\/wp\/v2\/media\/376350"}],"wp:attachment":[{"href":"https:\/\/www.diarioimagen.net\/index.php?rest_route=%2Fwp%2Fv2%2Fmedia&parent=376253"}],"wp:term":[{"taxonomy":"category","embeddable":true,"href":"https:\/\/www.diarioimagen.net\/index.php?rest_route=%2Fwp%2Fv2%2Fcategories&post=376253"},{"taxonomy":"post_tag","embeddable":true,"href":"https:\/\/www.diarioimagen.net\/index.php?rest_route=%2Fwp%2Fv2%2Ftags&post=376253"}],"curies":[{"name":"wp","href":"https:\/\/api.w.org\/{rel}","templated":true}]}}