{"id":376260,"date":"2018-05-15T00:09:00","date_gmt":"2018-05-15T05:09:00","guid":{"rendered":"http:\/\/www.diarioimagen.net\/?p=376260"},"modified":"2018-05-15T03:22:57","modified_gmt":"2018-05-15T08:22:57","slug":"se-trabajara-en-metepec-para-prevenir-discriminacion-y-combatir-corrupcion","status":"publish","type":"post","link":"https:\/\/www.diarioimagen.net\/?p=376260","title":{"rendered":"Se trabajar\u00e1 en Metepec para prevenir discriminaci\u00f3n y combatir corrupci\u00f3n"},"content":{"rendered":"<ul>\n<li><strong><em>Comit\u00e9 de \u00c9tica y Prevenci\u00f3n de Conflicto de Intereses Municipal<\/em><\/strong><\/li>\n<\/ul>\n<p>&nbsp;<\/p>\n<div id=\"attachment_376356\" style=\"width: 470px\" class=\"wp-caption aligncenter\"><a href=\"http:\/\/www.diarioimagen.net\/?attachment_id=376356\" rel=\"attachment wp-att-376356\"><img loading=\"lazy\" decoding=\"async\" aria-describedby=\"caption-attachment-376356\" class=\"size-large wp-image-376356\" src=\"http:\/\/www.diarioimagen.net\/wp-content\/uploads\/2018\/05\/METEPEC-3367-460x259.jpg\" alt=\"\" width=\"460\" height=\"259\" srcset=\"https:\/\/www.diarioimagen.net\/wp-content\/uploads\/2018\/05\/METEPEC-3367-460x259.jpg 460w, https:\/\/www.diarioimagen.net\/wp-content\/uploads\/2018\/05\/METEPEC-3367-240x135.jpg 240w, https:\/\/www.diarioimagen.net\/wp-content\/uploads\/2018\/05\/METEPEC-3367-235x132.jpg 235w, https:\/\/www.diarioimagen.net\/wp-content\/uploads\/2018\/05\/METEPEC-3367-202x114.jpg 202w, https:\/\/www.diarioimagen.net\/wp-content\/uploads\/2018\/05\/METEPEC-3367-350x196.jpg 350w, https:\/\/www.diarioimagen.net\/wp-content\/uploads\/2018\/05\/METEPEC-3367-220x123.jpg 220w, https:\/\/www.diarioimagen.net\/wp-content\/uploads\/2018\/05\/METEPEC-3367-237x132.jpg 237w, https:\/\/www.diarioimagen.net\/wp-content\/uploads\/2018\/05\/METEPEC-3367.jpg 480w\" sizes=\"auto, (max-width: 460px) 100vw, 460px\" \/><\/a><p id=\"caption-attachment-376356\" class=\"wp-caption-text\">El gobierno de Metepec instal\u00f3 el Comit\u00e9 de \u00c9tica y Prevenci\u00f3n de Conflicto de Intereses Municipal.<\/p><\/div>\n<p>&nbsp;<\/p>\n<p><strong>Metepec, Estado de M\u00e9xico<\/strong>.- En atenci\u00f3n a la pol\u00edtica de igualdad y no discriminaci\u00f3n que abona a la productividad, transparencia y \u00f3ptimo clima laboral, el gobierno de Metepec instal\u00f3 el Comit\u00e9 de \u00c9tica y Prevenci\u00f3n de Conflicto de Intereses Municipal.<\/p>\n<p>Dicha figura normativa conformada por un presidente, secretaria y siete vocales, trabajar\u00e1 para prevenir la discriminaci\u00f3n, combatir cualquier indicio de corrupci\u00f3n y evitar toda situaci\u00f3n de violaci\u00f3n de derechos humanos de las y los servidores p\u00fablicos de Metepec.<\/p>\n<p>Cabe se\u00f1alar que los integrantes fueron elegidos por m\u00e1s de mil 800 trabajadores del ayuntamiento mediante el proceso de votaci\u00f3n directa en el sistema electr\u00f3nico de la Secretar\u00eda de la Contralor\u00eda del Estado de M\u00e9xico,<\/p>\n<p>En el acto de toma de protesta, el alcalde destac\u00f3 la importancia de llevar a cabo acciones en temas de \u00e9tica y transparencia que aseguren la integridad, el comportamiento eficiente y el cumplimiento de normas y metas de toda la plantilla de colaboradores que laboran en la demarcaci\u00f3n para brindar servicios de calidad a la sociedad.<\/p>\n<p>La instalaci\u00f3n del Comit\u00e9 da continuidad a trabajos implementados en el gobierno municipal, tales como el C\u00f3digo de servidoras y servidores p\u00fablicos y la Certificaci\u00f3n en la Norma de Igualdad Laboral y No Discriminaci\u00f3n, encaminados ambos a generar igualdad entre hombres y mujeres.<\/p>\n","protected":false},"excerpt":{"rendered":"<p>En atenci\u00f3n a la pol\u00edtica de igualdad y no discriminaci\u00f3n que abona a la productividad, transparencia y \u00f3ptimo clima laboral, el gobierno de Metepec instal\u00f3 el Comit\u00e9 de \u00c9tica y Prevenci\u00f3n de Conflicto de Intereses Municipal.<\/p>\n","protected":false},"author":3,"featured_media":376356,"comment_status":"open","ping_status":"open","sticky":false,"template":"","format":"standard","meta":{"_monsterinsights_skip_tracking":false,"_monsterinsights_sitenote_active":false,"_monsterinsights_sitenote_note":"","_monsterinsights_sitenote_category":0,"footnotes":""},"categories":[35155],"tags":[45431,6665,43675,876],"class_list":["post-376260","post","type-post","status-publish","format-standard","has-post-thumbnail","hentry","category-estado-de-mexico-estado-de-mexico","tag-combatir","tag-corrupcion","tag-estado-de-mexico","tag-metepec"],"_links":{"self":[{"href":"https:\/\/www.diarioimagen.net\/index.php?rest_route=\/wp\/v2\/posts\/376260","targetHints":{"allow":["GET"]}}],"collection":[{"href":"https:\/\/www.diarioimagen.net\/index.php?rest_route=\/wp\/v2\/posts"}],"about":[{"href":"https:\/\/www.diarioimagen.net\/index.php?rest_route=\/wp\/v2\/types\/post"}],"author":[{"embeddable":true,"href":"https:\/\/www.diarioimagen.net\/index.php?rest_route=\/wp\/v2\/users\/3"}],"replies":[{"embeddable":true,"href":"https:\/\/www.diarioimagen.net\/index.php?rest_route=%2Fwp%2Fv2%2Fcomments&post=376260"}],"version-history":[{"count":0,"href":"https:\/\/www.diarioimagen.net\/index.php?rest_route=\/wp\/v2\/posts\/376260\/revisions"}],"wp:featuredmedia":[{"embeddable":true,"href":"https:\/\/www.diarioimagen.net\/index.php?rest_route=\/wp\/v2\/media\/376356"}],"wp:attachment":[{"href":"https:\/\/www.diarioimagen.net\/index.php?rest_route=%2Fwp%2Fv2%2Fmedia&parent=376260"}],"wp:term":[{"taxonomy":"category","embeddable":true,"href":"https:\/\/www.diarioimagen.net\/index.php?rest_route=%2Fwp%2Fv2%2Fcategories&post=376260"},{"taxonomy":"post_tag","embeddable":true,"href":"https:\/\/www.diarioimagen.net\/index.php?rest_route=%2Fwp%2Fv2%2Ftags&post=376260"}],"curies":[{"name":"wp","href":"https:\/\/api.w.org\/{rel}","templated":true}]}}