{"id":376446,"date":"2018-05-16T00:10:04","date_gmt":"2018-05-16T05:10:04","guid":{"rendered":"http:\/\/www.diarioimagen.net\/?p=376446"},"modified":"2018-05-16T05:12:51","modified_gmt":"2018-05-16T10:12:51","slug":"edomex-sera-el-primer-polo-logistico-del-centro-del-pais","status":"publish","type":"post","link":"https:\/\/www.diarioimagen.net\/?p=376446","title":{"rendered":"Edomex ser\u00e1 el primer polo log\u00edstico del centro del pa\u00eds"},"content":{"rendered":"<h2>Arco Norte<\/h2>\n<h5>Jos\u00e9 Luis Monta\u00f1ez Aguilar<\/h5>\n<p>&nbsp;<\/p>\n<div id=\"attachment_376530\" style=\"width: 470px\" class=\"wp-caption aligncenter\"><a href=\"http:\/\/www.diarioimagen.net\/?attachment_id=376530\" rel=\"attachment wp-att-376530\"><img loading=\"lazy\" decoding=\"async\" aria-describedby=\"caption-attachment-376530\" class=\"size-large wp-image-376530\" src=\"http:\/\/www.diarioimagen.net\/wp-content\/uploads\/2018\/05\/arco-3368-460x259.jpg\" alt=\"\" width=\"460\" height=\"259\" srcset=\"https:\/\/www.diarioimagen.net\/wp-content\/uploads\/2018\/05\/arco-3368-460x259.jpg 460w, https:\/\/www.diarioimagen.net\/wp-content\/uploads\/2018\/05\/arco-3368-240x135.jpg 240w, https:\/\/www.diarioimagen.net\/wp-content\/uploads\/2018\/05\/arco-3368-235x132.jpg 235w, https:\/\/www.diarioimagen.net\/wp-content\/uploads\/2018\/05\/arco-3368-202x114.jpg 202w, https:\/\/www.diarioimagen.net\/wp-content\/uploads\/2018\/05\/arco-3368-350x196.jpg 350w, https:\/\/www.diarioimagen.net\/wp-content\/uploads\/2018\/05\/arco-3368-220x123.jpg 220w, https:\/\/www.diarioimagen.net\/wp-content\/uploads\/2018\/05\/arco-3368-237x132.jpg 237w, https:\/\/www.diarioimagen.net\/wp-content\/uploads\/2018\/05\/arco-3368.jpg 480w\" sizes=\"auto, (max-width: 460px) 100vw, 460px\" \/><\/a><p id=\"caption-attachment-376530\" class=\"wp-caption-text\">Luis Gilberto Lim\u00f3n Ch\u00e1vez, secretario de Comunicaciones del Edomex.<\/p><\/div>\n<p>&nbsp;<\/p>\n<p>El proyecto de infraestructura que se encuentra en desarrollo para el Estado de M\u00e9xico, tendr\u00e1 una amplia vocaci\u00f3n social para detonar el desarrollo de las comunidades y dinamizar la econom\u00eda estatal, afirm\u00f3 Luis Gilberto Lim\u00f3n Ch\u00e1vez, secretario de Comunicaciones de la entidad.<\/p>\n<p>En un encuentro con integrantes de la C\u00e1mara Espa\u00f1ola de Comercio, el funcionario estatal afirm\u00f3 que el desarrollo del plan se basa en cuatro ejes: procurar el desarrollo social, mejorar la seguridad, generar un desarrollo econ\u00f3mico integrador e impulsar la transparencia.<\/p>\n<p>Para ello, destac\u00f3, el Estado de M\u00e9xico reconoce el aporte del sector privado para el desarrollo de M\u00e9xico, por lo que consider\u00f3 que su participaci\u00f3n ser\u00e1 fundamental para consolidar los proyectos de infraestructura.<\/p>\n<p>La intenci\u00f3n es convertir al Estado de M\u00e9xico en el principal polo log\u00edstico del centro del pa\u00eds, que sumado al nuevo aeropuerto y el Tren Interurbano, impulsar\u00e1n el dinamismo econ\u00f3mico estatal.<\/p>\n<p>El secretario agreg\u00f3 que el plan de infraestructura busca aprovechar los megadesarrollos para crear una red integrada, con un desarrollo que permee al resto de las comunidades e incorporarlas al mercado de 16 millones de habitantes del Edomex, y la red carretera y log\u00edstica que les permitir\u00e1 ampliar sus horizontes de mercado.<\/p>\n<p style=\"text-align: center;\"><strong>Instalan Comit\u00e9 de Control y Desempe\u00f1o Institucional <\/strong><\/p>\n<p>Durante la instalaci\u00f3n del Comit\u00e9 de Control y Desempe\u00f1o Institucional, el secretario de Desarrollo Social puntualiz\u00f3 que este ejercicio constituye un mecanismo de control, \u00e9tica profesional y transparencia de los recursos que la sociedad deposita, v\u00eda tributaria.<\/p>\n<p>Entre los objetivos trazados, con dicha acci\u00f3n, se encuentran el cumplimiento oportuno de metas institucionales, fortalecimiento de la administraci\u00f3n p\u00fablica, mediante el an\u00e1lisis y seguimiento de estrategias para las tareas desarrolladas por las \u00e1reas gubernamentales.<\/p>\n<p>Asimismo, facilita la aplicaci\u00f3n de medidas preventivas para evitar la materializaci\u00f3n de riesgos, coadyuva a revisar los programas de las dependencias y agrega un valor a las funciones, ya que contribuye a la atenci\u00f3n y soluci\u00f3n de temas relevantes.<\/p>\n<p><em><a href=\"mailto:montanezaguilar@gmail.com\" target=\"_blank\" rel=\"noopener noreferrer\">montanezaguilar@gmail.com<\/a><\/em><\/p>\n","protected":false},"excerpt":{"rendered":"<p><span style=\"color: #005497;\">Jos\u00e9 Luis Monta\u00f1ez Aguilar<\/span><br \/>\n<br \/>\nEl proyecto de infraestructura que se encuentra en desarrollo para el Estado de M\u00e9xico, tendr\u00e1 una amplia vocaci\u00f3n social para detonar el desarrollo de las comunidades y dinamizar la econom\u00eda estatal, afirm\u00f3 Luis Gilberto Lim\u00f3n Ch\u00e1vez, secretario de Comunicaciones de la entidad.<\/p>\n","protected":false},"author":3,"featured_media":376530,"comment_status":"open","ping_status":"open","sticky":false,"template":"","format":"standard","meta":{"_monsterinsights_skip_tracking":false,"_monsterinsights_sitenote_active":false,"_monsterinsights_sitenote_note":"","_monsterinsights_sitenote_category":0,"footnotes":""},"categories":[5],"tags":[13284,43704,43674],"class_list":["post-376446","post","type-post","status-publish","format-standard","has-post-thumbnail","hentry","category-estado-de-mexico","tag-arco-norte","tag-jose-luis-montanez-aguilar","tag-opinion"],"_links":{"self":[{"href":"https:\/\/www.diarioimagen.net\/index.php?rest_route=\/wp\/v2\/posts\/376446","targetHints":{"allow":["GET"]}}],"collection":[{"href":"https:\/\/www.diarioimagen.net\/index.php?rest_route=\/wp\/v2\/posts"}],"about":[{"href":"https:\/\/www.diarioimagen.net\/index.php?rest_route=\/wp\/v2\/types\/post"}],"author":[{"embeddable":true,"href":"https:\/\/www.diarioimagen.net\/index.php?rest_route=\/wp\/v2\/users\/3"}],"replies":[{"embeddable":true,"href":"https:\/\/www.diarioimagen.net\/index.php?rest_route=%2Fwp%2Fv2%2Fcomments&post=376446"}],"version-history":[{"count":0,"href":"https:\/\/www.diarioimagen.net\/index.php?rest_route=\/wp\/v2\/posts\/376446\/revisions"}],"wp:featuredmedia":[{"embeddable":true,"href":"https:\/\/www.diarioimagen.net\/index.php?rest_route=\/wp\/v2\/media\/376530"}],"wp:attachment":[{"href":"https:\/\/www.diarioimagen.net\/index.php?rest_route=%2Fwp%2Fv2%2Fmedia&parent=376446"}],"wp:term":[{"taxonomy":"category","embeddable":true,"href":"https:\/\/www.diarioimagen.net\/index.php?rest_route=%2Fwp%2Fv2%2Fcategories&post=376446"},{"taxonomy":"post_tag","embeddable":true,"href":"https:\/\/www.diarioimagen.net\/index.php?rest_route=%2Fwp%2Fv2%2Ftags&post=376446"}],"curies":[{"name":"wp","href":"https:\/\/api.w.org\/{rel}","templated":true}]}}