{"id":376448,"date":"2018-05-16T00:10:55","date_gmt":"2018-05-16T05:10:55","guid":{"rendered":"http:\/\/www.diarioimagen.net\/?p=376448"},"modified":"2018-05-16T05:14:22","modified_gmt":"2018-05-16T10:14:22","slug":"falto-la-segunda-vuelta-electoral-dice-zavala","status":"publish","type":"post","link":"https:\/\/www.diarioimagen.net\/?p=376448","title":{"rendered":"Falt\u00f3 la segunda vuelta electoral, dice Zavala"},"content":{"rendered":"<ul>\n<li><strong><em>\u201cAl PRI le encantar\u00eda tenerla ahora\u201d<\/em><\/strong><\/li>\n<\/ul>\n<p>&nbsp;<\/p>\n<div id=\"attachment_376534\" style=\"width: 470px\" class=\"wp-caption aligncenter\"><a href=\"http:\/\/www.diarioimagen.net\/?attachment_id=376534\" rel=\"attachment wp-att-376534\"><img loading=\"lazy\" decoding=\"async\" aria-describedby=\"caption-attachment-376534\" class=\"size-large wp-image-376534\" src=\"http:\/\/www.diarioimagen.net\/wp-content\/uploads\/2018\/05\/ZAVALA-3368-460x259.jpg\" alt=\"\" width=\"460\" height=\"259\" srcset=\"https:\/\/www.diarioimagen.net\/wp-content\/uploads\/2018\/05\/ZAVALA-3368-460x259.jpg 460w, https:\/\/www.diarioimagen.net\/wp-content\/uploads\/2018\/05\/ZAVALA-3368-240x135.jpg 240w, https:\/\/www.diarioimagen.net\/wp-content\/uploads\/2018\/05\/ZAVALA-3368-235x132.jpg 235w, https:\/\/www.diarioimagen.net\/wp-content\/uploads\/2018\/05\/ZAVALA-3368-202x114.jpg 202w, https:\/\/www.diarioimagen.net\/wp-content\/uploads\/2018\/05\/ZAVALA-3368-350x196.jpg 350w, https:\/\/www.diarioimagen.net\/wp-content\/uploads\/2018\/05\/ZAVALA-3368-220x123.jpg 220w, https:\/\/www.diarioimagen.net\/wp-content\/uploads\/2018\/05\/ZAVALA-3368-237x132.jpg 237w, https:\/\/www.diarioimagen.net\/wp-content\/uploads\/2018\/05\/ZAVALA-3368.jpg 480w\" sizes=\"auto, (max-width: 460px) 100vw, 460px\" \/><\/a><p id=\"caption-attachment-376534\" class=\"wp-caption-text\">La independiente, Margarita Zavala, asisti\u00f3 a la Reuni\u00f3n Nacional de Consejeros Regionales de BBVA Bancomer.<\/p><\/div>\n<p>&nbsp;<\/p>\n<p>Margarita Zavala G\u00f3mez del Campo, candidata independiente a la Presidencia de la Rep\u00fablica, consider\u00f3 que en el actual proceso electoral debi\u00f3 existir la segunda vuelta, para que los ciudadanos pudieran expresarse mejor al momento de sufragar.<\/p>\n<p>Durante la Reuni\u00f3n Nacional de Consejeros Regionales de BBVA Bancomer, la aspirante presidencial, destac\u00f3 que en alg\u00fan momento el PAN se opuso y el PRI nunca la acept\u00f3, pero ahora s\u00ed es necesaria.<\/p>\n<p>\u201cHizo falta una segunda vuelta electoral, estoy convencida de que s\u00ed.<\/p>\n<p>Al PRI le encantar\u00eda tenerla ahora, siempre crey\u00f3 que no le iba a servir. La segunda vuelta electoral, en un pa\u00eds como este donde se piensa diferente, es una manera de respetar el derecho ciudadano a decir lo que piensa y por ah\u00ed se abre una posibilidad\u201d, expres\u00f3 Zavala en el encuentro.<\/p>\n<p>La ex panista pidi\u00f3 a los ciudadanos que hagan bien las cosas y razonar el voto.<\/p>\n<p>Zavala evadi\u00f3 responder sobre una posible declinaci\u00f3n y sobre la divisi\u00f3n de los simpatizantes del Partido Acci\u00f3n Nacional (PAN), que podr\u00eda provocar el triunfo de Andr\u00e9s Manuel L\u00f3pez Obrador.<\/p>\n<p>\u201cSon los electores y los ciudadanos los que deciden. En el t\u00e9rmino de Andr\u00e9s Manuel L\u00f3pez Obrador tengo mis diferencias, no es un dem\u00f3crata, no acepta derrotas, no acepta que alguien piense distinto\u201d, expres\u00f3.<\/p>\n<p>\u201cLo que nos tenemos que plantear qu\u00e9 es lo correcto, con qu\u00e9 nos vamos a conformar, as\u00ed ha sido mi campa\u00f1a, no nos conformemos con el menos malo, no votemos por nuestros miedos, no votemos por nuestras angustias, sino a partir de nuestros anhelos\u201d, dijo la independiente.<\/p>\n<p>Zavala G\u00f3mez del Campo record\u00f3 que en sus inicios promov\u00eda el voto por el PAN y le dec\u00edan que eso era el voto m\u00e1s in\u00fatil que exist\u00eda, porque el que siempre ganaba el Partido Revolucionario Institucional (PRI).<\/p>\n<p>Margarita agreg\u00f3 que est\u00e1 acostumbrada al voto razonado y de conciencia, y que al final de cuentas lo que cuenta es el ciudadano y la boleta, y la decisi\u00f3n de qu\u00e9 quiere para el pa\u00eds.<\/p>\n<p>\u201cSi no logras ganar \u00bfqu\u00e9 sigue en tu vida pol\u00edtica?\u201d, pregunt\u00f3 la moderadora Ana Paula Ordorica.<\/p>\n<p>\u201cVamos por partes, la pregunta es para todos, despu\u00e9s del 1 de julio nos vamos a amanecer todos y despu\u00e9s todos vamos a tener que construir ese camino para sacar adelante al pa\u00eds, independientemente de qui\u00e9n gane.<\/p>\n<p>En su exposici\u00f3n, Zavala tambi\u00e9n puso \u00e9nfasis en marcar diferencias entre la estrategia de seguridad del actual Gobierno y la Administraci\u00f3n de su esposo Felipe Calder\u00f3n.<\/p>\n<p>En el Gobierno actual, dijo, se abandon\u00f3 a las instituciones de seguridad.<\/p>\n<p>Por ejemplo, se desapareci\u00f3 a la Secretar\u00eda de Seguridad y se pasaron sus funciones a Gobernaci\u00f3n, adem\u00e1s de que se destinaron menos recursos presupuestales.<\/p>\n<p>\u201cAbandonaron a las instituciones de seguridad, la escondieron en t\u00e9rminos de importancia y financiamiento y no hubo un peso m\u00e1s, la polic\u00eda no fue fortalecida\u201d, afirm\u00f3.<\/p>\n<p>Sobre su candidatura independiente, Zavala consider\u00f3 que abonar\u00e1 en una nueva reforma en la materia sobre la inequidad frente a los partidos pol\u00edticos en el financiamiento y en los spots.<\/p>\n","protected":false},"excerpt":{"rendered":"<p>Margarita Zavala G\u00f3mez del Campo, candidata independiente a la Presidencia de la Rep\u00fablica, consider\u00f3 que en el actual proceso electoral debi\u00f3 existir la segunda vuelta, para que los ciudadanos pudieran expresarse mejor al momento de sufragar.<\/p>\n","protected":false},"author":3,"featured_media":376534,"comment_status":"open","ping_status":"open","sticky":false,"template":"","format":"standard","meta":{"_monsterinsights_skip_tracking":false,"_monsterinsights_sitenote_active":false,"_monsterinsights_sitenote_note":"","_monsterinsights_sitenote_category":0,"footnotes":""},"categories":[3],"tags":[13639,43673,1238,100],"class_list":["post-376448","post","type-post","status-publish","format-standard","has-post-thumbnail","hentry","category-nacional","tag-margarita-zavala-gomez-del-campo","tag-nacional","tag-presidencia-de-la-republica","tag-segunda-vuelta"],"_links":{"self":[{"href":"https:\/\/www.diarioimagen.net\/index.php?rest_route=\/wp\/v2\/posts\/376448","targetHints":{"allow":["GET"]}}],"collection":[{"href":"https:\/\/www.diarioimagen.net\/index.php?rest_route=\/wp\/v2\/posts"}],"about":[{"href":"https:\/\/www.diarioimagen.net\/index.php?rest_route=\/wp\/v2\/types\/post"}],"author":[{"embeddable":true,"href":"https:\/\/www.diarioimagen.net\/index.php?rest_route=\/wp\/v2\/users\/3"}],"replies":[{"embeddable":true,"href":"https:\/\/www.diarioimagen.net\/index.php?rest_route=%2Fwp%2Fv2%2Fcomments&post=376448"}],"version-history":[{"count":0,"href":"https:\/\/www.diarioimagen.net\/index.php?rest_route=\/wp\/v2\/posts\/376448\/revisions"}],"wp:featuredmedia":[{"embeddable":true,"href":"https:\/\/www.diarioimagen.net\/index.php?rest_route=\/wp\/v2\/media\/376534"}],"wp:attachment":[{"href":"https:\/\/www.diarioimagen.net\/index.php?rest_route=%2Fwp%2Fv2%2Fmedia&parent=376448"}],"wp:term":[{"taxonomy":"category","embeddable":true,"href":"https:\/\/www.diarioimagen.net\/index.php?rest_route=%2Fwp%2Fv2%2Fcategories&post=376448"},{"taxonomy":"post_tag","embeddable":true,"href":"https:\/\/www.diarioimagen.net\/index.php?rest_route=%2Fwp%2Fv2%2Ftags&post=376448"}],"curies":[{"name":"wp","href":"https:\/\/api.w.org\/{rel}","templated":true}]}}