{"id":376454,"date":"2018-05-16T00:08:35","date_gmt":"2018-05-16T05:08:35","guid":{"rendered":"http:\/\/www.diarioimagen.net\/?p=376454"},"modified":"2018-05-16T06:43:03","modified_gmt":"2018-05-16T11:43:03","slug":"el-bronco-propone-azotes-para-delincuentes","status":"publish","type":"post","link":"https:\/\/www.diarioimagen.net\/?p=376454","title":{"rendered":"\u201cEl Bronco\u201d propone azotes para delincuentes"},"content":{"rendered":"<ul>\n<li><strong><em>Afirma que no ser\u00eda un gobernante radical<\/em><\/strong><\/li>\n<\/ul>\n<p>&nbsp;<\/p>\n<div id=\"attachment_376546\" style=\"width: 470px\" class=\"wp-caption aligncenter\"><a href=\"http:\/\/www.diarioimagen.net\/?attachment_id=376546\" rel=\"attachment wp-att-376546\"><img loading=\"lazy\" decoding=\"async\" aria-describedby=\"caption-attachment-376546\" class=\"size-large wp-image-376546\" src=\"http:\/\/www.diarioimagen.net\/wp-content\/uploads\/2018\/05\/BRONCO-3368-460x259.jpg\" alt=\"\" width=\"460\" height=\"259\" srcset=\"https:\/\/www.diarioimagen.net\/wp-content\/uploads\/2018\/05\/BRONCO-3368-460x259.jpg 460w, https:\/\/www.diarioimagen.net\/wp-content\/uploads\/2018\/05\/BRONCO-3368-240x135.jpg 240w, https:\/\/www.diarioimagen.net\/wp-content\/uploads\/2018\/05\/BRONCO-3368-235x132.jpg 235w, https:\/\/www.diarioimagen.net\/wp-content\/uploads\/2018\/05\/BRONCO-3368-202x114.jpg 202w, https:\/\/www.diarioimagen.net\/wp-content\/uploads\/2018\/05\/BRONCO-3368-350x196.jpg 350w, https:\/\/www.diarioimagen.net\/wp-content\/uploads\/2018\/05\/BRONCO-3368-220x123.jpg 220w, https:\/\/www.diarioimagen.net\/wp-content\/uploads\/2018\/05\/BRONCO-3368-237x132.jpg 237w, https:\/\/www.diarioimagen.net\/wp-content\/uploads\/2018\/05\/BRONCO-3368.jpg 480w\" sizes=\"auto, (max-width: 460px) 100vw, 460px\" \/><\/a><p id=\"caption-attachment-376546\" class=\"wp-caption-text\">El candidato independiente, Jaime Rodr\u00edguez Calder\u00f3n, \u201cEl Bronco\u201d, dijo que de llegar a ser Presidente actuar\u00e1 con firmeza contra la delincuencia.<\/p><\/div>\n<p>&nbsp;<\/p>\n<p>El candidato independiente a la Presidencia, Jaime Rodr\u00edguez Calder\u00f3n, \u201cEl Bronco\u201d, afirm\u00f3 que est\u00e1 dispuesto a analizar el incorporar el castigo de \u201cazotes\u201d para los delincuentes y secuestradores en su iniciativa para \u201cmocharle\u201d la mano a los servidores p\u00fablicos corruptos.<\/p>\n<p>\u201cHoy puse el video (de Singapur) para hacer la comparaci\u00f3n de que los azotes son necesarios para los delincuentes, por ejemplo, el que se roba a un ni\u00f1o, \u00bfqu\u00e9 le haremos? Si un ni\u00f1o lo secuestran, se lo roban o lo desaparecen \u00bfqu\u00e9 le debemos hacer a ese delincuente? \u00bfHay que perdonarlo, meterlo y sujetarlo a la ley tradicional?\u201d, dijo en entrevista tras presentarse con consejeros de BBVA Bancomer.<\/p>\n<p>Asegur\u00f3 si llega a ser Presidente de la Rep\u00fablica actuar\u00e1 con firmeza porque no podemos permitir que haya ese tipo de delitos, aunque aclar\u00f3 que no ser\u00e1 un gobernante radical.<\/p>\n<p>\u201cNo pretendo ser un gobernante radical, lo que pretendo es decirle a la gente: miren c\u00f3mo est\u00e1 este pa\u00eds (Singapur), y qu\u00e9 es lo que hicieron, si tenemos que hacer algunas sanciones de esas las consultaremos con la sociedad, porque la sociedad nos tiene que decir que tipo de sanciones tenemos que poner\u201d.<\/p>\n<p>Incisivo, plante\u00f3 que al igual que en Singapur a los funcionarios p\u00fablicos que est\u00e1n bajo sospecha de haber cometido alg\u00fan il\u00edcito se les puede detener, sin que medie orden de aprehensi\u00f3n alguna.<\/p>\n<p>Durante el primer debate presidencial, \u201cEl Bronco\u201d propuso \u201cmochar\u201d las manos a los servidores p\u00fablicos corruptos.<\/p>\n","protected":false},"excerpt":{"rendered":"<p>El candidato independiente a la Presidencia, Jaime Rodr\u00edguez Calder\u00f3n, \u201cEl Bronco\u201d, afirm\u00f3 que est\u00e1 dispuesto a analizar el incorporar el castigo de \u201cazotes\u201d para los delincuentes y secuestradores en su iniciativa para \u201cmocharle\u201d la mano a los servidores p\u00fablicos corruptos.<\/p>\n","protected":false},"author":3,"featured_media":376546,"comment_status":"open","ping_status":"open","sticky":false,"template":"","format":"standard","meta":{"_monsterinsights_skip_tracking":false,"_monsterinsights_sitenote_active":false,"_monsterinsights_sitenote_note":"","_monsterinsights_sitenote_category":0,"footnotes":""},"categories":[3],"tags":[73702,8654,69284,43673],"class_list":["post-376454","post","type-post","status-publish","format-standard","has-post-thumbnail","hentry","category-nacional","tag-azotes","tag-delincuencia","tag-jaime-rodriguez-calderon","tag-nacional"],"_links":{"self":[{"href":"https:\/\/www.diarioimagen.net\/index.php?rest_route=\/wp\/v2\/posts\/376454","targetHints":{"allow":["GET"]}}],"collection":[{"href":"https:\/\/www.diarioimagen.net\/index.php?rest_route=\/wp\/v2\/posts"}],"about":[{"href":"https:\/\/www.diarioimagen.net\/index.php?rest_route=\/wp\/v2\/types\/post"}],"author":[{"embeddable":true,"href":"https:\/\/www.diarioimagen.net\/index.php?rest_route=\/wp\/v2\/users\/3"}],"replies":[{"embeddable":true,"href":"https:\/\/www.diarioimagen.net\/index.php?rest_route=%2Fwp%2Fv2%2Fcomments&post=376454"}],"version-history":[{"count":0,"href":"https:\/\/www.diarioimagen.net\/index.php?rest_route=\/wp\/v2\/posts\/376454\/revisions"}],"wp:featuredmedia":[{"embeddable":true,"href":"https:\/\/www.diarioimagen.net\/index.php?rest_route=\/wp\/v2\/media\/376546"}],"wp:attachment":[{"href":"https:\/\/www.diarioimagen.net\/index.php?rest_route=%2Fwp%2Fv2%2Fmedia&parent=376454"}],"wp:term":[{"taxonomy":"category","embeddable":true,"href":"https:\/\/www.diarioimagen.net\/index.php?rest_route=%2Fwp%2Fv2%2Fcategories&post=376454"},{"taxonomy":"post_tag","embeddable":true,"href":"https:\/\/www.diarioimagen.net\/index.php?rest_route=%2Fwp%2Fv2%2Ftags&post=376454"}],"curies":[{"name":"wp","href":"https:\/\/api.w.org\/{rel}","templated":true}]}}