{"id":376457,"date":"2018-05-16T00:09:04","date_gmt":"2018-05-16T05:09:04","guid":{"rendered":"http:\/\/www.diarioimagen.net\/?p=376457"},"modified":"2018-05-16T22:41:13","modified_gmt":"2018-05-17T03:41:13","slug":"hasta-en-las-vegas-soy-el-favorito-para-ganar-amlo","status":"publish","type":"post","link":"https:\/\/www.diarioimagen.net\/?p=376457","title":{"rendered":"Hasta en Las Vegas soy el favorito para ganar: AMLO"},"content":{"rendered":"<ul>\n<li><em><strong>Dice que no cerrar\u00e1 base a\u00e9rea de Santa Luc\u00eda<\/strong><\/em><\/li>\n<li><em><strong>Pide a candidatos de Morena ir a 150 casas al d\u00eda para garantizar voto<\/strong><\/em><\/li>\n<\/ul>\n<h6>Jos\u00e9 Luis Monta\u00f1ez<\/h6>\n<p>&nbsp;<\/p>\n<div id=\"attachment_376540\" style=\"width: 470px\" class=\"wp-caption aligncenter\"><a href=\"http:\/\/www.diarioimagen.net\/?attachment_id=376540\" rel=\"attachment wp-att-376540\"><img loading=\"lazy\" decoding=\"async\" aria-describedby=\"caption-attachment-376540\" class=\"size-large wp-image-376540\" src=\"http:\/\/www.diarioimagen.net\/wp-content\/uploads\/2018\/05\/amlo-3368-460x259.jpg\" alt=\"\" width=\"460\" height=\"259\" srcset=\"https:\/\/www.diarioimagen.net\/wp-content\/uploads\/2018\/05\/amlo-3368-460x259.jpg 460w, https:\/\/www.diarioimagen.net\/wp-content\/uploads\/2018\/05\/amlo-3368-240x135.jpg 240w, https:\/\/www.diarioimagen.net\/wp-content\/uploads\/2018\/05\/amlo-3368-235x132.jpg 235w, https:\/\/www.diarioimagen.net\/wp-content\/uploads\/2018\/05\/amlo-3368-202x114.jpg 202w, https:\/\/www.diarioimagen.net\/wp-content\/uploads\/2018\/05\/amlo-3368-350x196.jpg 350w, https:\/\/www.diarioimagen.net\/wp-content\/uploads\/2018\/05\/amlo-3368-220x123.jpg 220w, https:\/\/www.diarioimagen.net\/wp-content\/uploads\/2018\/05\/amlo-3368-237x132.jpg 237w, https:\/\/www.diarioimagen.net\/wp-content\/uploads\/2018\/05\/amlo-3368.jpg 480w\" sizes=\"auto, (max-width: 460px) 100vw, 460px\" \/><\/a><p id=\"caption-attachment-376540\" class=\"wp-caption-text\">Andr\u00e9s Manuel L\u00f3pez Obrador habl\u00f3 de dos v\u00edas para cancelar la reforma educativa: haciendo uso sus facultades como jefe del Ejecutivo y mediante iniciativas de reformas.<\/p><\/div>\n<p>&nbsp;<\/p>\n<p>Andr\u00e9s Manuel L\u00f3pez Obrador, candidato presidencial de la coalici\u00f3n Juntos Haremos Historia, enfatiz\u00f3 que de llegar a la Presidencia no cerrar\u00e1 la base militar de Santa Luc\u00eda, que el general Salvador Cienfuegos, secretario de la Defensa, consider\u00f3 la instalaci\u00f3n m\u00e1s importante de la Fuerza A\u00e9rea Mexicana.<\/p>\n<p>Luego de un mitin en R\u00edo Verde, San Luis Potos\u00ed, el abanderado de Morena calific\u00f3 de \u201cbuena se\u00f1al\u201d esta declaraci\u00f3n.<\/p>\n<p>\u201cNo quiere el general secretario que se cierre la base militar de Santa Luc\u00eda si se construye el nuevo aeropuerto en Texcoco, pues se tiene que cerrar la base militar. Nosotros no vamos a cerrar la base\u201d, subray\u00f3.<\/p>\n<p>En el marco del D\u00eda del Maestro, L\u00f3pez Obrador habl\u00f3 de dos v\u00edas para cancelar la reforma educativa: haciendo uso sus facultades como jefe del Ejecutivo y mediante iniciativas de reformas.<\/p>\n<p>El tabasque\u00f1o destac\u00f3 su ventaja en las preferencias electorales, e incluso, dijo, en las apuestas de Las Vegas es el favorito para ganar los comicios del pr\u00f3ximo 1 de julio.<\/p>\n<p>\u201cHasta las apuestas en Las Vegas estamos 85 por ciento de que vamos a ganar, por eso no voy a hablar de la elecci\u00f3n, quiero hablarles de lo que vamos a llevar a cabo que es el programa para transformar al pa\u00eds, quiero hablarles de c\u00f3mo vamos a sacar a nuestro querido M\u00e9xico del atolladero en que lo han metido los malos gobernantes\u201d.<\/p>\n<p>En entrevista posterior, reiter\u00f3 esta aseveraci\u00f3n, aunque no quiso revelar de d\u00f3nde obtuvo la informaci\u00f3n. \u201cInd\u00e1guenlo ustedes y van a ver (&#8230;) Adem\u00e1s de las encuestas, en Las Vegas hay apuestas, y en las apuestas de Las Vegas estamos un 85 por ciento de posibilidades de triunfo. \u201cEstamos con esa ventaja, porque no s\u00f3lo son las encuestas, en las apuestas estamos tambi\u00e9n arriba, muy arriba\u201d.<\/p>\n<p style=\"text-align: center;\"><strong>Pide AMLO a candidatos <\/strong><strong>ir a 150 casas al d\u00eda<\/strong><\/p>\n<p>Andr\u00e9s Manuel L\u00f3pez Obrador \u201cacicate\u00f3\u201d a los candidatos de la coalici\u00f3n Juntos Haremos Historia. A 47 d\u00edas de la elecci\u00f3n, el abanderado presidencial los apremi\u00f3 a hacer campa\u00f1a casa por casa y no confiarse de la ventaja que marcan las encuestas.<\/p>\n<p>Precis\u00f3 que cada candidato debe visitar -al menos- 150 domicilios al d\u00eda, ya que, advirti\u00f3, a muchos no les ha dado el Sol.<\/p>\n<p>\u201cLes pido a ustedes, candidatos de la coalici\u00f3n Juntos Haremos Historia, que trabajen, que hagan campa\u00f1a, que visiten las casas, que informen. Se tienen que visitar 150 domicilios diarios. Si un candidato no visita 150 domicilios diarios, entregando el peri\u00f3dico <em>Regeneraci\u00f3n<\/em> para informar a la gente, no es buen candidato\u201d, dijo el tabasque\u00f1o a trav\u00e9s de un video.<\/p>\n<p>\u201cEstoy viendo algunos que est\u00e1n muy blanquitos (&#8230;) porque no les da el Sol, porque no est\u00e1n haciendo campa\u00f1a. \u00bfEntonces qu\u00e9 les pido? 150 domicilios diarios, hablando con la gente, inform\u00e1ndola, haciendo conciencia, organizando a los ciudadanos; no nos confiemos\u201d. L\u00f3pez Obrador convoc\u00f3 tambi\u00e9n a los ciudadanos \u201cacicatear\u201d a los candidatos, a fin de que la coalici\u00f3n gane la elecci\u00f3n con amplia ventaja.<\/p>\n<p>\u201cVoy a estar pendiente, les pido tambi\u00e9n a los ciudadanos que me ayuden a estar acicateando, lo digo de manera respetuosa, imprimi\u00e9ndoles br\u00edos, entusiasmo, a los candidatos para que hagan campa\u00f1a\u201d.<\/p>\n","protected":false},"excerpt":{"rendered":"<p><span style=\"color: #005497;\">Jos\u00e9 Luis Monta\u00f1ez<\/span><br \/>\n<br \/>\nAndr\u00e9s Manuel L\u00f3pez Obrador, candidato presidencial de la coalici\u00f3n Juntos Haremos Historia, enfatiz\u00f3 que de llegar a la Presidencia no cerrar\u00e1 la base militar de Santa Luc\u00eda, que el general Salvador Cienfuegos, secretario de la Defensa, consider\u00f3 la instalaci\u00f3n m\u00e1s importante de la Fuerza A\u00e9rea Mexicana.<\/p>\n","protected":false},"author":3,"featured_media":376540,"comment_status":"open","ping_status":"open","sticky":false,"template":"","format":"standard","meta":{"_monsterinsights_skip_tracking":false,"_monsterinsights_sitenote_active":false,"_monsterinsights_sitenote_note":"","_monsterinsights_sitenote_category":0,"footnotes":""},"categories":[3],"tags":[2545,1352,73704,69000,4371,43673],"class_list":["post-376457","post","type-post","status-publish","format-standard","has-post-thumbnail","hentry","category-nacional","tag-amlo","tag-andres-manuel-lopez-obrador","tag-favorito","tag-juntos-haremos-historia","tag-las-vegas","tag-nacional"],"_links":{"self":[{"href":"https:\/\/www.diarioimagen.net\/index.php?rest_route=\/wp\/v2\/posts\/376457","targetHints":{"allow":["GET"]}}],"collection":[{"href":"https:\/\/www.diarioimagen.net\/index.php?rest_route=\/wp\/v2\/posts"}],"about":[{"href":"https:\/\/www.diarioimagen.net\/index.php?rest_route=\/wp\/v2\/types\/post"}],"author":[{"embeddable":true,"href":"https:\/\/www.diarioimagen.net\/index.php?rest_route=\/wp\/v2\/users\/3"}],"replies":[{"embeddable":true,"href":"https:\/\/www.diarioimagen.net\/index.php?rest_route=%2Fwp%2Fv2%2Fcomments&post=376457"}],"version-history":[{"count":0,"href":"https:\/\/www.diarioimagen.net\/index.php?rest_route=\/wp\/v2\/posts\/376457\/revisions"}],"wp:featuredmedia":[{"embeddable":true,"href":"https:\/\/www.diarioimagen.net\/index.php?rest_route=\/wp\/v2\/media\/376540"}],"wp:attachment":[{"href":"https:\/\/www.diarioimagen.net\/index.php?rest_route=%2Fwp%2Fv2%2Fmedia&parent=376457"}],"wp:term":[{"taxonomy":"category","embeddable":true,"href":"https:\/\/www.diarioimagen.net\/index.php?rest_route=%2Fwp%2Fv2%2Fcategories&post=376457"},{"taxonomy":"post_tag","embeddable":true,"href":"https:\/\/www.diarioimagen.net\/index.php?rest_route=%2Fwp%2Fv2%2Ftags&post=376457"}],"curies":[{"name":"wp","href":"https:\/\/api.w.org\/{rel}","templated":true}]}}