{"id":376460,"date":"2018-05-16T00:06:39","date_gmt":"2018-05-16T05:06:39","guid":{"rendered":"http:\/\/www.diarioimagen.net\/?p=376460"},"modified":"2018-05-16T22:40:48","modified_gmt":"2018-05-17T03:40:48","slug":"mancera-renovo-el-contrato-de-fotomultas","status":"publish","type":"post","link":"https:\/\/www.diarioimagen.net\/?p=376460","title":{"rendered":"Mancera renov\u00f3 el contrato de fotomultas"},"content":{"rendered":"<ul>\n<li><strong><em>Antes de irse<\/em><\/strong><\/li>\n<\/ul>\n<p>&nbsp;<\/p>\n<p><a href=\"http:\/\/www.diarioimagen.net\/?attachment_id=376573\" rel=\"attachment wp-att-376573\"><img loading=\"lazy\" decoding=\"async\" class=\"size-large wp-image-376573 aligncenter\" src=\"http:\/\/www.diarioimagen.net\/wp-content\/uploads\/2018\/05\/fotomultas-3368-460x259.jpg\" alt=\"\" width=\"460\" height=\"259\" srcset=\"https:\/\/www.diarioimagen.net\/wp-content\/uploads\/2018\/05\/fotomultas-3368-460x259.jpg 460w, https:\/\/www.diarioimagen.net\/wp-content\/uploads\/2018\/05\/fotomultas-3368-240x135.jpg 240w, https:\/\/www.diarioimagen.net\/wp-content\/uploads\/2018\/05\/fotomultas-3368-235x132.jpg 235w, https:\/\/www.diarioimagen.net\/wp-content\/uploads\/2018\/05\/fotomultas-3368-202x114.jpg 202w, https:\/\/www.diarioimagen.net\/wp-content\/uploads\/2018\/05\/fotomultas-3368-350x196.jpg 350w, https:\/\/www.diarioimagen.net\/wp-content\/uploads\/2018\/05\/fotomultas-3368-220x123.jpg 220w, https:\/\/www.diarioimagen.net\/wp-content\/uploads\/2018\/05\/fotomultas-3368-237x132.jpg 237w, https:\/\/www.diarioimagen.net\/wp-content\/uploads\/2018\/05\/fotomultas-3368.jpg 480w\" sizes=\"auto, (max-width: 460px) 100vw, 460px\" \/><\/a><\/p>\n<p>&nbsp;<\/p>\n<p>Miguel \u00c1ngel Mancera Espinosa firm\u00f3 un nuevo contrato millonario con la empresa Inteltr\u00e1fico, para aplicar fotomultas durante este a\u00f1o, antes de dejar la jefatura de gobierno de la Ciudad de M\u00e9xico, para buscar un esca\u00f1o.<\/p>\n<p>En febrero pasado, la candidata de Morena, Claudia Sheinbaum, critic\u00f3 que las fotomultas eran un negocio y Mancera revir\u00f3 que el contrato con la empresa hab\u00eda terminado, pero no aclar\u00f3 que acababa de renovarlo.<\/p>\n<p>\u201cEse contrato ya se termin\u00f3 y, obviamente, lo que ahora habr\u00e1 es mantenimiento, que es distinto, pero el equipo ya es de la CDMX\u201d, expres\u00f3 el 13 de febrero.<\/p>\n<p>Documentos de la administraci\u00f3n local, entregados v\u00eda transparencia al senador morenista Mario Delgado, revelan que el nuevo contrato contempla la imposici\u00f3n de 2 millones de multas y el pago de 219 millones de pesos a la compa\u00f1\u00eda.<\/p>\n<p>En diciembre del a\u00f1o pasado, Mancera inici\u00f3 las gestiones para el nuevo contrato de operaci\u00f3n.<\/p>\n<p>Seg\u00fan Delgado, el documento fue firmado el 7 de febrero luego de una licitaci\u00f3n que calific\u00f3 de apresurada e irregular.<\/p>\n<p>\u201cEl proceso de licitaci\u00f3n inici\u00f3 con la convocatoria el 12 de enero de 2018, cuyo fallo no fue publicado en la Gaceta Oficial de la Ciudad\u201d, denunci\u00f3.<\/p>\n<p>El legislador explic\u00f3 que el contrato contempla el pago de 95 pesos por multa, con base en un estimado de 2 millones de infracciones.<\/p>\n<p>Sin embargo, sostuvo que las propias cifras del gobierno capitalino, plasmadas en la Cuenta P\u00fablica de la Ciudad de M\u00e9xico, revelan la imposici\u00f3n de 7.7 millones de sanciones en el 2017.<\/p>\n<p>\u201cLa tendencia de las fotomultas llevar\u00e1 a imponer m\u00e1s de 7 millones y a generar ingresos a la empresa contratista por m\u00e1s de 700 millones de pesos en 2018. Se trata de un contrato jugos\u00edsimo\u201d.<\/p>\n<p>Delgado advirti\u00f3 que, adicionalmente, el Gobierno local tiene calculado recaudar mil 986 millones de pesos por multas de tr\u00e1nsito para este a\u00f1o.<\/p>\n<p>El documento se\u00f1ala que el servicio incluye la operaci\u00f3n y mantenimiento de 125 dispositivos para la detecci\u00f3n de infracciones, que hoy son propiedad de la Secretar\u00eda de Seguridad P\u00fablica.<\/p>\n","protected":false},"excerpt":{"rendered":"<p>Miguel \u00c1ngel Mancera Espinosa firm\u00f3 un nuevo contrato millonario con la empresa Inteltr\u00e1fico, para aplicar fotomultas durante este a\u00f1o, antes de dejar la jefatura de gobierno de la Ciudad de M\u00e9xico, para buscar un esca\u00f1o.<\/p>\n","protected":false},"author":3,"featured_media":376573,"comment_status":"open","ping_status":"open","sticky":false,"template":"","format":"standard","meta":{"_monsterinsights_skip_tracking":false,"_monsterinsights_sitenote_active":false,"_monsterinsights_sitenote_note":"","_monsterinsights_sitenote_category":0,"footnotes":""},"categories":[6],"tags":[204,33280,47548,5314],"class_list":["post-376460","post","type-post","status-publish","format-standard","has-post-thumbnail","hentry","category-cd-de-mexico","tag-ciudad-de-mexico","tag-contrato","tag-fotomultas","tag-miguel-angel-mancera-espinosa"],"_links":{"self":[{"href":"https:\/\/www.diarioimagen.net\/index.php?rest_route=\/wp\/v2\/posts\/376460","targetHints":{"allow":["GET"]}}],"collection":[{"href":"https:\/\/www.diarioimagen.net\/index.php?rest_route=\/wp\/v2\/posts"}],"about":[{"href":"https:\/\/www.diarioimagen.net\/index.php?rest_route=\/wp\/v2\/types\/post"}],"author":[{"embeddable":true,"href":"https:\/\/www.diarioimagen.net\/index.php?rest_route=\/wp\/v2\/users\/3"}],"replies":[{"embeddable":true,"href":"https:\/\/www.diarioimagen.net\/index.php?rest_route=%2Fwp%2Fv2%2Fcomments&post=376460"}],"version-history":[{"count":0,"href":"https:\/\/www.diarioimagen.net\/index.php?rest_route=\/wp\/v2\/posts\/376460\/revisions"}],"wp:featuredmedia":[{"embeddable":true,"href":"https:\/\/www.diarioimagen.net\/index.php?rest_route=\/wp\/v2\/media\/376573"}],"wp:attachment":[{"href":"https:\/\/www.diarioimagen.net\/index.php?rest_route=%2Fwp%2Fv2%2Fmedia&parent=376460"}],"wp:term":[{"taxonomy":"category","embeddable":true,"href":"https:\/\/www.diarioimagen.net\/index.php?rest_route=%2Fwp%2Fv2%2Fcategories&post=376460"},{"taxonomy":"post_tag","embeddable":true,"href":"https:\/\/www.diarioimagen.net\/index.php?rest_route=%2Fwp%2Fv2%2Ftags&post=376460"}],"curies":[{"name":"wp","href":"https:\/\/api.w.org\/{rel}","templated":true}]}}