{"id":376465,"date":"2018-05-16T00:08:10","date_gmt":"2018-05-16T05:08:10","guid":{"rendered":"http:\/\/www.diarioimagen.net\/?p=376465"},"modified":"2018-05-16T22:41:00","modified_gmt":"2018-05-17T03:41:00","slug":"reconocimiento-a-plantilla-docente-del-tsjcdmx","status":"publish","type":"post","link":"https:\/\/www.diarioimagen.net\/?p=376465","title":{"rendered":"Reconocimiento a plantilla docente del TSJCDMX"},"content":{"rendered":"<p><a href=\"http:\/\/www.diarioimagen.net\/?attachment_id=376549\" rel=\"attachment wp-att-376549\"><img loading=\"lazy\" decoding=\"async\" class=\"aligncenter size-large wp-image-376549\" src=\"http:\/\/www.diarioimagen.net\/wp-content\/uploads\/2018\/05\/tribunal-3368-460x259.jpg\" alt=\"\" width=\"460\" height=\"259\" srcset=\"https:\/\/www.diarioimagen.net\/wp-content\/uploads\/2018\/05\/tribunal-3368-460x259.jpg 460w, https:\/\/www.diarioimagen.net\/wp-content\/uploads\/2018\/05\/tribunal-3368-240x135.jpg 240w, https:\/\/www.diarioimagen.net\/wp-content\/uploads\/2018\/05\/tribunal-3368-235x132.jpg 235w, https:\/\/www.diarioimagen.net\/wp-content\/uploads\/2018\/05\/tribunal-3368-202x114.jpg 202w, https:\/\/www.diarioimagen.net\/wp-content\/uploads\/2018\/05\/tribunal-3368-350x196.jpg 350w, https:\/\/www.diarioimagen.net\/wp-content\/uploads\/2018\/05\/tribunal-3368-220x123.jpg 220w, https:\/\/www.diarioimagen.net\/wp-content\/uploads\/2018\/05\/tribunal-3368-237x132.jpg 237w, https:\/\/www.diarioimagen.net\/wp-content\/uploads\/2018\/05\/tribunal-3368.jpg 480w\" sizes=\"auto, (max-width: 460px) 100vw, 460px\" \/><\/a><\/p>\n<p>&nbsp;<\/p>\n<p>Por impartir clases en el Instituto de Estudios Judiciales (IEJ), consejeros de Judicatura local, magistrados, jueces y otros operadores jur\u00eddicos que conforman la plantilla docente, fueron reconocidos con motivo del\u00a0D\u00eda del Maestro, en un acto encabezado por el presidente del Tribunal Superior de Justicia de la Ciudad de M\u00e9xico (TSJCDMX), magistrado \u00c1lvaro Augusto P\u00e9rez Ju\u00e1rez, quien dijo con su labor favorecen la formaci\u00f3n continua y robustecen la carrera judicial especializada.<\/p>\n<p>En los cursos y talleres de actualizaci\u00f3n 2016-2017, los docentes hicieron posible la realizaci\u00f3n de 75 cursos, con lo que se actualiz\u00f3 a un total de mil 655 alumnos, en beneficio de la sociedad a la que sirve el TSJCDMX.<\/p>\n<p>El IEJ es el \u00e1rea de apoyo judicial responsable de la selecci\u00f3n y formaci\u00f3n de personal de carrera del \u00f3rgano judicial capitalino, y encargado, asimismo, de la capacitaci\u00f3n de personal administrativo y apoyo judicial; en este se imparte el \u00fanico doctorado en el pa\u00eds en Administraci\u00f3n del Poder Judicial.<\/p>\n","protected":false},"excerpt":{"rendered":"<p>Por impartir clases en el Instituto de Estudios Judiciales (IEJ), consejeros de Judicatura local, magistrados, jueces y otros operadores jur\u00eddicos que conforman la plantilla docente, fueron reconocidos con motivo del D\u00eda del Maestro, en un acto encabezado por el presidente del Tribunal Superior de Justicia de la Ciudad de M\u00e9xico (TSJCDMX), magistrado \u00c1lvaro Augusto P\u00e9rez Ju\u00e1rez, quien dijo con su labor favorecen la formaci\u00f3n continua y robustecen la carrera judicial especializada.<\/p>\n","protected":false},"author":3,"featured_media":376549,"comment_status":"open","ping_status":"open","sticky":false,"template":"","format":"standard","meta":{"_monsterinsights_skip_tracking":false,"_monsterinsights_sitenote_active":false,"_monsterinsights_sitenote_note":"","_monsterinsights_sitenote_category":0,"footnotes":""},"categories":[6],"tags":[204,41448,73706,73705,51325],"class_list":["post-376465","post","type-post","status-publish","format-standard","has-post-thumbnail","hentry","category-cd-de-mexico","tag-ciudad-de-mexico","tag-docente","tag-instituto-de-estudios-judiciales","tag-plantilla","tag-tsjcdmx"],"_links":{"self":[{"href":"https:\/\/www.diarioimagen.net\/index.php?rest_route=\/wp\/v2\/posts\/376465","targetHints":{"allow":["GET"]}}],"collection":[{"href":"https:\/\/www.diarioimagen.net\/index.php?rest_route=\/wp\/v2\/posts"}],"about":[{"href":"https:\/\/www.diarioimagen.net\/index.php?rest_route=\/wp\/v2\/types\/post"}],"author":[{"embeddable":true,"href":"https:\/\/www.diarioimagen.net\/index.php?rest_route=\/wp\/v2\/users\/3"}],"replies":[{"embeddable":true,"href":"https:\/\/www.diarioimagen.net\/index.php?rest_route=%2Fwp%2Fv2%2Fcomments&post=376465"}],"version-history":[{"count":0,"href":"https:\/\/www.diarioimagen.net\/index.php?rest_route=\/wp\/v2\/posts\/376465\/revisions"}],"wp:featuredmedia":[{"embeddable":true,"href":"https:\/\/www.diarioimagen.net\/index.php?rest_route=\/wp\/v2\/media\/376549"}],"wp:attachment":[{"href":"https:\/\/www.diarioimagen.net\/index.php?rest_route=%2Fwp%2Fv2%2Fmedia&parent=376465"}],"wp:term":[{"taxonomy":"category","embeddable":true,"href":"https:\/\/www.diarioimagen.net\/index.php?rest_route=%2Fwp%2Fv2%2Fcategories&post=376465"},{"taxonomy":"post_tag","embeddable":true,"href":"https:\/\/www.diarioimagen.net\/index.php?rest_route=%2Fwp%2Fv2%2Ftags&post=376465"}],"curies":[{"name":"wp","href":"https:\/\/api.w.org\/{rel}","templated":true}]}}