{"id":376474,"date":"2018-05-16T00:09:36","date_gmt":"2018-05-16T05:09:36","guid":{"rendered":"http:\/\/www.diarioimagen.net\/?p=376474"},"modified":"2018-05-16T06:48:27","modified_gmt":"2018-05-16T11:48:27","slug":"unide-ya-es-marca-registrada-del-sistema-municipal-dif-tlalnepantla","status":"publish","type":"post","link":"https:\/\/www.diarioimagen.net\/?p=376474","title":{"rendered":"UNIDE ya es marca registrada del Sistema Municipal DIF Tlalnepantla"},"content":{"rendered":"<ul>\n<li><strong><em>Cursos extramuros para adultos mayores<\/em><\/strong><\/li>\n<\/ul>\n<p>&nbsp;<\/p>\n<div id=\"attachment_376558\" style=\"width: 470px\" class=\"wp-caption aligncenter\"><a href=\"http:\/\/www.diarioimagen.net\/?attachment_id=376558\" rel=\"attachment wp-att-376558\"><img loading=\"lazy\" decoding=\"async\" aria-describedby=\"caption-attachment-376558\" class=\"size-large wp-image-376558\" src=\"http:\/\/www.diarioimagen.net\/wp-content\/uploads\/2018\/05\/unide-3368-460x259.jpg\" alt=\"\" width=\"460\" height=\"259\" srcset=\"https:\/\/www.diarioimagen.net\/wp-content\/uploads\/2018\/05\/unide-3368-460x259.jpg 460w, https:\/\/www.diarioimagen.net\/wp-content\/uploads\/2018\/05\/unide-3368-240x135.jpg 240w, https:\/\/www.diarioimagen.net\/wp-content\/uploads\/2018\/05\/unide-3368-235x132.jpg 235w, https:\/\/www.diarioimagen.net\/wp-content\/uploads\/2018\/05\/unide-3368-202x114.jpg 202w, https:\/\/www.diarioimagen.net\/wp-content\/uploads\/2018\/05\/unide-3368-350x196.jpg 350w, https:\/\/www.diarioimagen.net\/wp-content\/uploads\/2018\/05\/unide-3368-220x123.jpg 220w, https:\/\/www.diarioimagen.net\/wp-content\/uploads\/2018\/05\/unide-3368-237x132.jpg 237w, https:\/\/www.diarioimagen.net\/wp-content\/uploads\/2018\/05\/unide-3368.jpg 480w\" sizes=\"auto, (max-width: 460px) 100vw, 460px\" \/><\/a><p id=\"caption-attachment-376558\" class=\"wp-caption-text\">La UNIDE es un sistema educativo andrag\u00f3gico hacia una nueva cultura de envejecimiento digno, esto no s\u00f3lo a nivel nacional, sino en toda Latinoam\u00e9rica.<\/p><\/div>\n<p>&nbsp;<\/p>\n<p><strong>Tlalnepantla, Estado de M\u00e9xico<\/strong>.- En un hecho sin precedente, el Sistema Municipal DIF de Tlalnepantla logr\u00f3 registrar ante el Instituto Mexicano de la Propiedad Industrial, el modelo de ense\u00f1anza-aprendizaje de la Unidad de Desarrollo y Educaci\u00f3n para los Adultos Mayores, UNIDE, lo que garantizar\u00e1 la continuidad de este proyecto educativo.<\/p>\n<p>La directora de la UNIDE record\u00f3 que esta unidad educativa abri\u00f3 sus puertas a las personas de la tercera edad el 27 de febrero de 2011, por iniciativa de la actual presidenta municipal de Tlalnepantla.<\/p>\n<p>Explic\u00f3 que en el 2017 se inici\u00f3 el proceso para registrar la UNIDE del DIF Tlalnepantla como la \u00fanica unidad educativa con un sistema andrag\u00f3gico hacia una nueva cultura de envejecimiento digno, esto no s\u00f3lo a nivel nacional sino en toda Latinoam\u00e9rica, y hoy ya se cuenta con el n\u00famero de registro 1852911.<\/p>\n<p>Agreg\u00f3 que la vigencia de esta marca registrada por e\u200bl Instituto Mexicano de la Propiedad Industrial, IMPI, es por 10 a\u00f1os y una vez vencida, s\u00f3lo se debe renovar para mantener los derechos de la UNIDE y su dise\u00f1o.<\/p>\n<p>Resalt\u00f3 que con este registro, si en determinado momento alg\u00fan otro Sistema Municipal DIF quiere aplicar el mismo programa de la UNIDE, los interesados deber\u00e1n pedir autorizaci\u00f3n a Tlalnepantla para llevarlo a cabo y utilizar el logotipo oficial de esta unidad educativa.<\/p>\n<p>La titular de la UNIDE record\u00f3 que la alcaldesa de Tlalnepantla tuvo la visi\u00f3n de crear un espacio educativo en el que las personas de la tercera edad pudieran aprender ingl\u00e9s, computaci\u00f3n, pintura, baile, entre muchas otras cosas.<\/p>\n<p>\u201cEn todos estos a\u00f1os, la UNIDE ha venido transformando la vida de cientos de adultos mayores, que durante mucho tiempo s\u00f3lo se dedicaron a trabajar y nunca se dieron un tiempo para ellos mismos y ha sido precisamente aqu\u00ed donde encontraron un lugar que les genera felicidad, a trav\u00e9s del conocimiento y la convivencia en esta etapa de su vida\u201d, afirm\u00f3 la titular de la UNIDE.<\/p>\n<p>La funcionaria municipal hizo \u00e9nfasis en la necesidad de implementar pol\u00edticas p\u00fablicas desde lo local y que \u00e9stas vayan enfocadas para ver al adulto mayor como un ente productivo y no como un problema.<\/p>\n<p>\u201cActualmente en Tlalnepantla tenemos cerca de 97 mil personas de la tercera edad, mientras que a nivel nacional los adultos mayores representan el 10 por ciento de la poblaci\u00f3n total y se estima que para el 2050 dicha cifra suba a 24 por ciento, de ah\u00ed la trascendencia de generarles m\u00e1s espacios y oportunidades de desarrollo\u201d, asegur\u00f3 la directora de la UNIDE.<\/p>\n","protected":false},"excerpt":{"rendered":"<p>En un hecho sin precedente, el Sistema Municipal DIF de Tlalnepantla logr\u00f3 registrar ante el Instituto Mexicano de la Propiedad Industrial, el modelo de ense\u00f1anza-aprendizaje de la Unidad de Desarrollo y Educaci\u00f3n para los Adultos Mayores, UNIDE, lo que garantizar\u00e1 la continuidad de este proyecto educativo.<\/p>\n","protected":false},"author":3,"featured_media":376558,"comment_status":"open","ping_status":"open","sticky":false,"template":"","format":"standard","meta":{"_monsterinsights_skip_tracking":false,"_monsterinsights_sitenote_active":false,"_monsterinsights_sitenote_note":"","_monsterinsights_sitenote_category":0,"footnotes":""},"categories":[35155],"tags":[43675,73709,169,71083],"class_list":["post-376474","post","type-post","status-publish","format-standard","has-post-thumbnail","hentry","category-estado-de-mexico-estado-de-mexico","tag-estado-de-mexico","tag-sistema-municipal","tag-tlalnepantla","tag-unide"],"_links":{"self":[{"href":"https:\/\/www.diarioimagen.net\/index.php?rest_route=\/wp\/v2\/posts\/376474","targetHints":{"allow":["GET"]}}],"collection":[{"href":"https:\/\/www.diarioimagen.net\/index.php?rest_route=\/wp\/v2\/posts"}],"about":[{"href":"https:\/\/www.diarioimagen.net\/index.php?rest_route=\/wp\/v2\/types\/post"}],"author":[{"embeddable":true,"href":"https:\/\/www.diarioimagen.net\/index.php?rest_route=\/wp\/v2\/users\/3"}],"replies":[{"embeddable":true,"href":"https:\/\/www.diarioimagen.net\/index.php?rest_route=%2Fwp%2Fv2%2Fcomments&post=376474"}],"version-history":[{"count":0,"href":"https:\/\/www.diarioimagen.net\/index.php?rest_route=\/wp\/v2\/posts\/376474\/revisions"}],"wp:featuredmedia":[{"embeddable":true,"href":"https:\/\/www.diarioimagen.net\/index.php?rest_route=\/wp\/v2\/media\/376558"}],"wp:attachment":[{"href":"https:\/\/www.diarioimagen.net\/index.php?rest_route=%2Fwp%2Fv2%2Fmedia&parent=376474"}],"wp:term":[{"taxonomy":"category","embeddable":true,"href":"https:\/\/www.diarioimagen.net\/index.php?rest_route=%2Fwp%2Fv2%2Fcategories&post=376474"},{"taxonomy":"post_tag","embeddable":true,"href":"https:\/\/www.diarioimagen.net\/index.php?rest_route=%2Fwp%2Fv2%2Ftags&post=376474"}],"curies":[{"name":"wp","href":"https:\/\/api.w.org\/{rel}","templated":true}]}}