{"id":376480,"date":"2018-05-16T00:08:16","date_gmt":"2018-05-16T05:08:16","guid":{"rendered":"http:\/\/www.diarioimagen.net\/?p=376480"},"modified":"2018-05-16T06:52:18","modified_gmt":"2018-05-16T11:52:18","slug":"llegara-la-orquesta-sinfonica-mexiquense-al-teatro-quimera","status":"publish","type":"post","link":"https:\/\/www.diarioimagen.net\/?p=376480","title":{"rendered":"Llegar\u00e1 la Orquesta Sinf\u00f3nica Mexiquense al Teatro Quimera"},"content":{"rendered":"<ul>\n<li><strong><em>Este domingo, en Metepec<\/em><\/strong><\/li>\n<\/ul>\n<p>&nbsp;<\/p>\n<div id=\"attachment_376567\" style=\"width: 304px\" class=\"wp-caption alignleft\"><a href=\"http:\/\/www.diarioimagen.net\/?attachment_id=376567\" rel=\"attachment wp-att-376567\"><img loading=\"lazy\" decoding=\"async\" aria-describedby=\"caption-attachment-376567\" class=\" wp-image-376567\" src=\"http:\/\/www.diarioimagen.net\/wp-content\/uploads\/2018\/05\/METEPEC-3368-373x460.jpg\" alt=\"\" width=\"294\" height=\"363\" srcset=\"https:\/\/www.diarioimagen.net\/wp-content\/uploads\/2018\/05\/METEPEC-3368-373x460.jpg 373w, https:\/\/www.diarioimagen.net\/wp-content\/uploads\/2018\/05\/METEPEC-3368-195x240.jpg 195w, https:\/\/www.diarioimagen.net\/wp-content\/uploads\/2018\/05\/METEPEC-3368.jpg 568w\" sizes=\"auto, (max-width: 294px) 100vw, 294px\" \/><\/a><p id=\"caption-attachment-376567\" class=\"wp-caption-text\">Juan Bracho Ahumada, dirigente estatal de la CNOP, destac\u00f3 que el 80% de la estructura de la confederaci\u00f3n en el municipio y a nivel estatal, est\u00e1 formada por mujeres.<\/p><\/div>\n<p><strong>Metepec, Estado de M\u00e9xico<\/strong>.- Este domingo a las 13:00 horas, la Orquesta Sinf\u00f3nica Mexiquense (OSM) ofrecer\u00e1 un espectacular concierto en el Teatro Quimera, con un repertorio de Giuseppe Verdi, Giacomo Puccini, Gaetano Donizetti, Johann Strauss II, Ger\u00f3nimo Gim\u00e9nez, Pablo Soroz\u00e1bal y Georges Bizet.<\/p>\n<p>Bajo la direcci\u00f3n art\u00edstica de Gabriela D\u00edaz Alatriste, el \u201cSinf\u00f3nico Oper\u00edstico\u201d, promete ser un recital memorable para los asistentes, pues adem\u00e1s de los m\u00fasicos, el lugar contar\u00e1 con las interpretaciones del bar\u00edtono Carlos Fernando Reynoso (Revelaci\u00f3n Juvenil 2017), la soprano Darenka Ch\u00e1vez (Premio del P\u00fablico Pro \u00d3pera), el tenor Alejandro del \u00c1ngel y la mezzosoprano Mar\u00eda Jacinta Barbachano (Premio SIVAM 2015).<\/p>\n<p>El evento, organizado por el Ayuntamiento de Metepec con el apoyo de las\u00a0secretar\u00edas de Cultura estatal y\u00a0federal, as\u00ed como Musitec Asociaci\u00f3n Civil, tendr\u00e1 entrada libre. Los interesados deber\u00e1n acudir por sus boletos al Museo del Barro ubicado en avenida Estado de M\u00e9xico n\u00famero 10, a partir de este mi\u00e9rcoles, en un horario de las 10:00 a las 14:00 horas y de las 16:00 a las 18:00 horas.<\/p>\n","protected":false},"excerpt":{"rendered":"<p>Este domingo a las 13:00 horas, la Orquesta Sinf\u00f3nica Mexiquense (OSM) ofrecer\u00e1 un espectacular concierto en el Teatro Quimera, con un repertorio de Giuseppe Verdi, Giacomo Puccini, Gaetano Donizetti, Johann Strauss II, Ger\u00f3nimo Gim\u00e9nez, Pablo Soroz\u00e1bal y Georges Bizet.<\/p>\n","protected":false},"author":3,"featured_media":376567,"comment_status":"open","ping_status":"open","sticky":false,"template":"","format":"standard","meta":{"_monsterinsights_skip_tracking":false,"_monsterinsights_sitenote_active":false,"_monsterinsights_sitenote_note":"","_monsterinsights_sitenote_category":0,"footnotes":""},"categories":[35155],"tags":[43675,876,72841,73710],"class_list":["post-376480","post","type-post","status-publish","format-standard","has-post-thumbnail","hentry","category-estado-de-mexico-estado-de-mexico","tag-estado-de-mexico","tag-metepec","tag-orquesta-sinfonica-mexiquense","tag-teatro-quimera"],"_links":{"self":[{"href":"https:\/\/www.diarioimagen.net\/index.php?rest_route=\/wp\/v2\/posts\/376480","targetHints":{"allow":["GET"]}}],"collection":[{"href":"https:\/\/www.diarioimagen.net\/index.php?rest_route=\/wp\/v2\/posts"}],"about":[{"href":"https:\/\/www.diarioimagen.net\/index.php?rest_route=\/wp\/v2\/types\/post"}],"author":[{"embeddable":true,"href":"https:\/\/www.diarioimagen.net\/index.php?rest_route=\/wp\/v2\/users\/3"}],"replies":[{"embeddable":true,"href":"https:\/\/www.diarioimagen.net\/index.php?rest_route=%2Fwp%2Fv2%2Fcomments&post=376480"}],"version-history":[{"count":0,"href":"https:\/\/www.diarioimagen.net\/index.php?rest_route=\/wp\/v2\/posts\/376480\/revisions"}],"wp:featuredmedia":[{"embeddable":true,"href":"https:\/\/www.diarioimagen.net\/index.php?rest_route=\/wp\/v2\/media\/376567"}],"wp:attachment":[{"href":"https:\/\/www.diarioimagen.net\/index.php?rest_route=%2Fwp%2Fv2%2Fmedia&parent=376480"}],"wp:term":[{"taxonomy":"category","embeddable":true,"href":"https:\/\/www.diarioimagen.net\/index.php?rest_route=%2Fwp%2Fv2%2Fcategories&post=376480"},{"taxonomy":"post_tag","embeddable":true,"href":"https:\/\/www.diarioimagen.net\/index.php?rest_route=%2Fwp%2Fv2%2Ftags&post=376480"}],"curies":[{"name":"wp","href":"https:\/\/api.w.org\/{rel}","templated":true}]}}