{"id":376515,"date":"2018-05-16T00:07:05","date_gmt":"2018-05-16T05:07:05","guid":{"rendered":"http:\/\/www.diarioimagen.net\/?p=376515"},"modified":"2018-05-16T02:16:35","modified_gmt":"2018-05-16T07:16:35","slug":"cuentas-al-que-se-va","status":"publish","type":"post","link":"https:\/\/www.diarioimagen.net\/?p=376515","title":{"rendered":"Cuentas al que se va"},"content":{"rendered":"<h2>Detr\u00e1s del Poder<\/h2>\n<h5>Jos\u00e9 Antonio L\u00f3pez Sosa<\/h5>\n<p>&nbsp;<\/p>\n<p>Pareceira que el gobierno actual cerr\u00f3, estamos en el an\u00e1lisis de las encuestas, de los candidatos y en el momento de incertidumbre electoral con v\u00edsperas al 1 de julio pr\u00f3ximo.<\/p>\n<p>Como si fuesemos un pa\u00eds en anarqu\u00eda estamos ansiosos por saber qui\u00e9n gobernar\u00e1 a partir de diciembre pr\u00f3ximo, sin embargo \u00bfqu\u00e9 cuentas estamos pidiendo a la administraci\u00f3n actual?<\/p>\n<p>Ha sido tan gris el resultado del gobierno de Enrique Pe\u00f1a Nieto, que nos han pedido hacer bien las cuentas, como si la percepci\u00f3n nacional e internacional se debiera a que no las sabemos hacer.<\/p>\n<p>En unos meses Pe\u00f1a Nieto concluye su administraci\u00f3n y es desde ahora, que los mexicanos debemos exigir las cuentas claras de los \u00faltimos a\u00f1os de gobierno, no esperar a que el esc\u00e1ndalo llegue meses despu\u00e9s, cuando los responsables se fueron.<\/p>\n<p>Siguen los esc\u00e1ndalos de abusos de poder y corrupci\u00f3n, el \u00faltimo con relaci\u00f3n al gasto de comunicaci\u00f3n social de Aurelio Nu\u00f1o en la Secretar\u00eda de Educaci\u00f3n P\u00fablica, pero pareciera que estamos m\u00e1s ocupados en la jornada electoral que en la rendici\u00f3n de cuentas del gobierno actual.<\/p>\n<p>El sexenio termina el 1 de diciembre, hasta entonces sigue siendo la responsabilidad de la administraci\u00f3n actual y no debemos olvidar todo aquello que Pe\u00f1a Nieto como candidato prometi\u00f3 hace seis a\u00f1os, \u00bfqu\u00e9 cuentas nos entregar\u00e1 con relaci\u00f3n a ello y a su gesti\u00f3n?<\/p>\n<p>En esta democracia electorera mexicana, las administraciones parecen comenzar a concluir en el tercer a\u00f1o y para el quinto, pareciera que cerraron ya la cortina.<\/p>\n<p>Necesitamos las cuentas del que se va, independientemente del partido pol\u00edtico al que pertenece, independientemente de la filiaci\u00f3n pol\u00edtica de cada quien, nos compete exigirlas y no dejar que estos sexenios de cinco a\u00f1os contin\u00faen.<\/p>\n<p>Hoy todas las promesas del gobierno actual, parecen estar generando m\u00e1s promesas con el candidato del mismo partido que con la gente a la que le deben muchas explicaciones.<\/p>\n<p><em><a href=\"http:\/\/www.lopezsosa.com\" target=\"_blank\" rel=\"noopener\">www.lopezsosa.com<\/a><\/em><br \/>\n<em><a href=\"mailto:joseantonio@lopezsosa.com\" target=\"_blank\" rel=\"noopener\">joseantonio@lopezsosa.com<\/a><\/em><br \/>\n<em><a href=\"http:\/\/twitter.com\/joseantonio1977\" target=\"_blank\" rel=\"noopener\">@joseantonio197<\/a><\/em><\/p>\n","protected":false},"excerpt":{"rendered":"<p><span style=\"color: #005497;\"><strong>Jos\u00e9 Antonio L\u00f3pez Sosa<\/strong><\/span><\/p>\n","protected":false},"author":3,"featured_media":0,"comment_status":"open","ping_status":"open","sticky":false,"template":"","format":"standard","meta":{"_monsterinsights_skip_tracking":false,"_monsterinsights_sitenote_active":false,"_monsterinsights_sitenote_note":"","_monsterinsights_sitenote_category":0,"footnotes":""},"categories":[637],"tags":[638,43690,43674],"class_list":["post-376515","post","type-post","status-publish","format-standard","hentry","category-jose-antonio-lopez-sosa","tag-detras-del-poder","tag-jose-antonio-lopez-sosa","tag-opinion"],"_links":{"self":[{"href":"https:\/\/www.diarioimagen.net\/index.php?rest_route=\/wp\/v2\/posts\/376515","targetHints":{"allow":["GET"]}}],"collection":[{"href":"https:\/\/www.diarioimagen.net\/index.php?rest_route=\/wp\/v2\/posts"}],"about":[{"href":"https:\/\/www.diarioimagen.net\/index.php?rest_route=\/wp\/v2\/types\/post"}],"author":[{"embeddable":true,"href":"https:\/\/www.diarioimagen.net\/index.php?rest_route=\/wp\/v2\/users\/3"}],"replies":[{"embeddable":true,"href":"https:\/\/www.diarioimagen.net\/index.php?rest_route=%2Fwp%2Fv2%2Fcomments&post=376515"}],"version-history":[{"count":0,"href":"https:\/\/www.diarioimagen.net\/index.php?rest_route=\/wp\/v2\/posts\/376515\/revisions"}],"wp:attachment":[{"href":"https:\/\/www.diarioimagen.net\/index.php?rest_route=%2Fwp%2Fv2%2Fmedia&parent=376515"}],"wp:term":[{"taxonomy":"category","embeddable":true,"href":"https:\/\/www.diarioimagen.net\/index.php?rest_route=%2Fwp%2Fv2%2Fcategories&post=376515"},{"taxonomy":"post_tag","embeddable":true,"href":"https:\/\/www.diarioimagen.net\/index.php?rest_route=%2Fwp%2Fv2%2Ftags&post=376515"}],"curies":[{"name":"wp","href":"https:\/\/api.w.org\/{rel}","templated":true}]}}