{"id":376638,"date":"2018-05-17T00:11:41","date_gmt":"2018-05-17T05:11:41","guid":{"rendered":"http:\/\/www.diarioimagen.net\/?p=376638"},"modified":"2018-05-17T01:33:30","modified_gmt":"2018-05-17T06:33:30","slug":"meade-ya-no-mas-secuestro-de-los-ninos-por-intereses-politicos","status":"publish","type":"post","link":"https:\/\/www.diarioimagen.net\/?p=376638","title":{"rendered":"Meade: ya no m\u00e1s secuestro de los ni\u00f1os por intereses pol\u00edticos"},"content":{"rendered":"<ul>\n<li><em><strong>Refrenda compromiso con la educaci\u00f3n de calidad<\/strong><\/em><\/li>\n<li><em><strong>Ofrece estancias y primarias de tiempo completo con alimentos<\/strong><\/em><\/li>\n<\/ul>\n<p>&nbsp;<\/p>\n<p>Jos\u00e9 Antonio Meade, candidato presidencial de la coalici\u00f3n Todos por M\u00e9xico, refrend\u00f3 su compromiso con la educaci\u00f3n de calidad, y advirti\u00f3 que nunca m\u00e1s se debe \u201csecuestrar a los ni\u00f1os por intereses pol\u00edticos\u201d.<\/p>\n<p>\u201cNunca mas poner primero la ambici\u00f3n que la educaci\u00f3n, pongamos a los ni\u00f1os al centro y transformemos a M\u00e9xico con educaci\u00f3n con calidad\u201d, sostuvo en su gira de proselitismo por Morelos.<\/p>\n<p>Arropado por militantes del Partido Verde, Meade ofreci\u00f3 estancias y primarias de tiempo completo con alimentaci\u00f3n, adem\u00e1s de capacitaci\u00f3n y salarios justos para los maestros.<\/p>\n<p>En un formato abierto con preguntas de la ciudadan\u00eda, dijo que uno de los temas que m\u00e1s preocupan en M\u00e9xico es el hambre, toda vez que casi 20 por ciento de la poblaci\u00f3n se levanta preocupada sobre si tendr\u00e1 capacidad para alimentarse y a su familia.<\/p>\n<p>Por ello, el abanderado presidencial de los partidos Revolucionario Institucional (PRI), Verde Ecologista de M\u00e9xico (PVEM) y Nueva Alianza afirm\u00f3 que se tiene que hacer un compromiso para abatir la pobreza desde la primera infancia, a fin que no se conozcan el hambre ni la desnutrici\u00f3n.<\/p>\n<p>A\u00f1adi\u00f3 que tambi\u00e9n se debe evitar el desperdicio de alimentos, adem\u00e1s de trabajar para cultivarlos, tomando en cuenta una adecuada gesti\u00f3n del agua, y buscar que los bancos de alimentos se conviertan en espacios comunitarios.<\/p>\n<p>Tras llamar a apoyar su proyecto para ganar el 1 de julio pr\u00f3ximo, respald\u00f3 las propuestas del Partido Verde en materia de generaci\u00f3n de energ\u00eda mediante la basura, incentivar el primer empleo para j\u00f3venes, bancos de alimentos, y apoyo a los adultos mayores.<\/p>\n<p>Respecto al \u00faltimo punto, Meade Kuribre\u00f1a resalt\u00f3 que duplicar\u00e1 las pensiones que se entregan a los adultos mayores, y crear\u00e1 casas de d\u00eda para este sector de la sociedad.<\/p>\n<p>El candidato pidi\u00f3 su apoyo a este sector de cara a lo que estim\u00f3 ser\u00e1 una elecci\u00f3n complicada y dif\u00edcil, pero pidi\u00f3 apostar a la certidumbre.<\/p>\n<p>&nbsp;<\/p>\n<blockquote>\n<h1 style=\"text-align: center;\">JAM se re\u00fane con el ex presidente Vicente Fox<\/h1>\n<p><a href=\"http:\/\/www.diarioimagen.net\/wp-content\/uploads\/2018\/05\/fox-3369.jpg\"><img loading=\"lazy\" decoding=\"async\" class=\"aligncenter  wp-image-376719\" src=\"http:\/\/www.diarioimagen.net\/wp-content\/uploads\/2018\/05\/fox-3369-460x259.jpg\" alt=\"\" width=\"442\" height=\"249\" srcset=\"https:\/\/www.diarioimagen.net\/wp-content\/uploads\/2018\/05\/fox-3369-460x259.jpg 460w, https:\/\/www.diarioimagen.net\/wp-content\/uploads\/2018\/05\/fox-3369-240x135.jpg 240w, https:\/\/www.diarioimagen.net\/wp-content\/uploads\/2018\/05\/fox-3369-235x132.jpg 235w, https:\/\/www.diarioimagen.net\/wp-content\/uploads\/2018\/05\/fox-3369-202x114.jpg 202w, https:\/\/www.diarioimagen.net\/wp-content\/uploads\/2018\/05\/fox-3369-350x196.jpg 350w, https:\/\/www.diarioimagen.net\/wp-content\/uploads\/2018\/05\/fox-3369-220x123.jpg 220w, https:\/\/www.diarioimagen.net\/wp-content\/uploads\/2018\/05\/fox-3369.jpg 480w\" sizes=\"auto, (max-width: 442px) 100vw, 442px\" \/><\/a><\/p>\n<p>El candidato de la coalici\u00f3n Todos por M\u00e9xico, Jos\u00e9 Antonio Meade, sostuvo un encuentro con el ex presidente Vicente Fox Quesada, quien le manifest\u00f3 su apoyo. A trav\u00e9s de su cuenta de Twitter @JoseAMeadeK, el abanderado por los partidos Revolucionario Institucional, Verde Ecologista y Nueva Alianza, public\u00f3 una foto en la que aparecen estrech\u00e1ndose la mano.<\/p>\n<p>\u201cHoy me reun\u00ed con el expresidente @VicenteFoxQue en #CDMX. Siempre es grato y \u00fatil escuchar su punto de vista y consejo y, desde luego, me halaga y alegra saber que cuento con su apoyo para ser el pr\u00f3ximo Presidente de la Rep\u00fablica #YoMero\u201d, escribi\u00f3.<\/p><\/blockquote>\n","protected":false},"excerpt":{"rendered":"<p>Jos\u00e9 Antonio Meade, candidato presidencial de la coalici\u00f3n Todos por M\u00e9xico, refrend\u00f3 su compromiso con la educaci\u00f3n de calidad, y advirti\u00f3 que nunca m\u00e1s se debe \u201csecuestrar a los ni\u00f1os por intereses pol\u00edticos\u201d.<\/p>\n","protected":false},"author":3,"featured_media":376719,"comment_status":"open","ping_status":"open","sticky":false,"template":"","format":"standard","meta":{"_monsterinsights_skip_tracking":false,"_monsterinsights_sitenote_active":false,"_monsterinsights_sitenote_note":"","_monsterinsights_sitenote_category":0,"footnotes":""},"categories":[3],"tags":[73759,26429,43673,5194],"class_list":["post-376638","post","type-post","status-publish","format-standard","has-post-thumbnail","hentry","category-nacional","tag-intereses-politicos","tag-jose-antonio-meade-kuribrena","tag-nacional","tag-vicente-fox-quesada"],"_links":{"self":[{"href":"https:\/\/www.diarioimagen.net\/index.php?rest_route=\/wp\/v2\/posts\/376638","targetHints":{"allow":["GET"]}}],"collection":[{"href":"https:\/\/www.diarioimagen.net\/index.php?rest_route=\/wp\/v2\/posts"}],"about":[{"href":"https:\/\/www.diarioimagen.net\/index.php?rest_route=\/wp\/v2\/types\/post"}],"author":[{"embeddable":true,"href":"https:\/\/www.diarioimagen.net\/index.php?rest_route=\/wp\/v2\/users\/3"}],"replies":[{"embeddable":true,"href":"https:\/\/www.diarioimagen.net\/index.php?rest_route=%2Fwp%2Fv2%2Fcomments&post=376638"}],"version-history":[{"count":0,"href":"https:\/\/www.diarioimagen.net\/index.php?rest_route=\/wp\/v2\/posts\/376638\/revisions"}],"wp:featuredmedia":[{"embeddable":true,"href":"https:\/\/www.diarioimagen.net\/index.php?rest_route=\/wp\/v2\/media\/376719"}],"wp:attachment":[{"href":"https:\/\/www.diarioimagen.net\/index.php?rest_route=%2Fwp%2Fv2%2Fmedia&parent=376638"}],"wp:term":[{"taxonomy":"category","embeddable":true,"href":"https:\/\/www.diarioimagen.net\/index.php?rest_route=%2Fwp%2Fv2%2Fcategories&post=376638"},{"taxonomy":"post_tag","embeddable":true,"href":"https:\/\/www.diarioimagen.net\/index.php?rest_route=%2Fwp%2Fv2%2Ftags&post=376638"}],"curies":[{"name":"wp","href":"https:\/\/api.w.org\/{rel}","templated":true}]}}