{"id":376645,"date":"2018-05-17T00:09:23","date_gmt":"2018-05-17T05:09:23","guid":{"rendered":"http:\/\/www.diarioimagen.net\/?p=376645"},"modified":"2018-05-17T01:34:58","modified_gmt":"2018-05-17T06:34:58","slug":"fox-acabo-de-matraquero-que-verguenza-amlo","status":"publish","type":"post","link":"https:\/\/www.diarioimagen.net\/?p=376645","title":{"rendered":"Fox acab\u00f3 de matraquero, \u00a1qu\u00e9 verg\u00fcenza!: AMLO"},"content":{"rendered":"<ul>\n<li><em><strong>Desmiente versiones sobre estado de salud<\/strong><\/em><\/li>\n<li><em><strong>Afirma que le copian propuestas, como la pensi\u00f3n universal<\/strong><\/em><\/li>\n<\/ul>\n<p>&nbsp;<\/p>\n<div id=\"attachment_376727\" style=\"width: 470px\" class=\"wp-caption aligncenter\"><a href=\"http:\/\/www.diarioimagen.net\/wp-content\/uploads\/2018\/05\/AMLO-3369.jpg\"><img loading=\"lazy\" decoding=\"async\" aria-describedby=\"caption-attachment-376727\" class=\"size-large wp-image-376727\" src=\"http:\/\/www.diarioimagen.net\/wp-content\/uploads\/2018\/05\/AMLO-3369-460x259.jpg\" alt=\"\" width=\"460\" height=\"259\" srcset=\"https:\/\/www.diarioimagen.net\/wp-content\/uploads\/2018\/05\/AMLO-3369-460x259.jpg 460w, https:\/\/www.diarioimagen.net\/wp-content\/uploads\/2018\/05\/AMLO-3369-240x135.jpg 240w, https:\/\/www.diarioimagen.net\/wp-content\/uploads\/2018\/05\/AMLO-3369-235x132.jpg 235w, https:\/\/www.diarioimagen.net\/wp-content\/uploads\/2018\/05\/AMLO-3369-202x114.jpg 202w, https:\/\/www.diarioimagen.net\/wp-content\/uploads\/2018\/05\/AMLO-3369-350x196.jpg 350w, https:\/\/www.diarioimagen.net\/wp-content\/uploads\/2018\/05\/AMLO-3369-220x123.jpg 220w, https:\/\/www.diarioimagen.net\/wp-content\/uploads\/2018\/05\/AMLO-3369-237x132.jpg 237w, https:\/\/www.diarioimagen.net\/wp-content\/uploads\/2018\/05\/AMLO-3369.jpg 480w\" sizes=\"auto, (max-width: 460px) 100vw, 460px\" \/><\/a><p id=\"caption-attachment-376727\" class=\"wp-caption-text\">Andr\u00e9s Manuel L\u00f3pez Obrador afirma que sus contrincantes le copian sus propuestas, como la de duplicar la pensi\u00f3n universal a los adultos mayores.<\/p><\/div>\n<p>&nbsp;<\/p>\n<p>Andr\u00e9s Manuel L\u00f3pez Obrador asegur\u00f3 en Salamanca, Guanajuato, que sus rivales est\u00e1n desesperados ante su constante crecimiento en las encuestas, y por eso hacen todo para tratar de frenarlo.<\/p>\n<p>El candidato de la coalici\u00f3n Juntos Haremos Historia, afirm\u00f3 que los integrantes de la mafia del poder \u201cest\u00e1n tan apurados y desesperados\u201d, que ahora hasta copian mis propuestas, como la de duplicar la pensi\u00f3n universal a las personas de la tercera edad en todo el pa\u00eds.<\/p>\n<p>Sin embargo, lo m\u00e1s vergonzoso es que un ex presidente de M\u00e9xico, como Vicente Fox \u201ctermine como matraquero\u201d, expres\u00f3 el candidato del la alianza Juntos Haremos Historia.<\/p>\n<p>El candidato presidencial de Morena dijo que Ricardo Anaya y Jos\u00e9 Antonio Meade est\u00e1n empezando a retomar sus propuestas, como la de revertir el gasolinazo y mejorar las pensiones para los adultos mayores, para ver si as\u00ed suben en las preferencias del electorado.<\/p>\n<p>Pero augur\u00f3 que eso ya no les funcionar\u00e1, pues el pueblo no es tonto y sabe que las medidas que afectan a la poblaci\u00f3n fueron aprobadas por el PRI y el PAN.<\/p>\n<p>\u201cEst\u00e1n apurados, \u00bfverdad? Desesperados\u201d, coment\u00f3 despu\u00e9s de mencionar los pronunciamientos de sus rivales, \u201cPiensan que el pueblo es tonto, pero no, tonto es el que piensa que el pueblo es tonto\u201d.<\/p>\n<p>En su gira por municipios guanajuatenses, L\u00f3pez Obrador ha evitado pronunciarse sobre la declinaci\u00f3n de Margarita Zavala, pero dijo que en esta campa\u00f1a est\u00e1 claro que s\u00f3lo hay una alternativa de cambio encabezada por \u00e9l.<\/p>\n<p>\u201cNo tengo informaci\u00f3n de eso (la declinaci\u00f3n de Zavala), lo que s\u00ed s\u00e9 es que se reuni\u00f3 (Vicente) Fox con Meade (&#8230;) son lo mismo, Fox est\u00e1 en la mafia en el poder y a veces llama a votar por el PAN y a veces por el PRI, no hay ninguna diferencia, es el PRIAN.<\/p>\n<p>Tambi\u00e9n dijo que ya est\u00e1 listo para el debate del domingo, en el que prev\u00e9 que, otra vez, todos sus rivales vayan contra \u00e9l.<\/p>\n<p>En cuanto a su estado de salud, desminti\u00f3 las versiones difundidas en internet que aseguran no se encuentra bien.<\/p>\n<p>\u201cEstoy muy bien, gozo de cabal salud. Ojal\u00e1 y sean respetuosos, pero est\u00e1n muy desesperados\u201d, dijo, y adelant\u00f3 que de su parte s\u00f3lo habr\u00e1 amor y paz.<\/p>\n<p>Despu\u00e9s de visitar Ac\u00e1mbaro, AMLO congreg\u00f3 a miles de personas en el Jard\u00edn Constituci\u00f3n de Salamanca, y ah\u00ed dijo que, lejos de haber un mal humor social en el pa\u00eds -como afirman analistas- \u00e9l lo que percibe en su recorrido nacional es alegr\u00eda y entusiasmo de las personas, pues saben que est\u00e1 cerca la \u201ccuarta transformaci\u00f3n\u201d de M\u00e9xico.<\/p>\n<p>\u201cQuieran o no quieran, la mafia va pa\u2019 fuera. S\u00ed va a haber voto de castigo, el pueblo va a castigar a los partidos de la mafia en el poder\u201d, dijo ante sus simpatizantes, a quienes prometi\u00f3 regresar como Presidente electo despu\u00e9s de las elecciones de julio.<\/p>\n<p>Al preguntarle si ser\u00eda posible un hackeo al sistema de datos del INE el d\u00eda de la elecci\u00f3n presidencial como ocurri\u00f3 en el sistema de transferencias bancarias, L\u00f3pez Obrador estim\u00f3 que aunque lo hubiera, \u201clas actas\u201d hablar\u00e1n del triunfo de su movimiento.<\/p>\n<p>Por ello \u201chabr\u00e1 bailongo\u201d en las plazas p\u00fablicas del pa\u00eds al ritmo de Despacito.<\/p>\n<p>La elecci\u00f3n del d\u00eda primero de julio la van a cuidar los ciudadanos en cada casilla y se van a tener las actas; entonces, aunque bloqueen el sistema de transmisi\u00f3n de informaci\u00f3n se van a tener las actas abajo y abajo va a empezar la fiesta c\u00edvica, desde las seis o siete de la noche del d\u00eda primero va haber fiesta en todas las plazas p\u00fablicas (&#8230;) va haber bailongo y va rifar la de despacito, poco a poquito\u201d, pronostic\u00f3.<\/p>\n","protected":false},"excerpt":{"rendered":"<p>Andr\u00e9s Manuel L\u00f3pez Obrador asegur\u00f3 en Salamanca, Guanajuato, que sus rivales est\u00e1n desesperados ante su constante crecimiento en las encuestas, y por eso hacen todo para tratar de frenarlo.<\/p>\n","protected":false},"author":3,"featured_media":376727,"comment_status":"open","ping_status":"open","sticky":false,"template":"","format":"standard","meta":{"_monsterinsights_skip_tracking":false,"_monsterinsights_sitenote_active":false,"_monsterinsights_sitenote_note":"","_monsterinsights_sitenote_category":0,"footnotes":""},"categories":[3],"tags":[2545,1352,73760,43673,5194],"class_list":["post-376645","post","type-post","status-publish","format-standard","has-post-thumbnail","hentry","category-nacional","tag-amlo","tag-andres-manuel-lopez-obrador","tag-matraquero","tag-nacional","tag-vicente-fox-quesada"],"_links":{"self":[{"href":"https:\/\/www.diarioimagen.net\/index.php?rest_route=\/wp\/v2\/posts\/376645","targetHints":{"allow":["GET"]}}],"collection":[{"href":"https:\/\/www.diarioimagen.net\/index.php?rest_route=\/wp\/v2\/posts"}],"about":[{"href":"https:\/\/www.diarioimagen.net\/index.php?rest_route=\/wp\/v2\/types\/post"}],"author":[{"embeddable":true,"href":"https:\/\/www.diarioimagen.net\/index.php?rest_route=\/wp\/v2\/users\/3"}],"replies":[{"embeddable":true,"href":"https:\/\/www.diarioimagen.net\/index.php?rest_route=%2Fwp%2Fv2%2Fcomments&post=376645"}],"version-history":[{"count":0,"href":"https:\/\/www.diarioimagen.net\/index.php?rest_route=\/wp\/v2\/posts\/376645\/revisions"}],"wp:featuredmedia":[{"embeddable":true,"href":"https:\/\/www.diarioimagen.net\/index.php?rest_route=\/wp\/v2\/media\/376727"}],"wp:attachment":[{"href":"https:\/\/www.diarioimagen.net\/index.php?rest_route=%2Fwp%2Fv2%2Fmedia&parent=376645"}],"wp:term":[{"taxonomy":"category","embeddable":true,"href":"https:\/\/www.diarioimagen.net\/index.php?rest_route=%2Fwp%2Fv2%2Fcategories&post=376645"},{"taxonomy":"post_tag","embeddable":true,"href":"https:\/\/www.diarioimagen.net\/index.php?rest_route=%2Fwp%2Fv2%2Ftags&post=376645"}],"curies":[{"name":"wp","href":"https:\/\/api.w.org\/{rel}","templated":true}]}}