{"id":376652,"date":"2018-05-17T00:04:28","date_gmt":"2018-05-17T05:04:28","guid":{"rendered":"http:\/\/www.diarioimagen.net\/?p=376652"},"modified":"2018-05-17T23:13:14","modified_gmt":"2018-05-18T04:13:14","slug":"colabora-la-uaem-con-modernizacion-de-modelos-de-ensenanza-en-educacion","status":"publish","type":"post","link":"https:\/\/www.diarioimagen.net\/?p=376652","title":{"rendered":"Colabora la UAEM con modernizaci\u00f3n de modelos de ense\u00f1anza en educaci\u00f3n"},"content":{"rendered":"<ul>\n<li><strong><em>Inicia Tercer Seminario Taller de la RECREA<\/em><\/strong><\/li>\n<\/ul>\n<p>&nbsp;<\/p>\n<div id=\"attachment_376733\" style=\"width: 470px\" class=\"wp-caption aligncenter\"><a href=\"http:\/\/www.diarioimagen.net\/wp-content\/uploads\/2018\/05\/UAEM-3369.jpg\"><img loading=\"lazy\" decoding=\"async\" aria-describedby=\"caption-attachment-376733\" class=\"size-large wp-image-376733\" src=\"http:\/\/www.diarioimagen.net\/wp-content\/uploads\/2018\/05\/UAEM-3369-460x259.jpg\" alt=\"\" width=\"460\" height=\"259\" srcset=\"https:\/\/www.diarioimagen.net\/wp-content\/uploads\/2018\/05\/UAEM-3369-460x259.jpg 460w, https:\/\/www.diarioimagen.net\/wp-content\/uploads\/2018\/05\/UAEM-3369-240x135.jpg 240w, https:\/\/www.diarioimagen.net\/wp-content\/uploads\/2018\/05\/UAEM-3369-235x132.jpg 235w, https:\/\/www.diarioimagen.net\/wp-content\/uploads\/2018\/05\/UAEM-3369-202x114.jpg 202w, https:\/\/www.diarioimagen.net\/wp-content\/uploads\/2018\/05\/UAEM-3369-350x196.jpg 350w, https:\/\/www.diarioimagen.net\/wp-content\/uploads\/2018\/05\/UAEM-3369-220x123.jpg 220w, https:\/\/www.diarioimagen.net\/wp-content\/uploads\/2018\/05\/UAEM-3369-237x132.jpg 237w, https:\/\/www.diarioimagen.net\/wp-content\/uploads\/2018\/05\/UAEM-3369.jpg 480w\" sizes=\"auto, (max-width: 460px) 100vw, 460px\" \/><\/a><p id=\"caption-attachment-376733\" class=\"wp-caption-text\">El rector, Alfredo Barrera Baca, inaugur\u00f3 los trabajos del Tercer Seminario Taller de la Red de Comunidades para la Renovaci\u00f3n de la Ense\u00f1anza-Aprendizaje en Educaci\u00f3n Superior (RECREA).<\/p><\/div>\n<p>&nbsp;<\/p>\n<p><strong>Toluca, Estado de M\u00e9xico<\/strong>. \u2013 Acorde con las necesidades sociales, la Universidad Aut\u00f3noma del Estado de M\u00e9xico colabora con la modernizaci\u00f3n de modelos de ense\u00f1anza en la educaci\u00f3n superior, sostuvo el rector Alfredo Barrera Baca, al inaugurar los trabajos del Tercer Seminario Taller de la Red de Comunidades para la Renovaci\u00f3n de la Ense\u00f1anza-Aprendizaje en Educaci\u00f3n Superior (RECREA). En la Sala de Consejo \u201cLic. Benito Ju\u00e1rez Garc\u00eda\u201d del Edificio de Rector\u00eda, donde se dio cita el director general de Educaci\u00f3n Superior Universitaria (DGESU) de la Secretar\u00eda de Educaci\u00f3n P\u00fablica, Salvador Malo \u00c1lvarez, Barrera Baca asever\u00f3 que la Red, conformada por siete escuelas normales y seis universidades, tiene como meta la innovaci\u00f3n en la pr\u00e1ctica docente. Indic\u00f3 que ante una realidad educacional compleja, se espera que a partir del proyecto RECREA las comunidades magisteriales y de investigadores problematicen los procesos educativos, pero especialmente, aporten resultados aplicables y soluciones que brinden mayor calidad, pertinencia y trascendencia a herramientas pedag\u00f3gicas y modelos de ense\u00f1anza.<\/p>\n<p>Ante el director general de Educaci\u00f3n Superior para Profesionales de la Educaci\u00f3n (DGESPE), Mario Ch\u00e1vez Campos, y representantes de escuelas normales y universidades de Chihuahua, Nuevo Le\u00f3n, Puebla, Veracruz, Tabasco, Guadalajara, Ciudad de M\u00e9xico y el Estado de M\u00e9xico, Alfredo Barrera Baca manifest\u00f3 la necesidad de dotar de contenidos educativos para que la juventud mexicana se incorpore al mercado laboral.<\/p>\n<p>En presencia del director de la Escuela Normal Superior del Estado de M\u00e9xico, Sergio Dotor Fern\u00e1ndez, Salvador Malo \u00c1lvarez enfatiz\u00f3 la situaci\u00f3n in\u00e9dita que vive el pa\u00eds, al enfrentar cambios educativos en el \u00e1mbito nacional y global que requieren de la participaci\u00f3n de las universidades.<\/p>\n<p>Al brindar un panorama general sobre la estructura y objetivos de RECREA, el servidor p\u00fablico federal dijo que a trav\u00e9s de este seminario-taller se retoman experiencias de profesores e investigadores, quienes advierten sobre los problemas educativos y aplican modelos de ense\u00f1anza.<\/p>\n<p>Se busca la participaci\u00f3n activa y colaborativa para la generaci\u00f3n de metodolog\u00edas de ense\u00f1anza y aprendizaje innovadoras, mediante las cuales las comunidades de pr\u00e1ctica, integradas por facilitadores, tengan la posibilidad de influenciar a las escuelas normales y universidades del pa\u00eds.<\/p>\n<p>Mario Ch\u00e1vez Campos abund\u00f3 que el proyecto RECREA, que surgi\u00f3 en 2017, genera sinergias entre normalistas y las universidades y centros de investigaci\u00f3n, para coadyuvar en el fortalecimiento del magisterio y ofrecer a las instituciones de educaci\u00f3n superior herramientas pedag\u00f3gicas para el proceso de ense\u00f1anza-aprendizaje.<\/p>\n","protected":false},"excerpt":{"rendered":"<p>Acorde con las necesidades sociales, la Universidad Aut\u00f3noma del Estado de M\u00e9xico colabora con la modernizaci\u00f3n de modelos de ense\u00f1anza en la educaci\u00f3n superior, sostuvo el rector Alfredo Barrera Baca, al inaugurar los trabajos del Tercer Seminario Taller de la Red de Comunidades para la Renovaci\u00f3n de la Ense\u00f1anza-Aprendizaje en Educaci\u00f3n Superior (RECREA). <\/p>\n","protected":false},"author":3,"featured_media":376733,"comment_status":"open","ping_status":"open","sticky":false,"template":"","format":"standard","meta":{"_monsterinsights_skip_tracking":false,"_monsterinsights_sitenote_active":false,"_monsterinsights_sitenote_note":"","_monsterinsights_sitenote_category":0,"footnotes":""},"categories":[35155],"tags":[43694,43675,73762,452,1491],"class_list":["post-376652","post","type-post","status-publish","format-standard","has-post-thumbnail","hentry","category-estado-de-mexico-estado-de-mexico","tag-educacion","tag-estado-de-mexico","tag-recrea","tag-toluca","tag-uaem"],"_links":{"self":[{"href":"https:\/\/www.diarioimagen.net\/index.php?rest_route=\/wp\/v2\/posts\/376652","targetHints":{"allow":["GET"]}}],"collection":[{"href":"https:\/\/www.diarioimagen.net\/index.php?rest_route=\/wp\/v2\/posts"}],"about":[{"href":"https:\/\/www.diarioimagen.net\/index.php?rest_route=\/wp\/v2\/types\/post"}],"author":[{"embeddable":true,"href":"https:\/\/www.diarioimagen.net\/index.php?rest_route=\/wp\/v2\/users\/3"}],"replies":[{"embeddable":true,"href":"https:\/\/www.diarioimagen.net\/index.php?rest_route=%2Fwp%2Fv2%2Fcomments&post=376652"}],"version-history":[{"count":0,"href":"https:\/\/www.diarioimagen.net\/index.php?rest_route=\/wp\/v2\/posts\/376652\/revisions"}],"wp:featuredmedia":[{"embeddable":true,"href":"https:\/\/www.diarioimagen.net\/index.php?rest_route=\/wp\/v2\/media\/376733"}],"wp:attachment":[{"href":"https:\/\/www.diarioimagen.net\/index.php?rest_route=%2Fwp%2Fv2%2Fmedia&parent=376652"}],"wp:term":[{"taxonomy":"category","embeddable":true,"href":"https:\/\/www.diarioimagen.net\/index.php?rest_route=%2Fwp%2Fv2%2Fcategories&post=376652"},{"taxonomy":"post_tag","embeddable":true,"href":"https:\/\/www.diarioimagen.net\/index.php?rest_route=%2Fwp%2Fv2%2Ftags&post=376652"}],"curies":[{"name":"wp","href":"https:\/\/api.w.org\/{rel}","templated":true}]}}