{"id":376657,"date":"2018-05-17T00:14:28","date_gmt":"2018-05-17T05:14:28","guid":{"rendered":"http:\/\/www.diarioimagen.net\/?p=376657"},"modified":"2018-05-17T01:44:11","modified_gmt":"2018-05-17T06:44:11","slug":"sepultan-al-periodista-ejecutado-en-villahermosa","status":"publish","type":"post","link":"https:\/\/www.diarioimagen.net\/?p=376657","title":{"rendered":"Sepultan al periodista ejecutado en Villahermosa"},"content":{"rendered":"<ul>\n<li><em><strong>Asesinado el martes al salir de su casa<\/strong><\/em><\/li>\n<li><em><strong>Era de los comunicadores m\u00e1s influyentes en Tabasco<\/strong><\/em><\/li>\n<\/ul>\n<p>&nbsp;<\/p>\n<div id=\"attachment_376736\" style=\"width: 470px\" class=\"wp-caption aligncenter\"><a href=\"http:\/\/www.diarioimagen.net\/wp-content\/uploads\/2018\/05\/PERIODISTA-3369.jpg\"><img loading=\"lazy\" decoding=\"async\" aria-describedby=\"caption-attachment-376736\" class=\"size-large wp-image-376736\" src=\"http:\/\/www.diarioimagen.net\/wp-content\/uploads\/2018\/05\/PERIODISTA-3369-460x259.jpg\" alt=\"\" width=\"460\" height=\"259\" srcset=\"https:\/\/www.diarioimagen.net\/wp-content\/uploads\/2018\/05\/PERIODISTA-3369-460x259.jpg 460w, https:\/\/www.diarioimagen.net\/wp-content\/uploads\/2018\/05\/PERIODISTA-3369-240x135.jpg 240w, https:\/\/www.diarioimagen.net\/wp-content\/uploads\/2018\/05\/PERIODISTA-3369-235x132.jpg 235w, https:\/\/www.diarioimagen.net\/wp-content\/uploads\/2018\/05\/PERIODISTA-3369-202x114.jpg 202w, https:\/\/www.diarioimagen.net\/wp-content\/uploads\/2018\/05\/PERIODISTA-3369-350x196.jpg 350w, https:\/\/www.diarioimagen.net\/wp-content\/uploads\/2018\/05\/PERIODISTA-3369-220x123.jpg 220w, https:\/\/www.diarioimagen.net\/wp-content\/uploads\/2018\/05\/PERIODISTA-3369-237x132.jpg 237w, https:\/\/www.diarioimagen.net\/wp-content\/uploads\/2018\/05\/PERIODISTA-3369.jpg 480w\" sizes=\"auto, (max-width: 460px) 100vw, 460px\" \/><\/a><p id=\"caption-attachment-376736\" class=\"wp-caption-text\">Familiares, amigos, comunicadores, empresarios y pol\u00edticos despidieron al periodista Juan Carlos Huerta Guti\u00e9rrez, ejecutado en Villahermosa.<\/p><\/div>\n<p>&nbsp;<\/p>\n<p>Familiares, amigos, empresarios y pol\u00edticos dieron el \u00faltimo adi\u00f3s a Juan Carlos Huerta Guti\u00e9rrez, periodista asesinado a balazos cuando se dirig\u00eda a conducir su programa de radio \u201cSin Reservas\u201d.<\/p>\n<p>Huerta Guti\u00e9rrez, quien a sus 47 a\u00f1os se hab\u00eda logrado colocar como uno de los periodistas m\u00e1s influyentes en la entidad y mantenerse al aire por 23 a\u00f1os con el mismo formato, en donde las entrevistas a personajes de la pol\u00edtica y funcionarios p\u00fablicos eran su fuerte.<\/p>\n<p>Al final de la misa de cuerpo presente, la madre de Juan Carlos, Gloria Guti\u00e9rrez, tom\u00f3 la palabra para agradecer a quienes acompa\u00f1aban a su hijo en su partida. \u201cQuiero agradecer a todos ustedes por acompa\u00f1ar hoy a mi hijo, \u00e9l cumpli\u00f3 su sue\u00f1o de tener su radiodifusora, algo pas\u00f3 mal, no lo s\u00e9, pero Dios est\u00e1 con \u00e9l\u201d, expres\u00f3.<\/p>\n<p>\u201cQuiero decirles a todos que muchas gracias, de verdad muchas gracias por amar a mi hijo, por quererlo y aceptarlo y as\u00ed como Jes\u00fas sufri\u00f3 ahora mi hijo tambi\u00e9n est\u00e1 as\u00ed. Benditos y alabados sean todos en este d\u00eda. Muchas gracias, benditos sean\u201d.<\/p>\n<p>Con una voz entre cortada coment\u00f3 que as\u00ed como Jes\u00fas perdon\u00f3 a todos sus verdugos, \u201cque asimismo todos nosotros, en el nombre de Dios, perdonamos a todos los que hayan agredido a Juan Carlos\u201d.<\/p>\n<p>Con la canci\u00f3n \u201cAmigo\u201d, del cantante Roberto Carlos, le dieron el \u00faltimo adi\u00f3s al periodista y catedr\u00e1tico. Flores y coronas de todos los sectores llegaron hasta el recinto memorial donde fue sepultado.<\/p>\n<p>Sobre este asesinato, Luis Antonio Vidal, vicepresidente suplente de la regi\u00f3n sur de la Federaci\u00f3n de Asociaciones de Periodistas Mexicanos (FAPERMEX), asegur\u00f3 que el gremio es muy vulnerable y esta siempre expuesto a agresiones f\u00edsicas y verbales de gente conocida y an\u00f3nimos que, amparados en la oscuridad, agraden a los comunicadores, por el hecho de ejercer su profesi\u00f3n.<\/p>\n<p>\u201cA\u00fan cuando deben esperarse los resultados de las investigaciones, es evidente que se trata de un hecho que atenta contra las libertades de prensa y expresi\u00f3n consagrados en la Constituci\u00f3n de la Rep\u00fablica\u201d, indic\u00f3.Y agreg\u00f3: \u201cPor ello exigimos a las autoridades garant\u00edas plenas a los periodistas tabasque\u00f1os cuyas voces no deben ser censuradas\u201d.<\/p>\n<p>A trav\u00e9s de su cuenta de Twitter, Grupo Multimedios Sin Reservas dio a conocer su posicionamiento sobre el asesinato de su director general, en donde refrend\u00f3 su compromiso con la verdad y conden\u00f3 en\u00e9rgicamente el asesinato de Juan Carlos Huerta.<\/p>\n<p>\u201cEl crimen no s\u00f3lo ha consternado y enlutado a la familia de La Radio. Ha cubierto de pesar a todos los que abonamos a la veracidad de la historia y al desarrollo presente y futuro de Tabasco. Ha entristecido al periodismo y oscurecido el panorama de muchos, quienes desde muy diversos \u00e1mbitos, se suman al inter\u00e9s colectivo de progreso de la entidad\u201d, se lee en comunicado.<\/p>\n<p>\u201cA nuestros anunciantes y patrocinadores hacemos patente que el artero crimen de Juan Carlos Huerta Guti\u00e9rrez no nos doblegar\u00e1 y, por el contrario, empuja en nuestra conciencia y convicci\u00f3n, el sue\u00f1o de quien revolucion\u00f3 la radio en Tabasco. Seguiremos trabajando y brind\u00e1ndole los mejores contenidos\u201d, indica. La empresa anunci\u00f3 que realizar\u00e1n un programa especial dedicado a Juan Carlos Huerta, \u201cuna de las voces que marc\u00f3 la historia de la comunicaci\u00f3n en Tabasco\u201d.<\/p>\n","protected":false},"excerpt":{"rendered":"<p>Familiares, amigos, empresarios y pol\u00edticos dieron el \u00faltimo adi\u00f3s a Juan Carlos Huerta Guti\u00e9rrez, periodista asesinado a balazos cuando se dirig\u00eda a conducir su programa de radio \u201cSin Reservas\u201d.<\/p>\n","protected":false},"author":3,"featured_media":376736,"comment_status":"open","ping_status":"open","sticky":false,"template":"","format":"standard","meta":{"_monsterinsights_skip_tracking":false,"_monsterinsights_sitenote_active":false,"_monsterinsights_sitenote_note":"","_monsterinsights_sitenote_category":0,"footnotes":""},"categories":[7],"tags":[3540,73763,11870],"class_list":["post-376657","post","type-post","status-publish","format-standard","has-post-thumbnail","hentry","category-seguridad","tag-ejecutado","tag-juan-carlos-huerta-gutierrez","tag-periodista"],"_links":{"self":[{"href":"https:\/\/www.diarioimagen.net\/index.php?rest_route=\/wp\/v2\/posts\/376657","targetHints":{"allow":["GET"]}}],"collection":[{"href":"https:\/\/www.diarioimagen.net\/index.php?rest_route=\/wp\/v2\/posts"}],"about":[{"href":"https:\/\/www.diarioimagen.net\/index.php?rest_route=\/wp\/v2\/types\/post"}],"author":[{"embeddable":true,"href":"https:\/\/www.diarioimagen.net\/index.php?rest_route=\/wp\/v2\/users\/3"}],"replies":[{"embeddable":true,"href":"https:\/\/www.diarioimagen.net\/index.php?rest_route=%2Fwp%2Fv2%2Fcomments&post=376657"}],"version-history":[{"count":0,"href":"https:\/\/www.diarioimagen.net\/index.php?rest_route=\/wp\/v2\/posts\/376657\/revisions"}],"wp:featuredmedia":[{"embeddable":true,"href":"https:\/\/www.diarioimagen.net\/index.php?rest_route=\/wp\/v2\/media\/376736"}],"wp:attachment":[{"href":"https:\/\/www.diarioimagen.net\/index.php?rest_route=%2Fwp%2Fv2%2Fmedia&parent=376657"}],"wp:term":[{"taxonomy":"category","embeddable":true,"href":"https:\/\/www.diarioimagen.net\/index.php?rest_route=%2Fwp%2Fv2%2Fcategories&post=376657"},{"taxonomy":"post_tag","embeddable":true,"href":"https:\/\/www.diarioimagen.net\/index.php?rest_route=%2Fwp%2Fv2%2Ftags&post=376657"}],"curies":[{"name":"wp","href":"https:\/\/api.w.org\/{rel}","templated":true}]}}