{"id":376669,"date":"2018-05-17T00:06:24","date_gmt":"2018-05-17T05:06:24","guid":{"rendered":"http:\/\/www.diarioimagen.net\/?p=376669"},"modified":"2018-05-17T01:49:17","modified_gmt":"2018-05-17T06:49:17","slug":"exitosa-feria-de-prevencion-del-delito-y-la-delincuencia-en-tlalnepantla","status":"publish","type":"post","link":"https:\/\/www.diarioimagen.net\/?p=376669","title":{"rendered":"Exitosa feria de prevenci\u00f3n del delito y la delincuencia en Tlalnepantla"},"content":{"rendered":"<ul>\n<li><strong><em>Conferencias y talleres para la poblaci\u00f3n<\/em><\/strong><\/li>\n<\/ul>\n<p>&nbsp;<\/p>\n<div id=\"attachment_376748\" style=\"width: 470px\" class=\"wp-caption aligncenter\"><a href=\"http:\/\/www.diarioimagen.net\/wp-content\/uploads\/2018\/05\/TLALNEPANTLA-3369.jpg\"><img loading=\"lazy\" decoding=\"async\" aria-describedby=\"caption-attachment-376748\" class=\"size-large wp-image-376748\" src=\"http:\/\/www.diarioimagen.net\/wp-content\/uploads\/2018\/05\/TLALNEPANTLA-3369-460x259.jpg\" alt=\"\" width=\"460\" height=\"259\" srcset=\"https:\/\/www.diarioimagen.net\/wp-content\/uploads\/2018\/05\/TLALNEPANTLA-3369-460x259.jpg 460w, https:\/\/www.diarioimagen.net\/wp-content\/uploads\/2018\/05\/TLALNEPANTLA-3369-240x135.jpg 240w, https:\/\/www.diarioimagen.net\/wp-content\/uploads\/2018\/05\/TLALNEPANTLA-3369-235x132.jpg 235w, https:\/\/www.diarioimagen.net\/wp-content\/uploads\/2018\/05\/TLALNEPANTLA-3369-202x114.jpg 202w, https:\/\/www.diarioimagen.net\/wp-content\/uploads\/2018\/05\/TLALNEPANTLA-3369-350x196.jpg 350w, https:\/\/www.diarioimagen.net\/wp-content\/uploads\/2018\/05\/TLALNEPANTLA-3369-220x123.jpg 220w, https:\/\/www.diarioimagen.net\/wp-content\/uploads\/2018\/05\/TLALNEPANTLA-3369-237x132.jpg 237w, https:\/\/www.diarioimagen.net\/wp-content\/uploads\/2018\/05\/TLALNEPANTLA-3369.jpg 480w\" sizes=\"auto, (max-width: 460px) 100vw, 460px\" \/><\/a><p id=\"caption-attachment-376748\" class=\"wp-caption-text\">La alcaldesa Denisse Ugalde se\u00f1al\u00f3 que derivado de la coordinaci\u00f3n, se realiza un trabajo de inteligencia social, para saber d\u00f3nde, c\u00f3mo y cu\u00e1ndo suceden los delitos.<\/p><\/div>\n<p>&nbsp;<\/p>\n<p><strong>Tlalnepantla, Estado de M\u00e9xico<\/strong>.- Con la finalidad de que la ciudadan\u00eda se involucre en las acciones que los tres \u00f3rdenes de gobierno llevan a cabo en materia de seguridad p\u00fablica, se llev\u00f3 a cabo la Feria de Prevenci\u00f3n Social del Delito y la Delincuencia, en la que distintas dependencias ofrecieron informaci\u00f3n e impartieron talleres y conferencias.<\/p>\n<p>Al dar la bienvenida a los asistentes, la presidenta municipal de Tlalnepantla \u00a0destac\u00f3 que para hacer prevenci\u00f3n es fundamental la participaci\u00f3n social, de ah\u00ed la importancia de que las fuerzas federales, estatales y municipales se hayan concentrado en la explanada de esta localidad.<\/p>\n<p>\u201cLa violencia y la delincuencia no s\u00f3lo se puede atacar con las fuerzas armadas o la polic\u00eda, requerimos trabajar en equipo con la poblaci\u00f3n, pues est\u00e1 comprobado que para que una estrategia de seguridad funcione debe haber participaci\u00f3n ciudadana\u201d, afirm\u00f3 la alcaldesa.<\/p>\n<p>Ante el subsecretario de la Polic\u00eda Estatal y la Fiscal Central para Delitos Vinculados a la Violencia de G\u00e9nero, la alcaldesa asegur\u00f3 que en Tlalnepantla, a trav\u00e9s del programa Redes Vecinales de Seguridad, se trabaja de la mano de la ciudadan\u00eda, muestra de ello es que a la fecha ya se han sumado a esta iniciativa del gobierno local m\u00e1s de 22 mil personas.<\/p>\n<p>Puntualiz\u00f3 que derivado de esta coordinaci\u00f3n, se realiza un trabajo de inteligencia social, pues es el saber d\u00f3nde, c\u00f3mo y cu\u00e1ndo suceden los delitos, ha permitido a las polic\u00edas implementar acciones concretas.<\/p>\n<p>La presidenta municipal reconoci\u00f3 la participaci\u00f3n de las distintas dependencias que durante esta feria brindaron informaci\u00f3n de los servicios que ofrecen en temas de seguridad e impartici\u00f3n de justicia, as\u00ed como de aquellas que efectuaron exhibiciones de la labor diaria que desempe\u00f1an.<\/p>\n<p>Por espacio de ocho horas, ni\u00f1os, j\u00f3venes, adultos y personas de la tercera edad recorrieron los stands de la Fiscal\u00eda General de Justicia del Estado de M\u00e9xico, de la Preceptor\u00eda Juvenil, del C5, del ISEM, del Instituto Mexiquense contra las Adicciones, as\u00ed como otras instancias.<\/p>\n<p>Mientras que por parte del gobierno de Tlalnepantla, participaron stands con informaci\u00f3n de Redes Vecinales de Seguridad, de la aplicaci\u00f3n TDB Protegido, la Unidad M\u00f3vil de Atenci\u00f3n a V\u00edctimas de la Violencia de G\u00e9nero y el Instituto de las Mujeres, por mencionar algunas.<\/p>\n","protected":false},"excerpt":{"rendered":"<p>Con la finalidad de que la ciudadan\u00eda se involucre en las acciones que los tres \u00f3rdenes de gobierno llevan a cabo en materia de seguridad p\u00fablica, se llev\u00f3 a cabo la Feria de Prevenci\u00f3n Social del Delito y la Delincuencia, en la que distintas dependencias ofrecieron informaci\u00f3n e impartieron talleres y conferencias.<\/p>\n","protected":false},"author":3,"featured_media":376748,"comment_status":"open","ping_status":"open","sticky":false,"template":"","format":"standard","meta":{"_monsterinsights_skip_tracking":false,"_monsterinsights_sitenote_active":false,"_monsterinsights_sitenote_note":"","_monsterinsights_sitenote_category":0,"footnotes":""},"categories":[35155],"tags":[8654,43675,21732,169],"class_list":["post-376669","post","type-post","status-publish","format-standard","has-post-thumbnail","hentry","category-estado-de-mexico-estado-de-mexico","tag-delincuencia","tag-estado-de-mexico","tag-prevencion","tag-tlalnepantla"],"_links":{"self":[{"href":"https:\/\/www.diarioimagen.net\/index.php?rest_route=\/wp\/v2\/posts\/376669","targetHints":{"allow":["GET"]}}],"collection":[{"href":"https:\/\/www.diarioimagen.net\/index.php?rest_route=\/wp\/v2\/posts"}],"about":[{"href":"https:\/\/www.diarioimagen.net\/index.php?rest_route=\/wp\/v2\/types\/post"}],"author":[{"embeddable":true,"href":"https:\/\/www.diarioimagen.net\/index.php?rest_route=\/wp\/v2\/users\/3"}],"replies":[{"embeddable":true,"href":"https:\/\/www.diarioimagen.net\/index.php?rest_route=%2Fwp%2Fv2%2Fcomments&post=376669"}],"version-history":[{"count":0,"href":"https:\/\/www.diarioimagen.net\/index.php?rest_route=\/wp\/v2\/posts\/376669\/revisions"}],"wp:featuredmedia":[{"embeddable":true,"href":"https:\/\/www.diarioimagen.net\/index.php?rest_route=\/wp\/v2\/media\/376748"}],"wp:attachment":[{"href":"https:\/\/www.diarioimagen.net\/index.php?rest_route=%2Fwp%2Fv2%2Fmedia&parent=376669"}],"wp:term":[{"taxonomy":"category","embeddable":true,"href":"https:\/\/www.diarioimagen.net\/index.php?rest_route=%2Fwp%2Fv2%2Fcategories&post=376669"},{"taxonomy":"post_tag","embeddable":true,"href":"https:\/\/www.diarioimagen.net\/index.php?rest_route=%2Fwp%2Fv2%2Ftags&post=376669"}],"curies":[{"name":"wp","href":"https:\/\/api.w.org\/{rel}","templated":true}]}}