{"id":376671,"date":"2018-05-17T00:05:55","date_gmt":"2018-05-17T05:05:55","guid":{"rendered":"http:\/\/www.diarioimagen.net\/?p=376671"},"modified":"2018-05-17T02:00:58","modified_gmt":"2018-05-17T07:00:58","slug":"por-ser-gente-de-bien-cesar-camacho-reconoce-a-los-maestros-mexiquenses","status":"publish","type":"post","link":"https:\/\/www.diarioimagen.net\/?p=376671","title":{"rendered":"Por ser gente de bien, C\u00e9sar Camacho reconoce a los maestros mexiquenses"},"content":{"rendered":"<ul>\n<li><strong><em>Convoca a apoyar la consolidaci\u00f3n de la reforma educativa<\/em><\/strong><\/li>\n<\/ul>\n<p>&nbsp;<\/p>\n<div id=\"attachment_376750\" style=\"width: 470px\" class=\"wp-caption aligncenter\"><a href=\"http:\/\/www.diarioimagen.net\/wp-content\/uploads\/2018\/05\/VALLE-3369.jpg\"><img loading=\"lazy\" decoding=\"async\" aria-describedby=\"caption-attachment-376750\" class=\"size-large wp-image-376750\" src=\"http:\/\/www.diarioimagen.net\/wp-content\/uploads\/2018\/05\/VALLE-3369-460x259.jpg\" alt=\"\" width=\"460\" height=\"259\" srcset=\"https:\/\/www.diarioimagen.net\/wp-content\/uploads\/2018\/05\/VALLE-3369-460x259.jpg 460w, https:\/\/www.diarioimagen.net\/wp-content\/uploads\/2018\/05\/VALLE-3369-240x135.jpg 240w, https:\/\/www.diarioimagen.net\/wp-content\/uploads\/2018\/05\/VALLE-3369-235x132.jpg 235w, https:\/\/www.diarioimagen.net\/wp-content\/uploads\/2018\/05\/VALLE-3369-202x114.jpg 202w, https:\/\/www.diarioimagen.net\/wp-content\/uploads\/2018\/05\/VALLE-3369-350x196.jpg 350w, https:\/\/www.diarioimagen.net\/wp-content\/uploads\/2018\/05\/VALLE-3369-220x123.jpg 220w, https:\/\/www.diarioimagen.net\/wp-content\/uploads\/2018\/05\/VALLE-3369-237x132.jpg 237w, https:\/\/www.diarioimagen.net\/wp-content\/uploads\/2018\/05\/VALLE-3369.jpg 480w\" sizes=\"auto, (max-width: 460px) 100vw, 460px\" \/><\/a><p id=\"caption-attachment-376750\" class=\"wp-caption-text\">El candidato a senador, C\u00e9sar Camacho Quiroz, convoc\u00f3 a apoyar la consolidaci\u00f3n de la reforma educativa.<\/p><\/div>\n<p>&nbsp;<\/p>\n<p><strong>Valle de M\u00e9xico<\/strong>.- C\u00e9sar Camacho Quiroz, candidato del PRI al Senado de la Rep\u00fablica por el Estado de M\u00e9xico, hizo un subrayado reconocimiento a los maestros \u201cpor ser gente de bien y educar con su propia conducta\u201d, por ello convoc\u00f3 a apoyar la consolidaci\u00f3n de la Reforma Educativa \u201cporque creemos en el efecto libertador de la educaci\u00f3n para despertar y potenciar el talento y la capacidad de nuestros ni\u00f1os y j\u00f3venes\u201d.<\/p>\n<p>Durante su gira proselitista en Ocoyoacac y Xalatlaco, llam\u00f3, tambi\u00e9n a sus simpatizantes para que el 1 de julio \u201cganemos todos y que cada ni\u00f1o, joven, mujer, adulto mayor, persona con discapacidad en este pa\u00eds, tenga los derechos que merecen\u201d.<\/p>\n<p>Arropado por un numeroso grupo de pobladores de la regi\u00f3n, Camacho reiter\u00f3 su compromiso con las mujeres para que exista igualdad de salarios por hacer el mismo trabajo que los hombres, seguridad social para 3 millones de trabajadoras dom\u00e9sticas, guarder\u00edas de tiempo completo a madres jefas de familia y cr\u00e9ditos a emprendedoras; principales propuestas del candidato presidencial de la Coalici\u00f3n \u201cTodos por M\u00e9xico\u201d, Pepe Meade.<\/p>\n<p>El abanderado tricolor sostuvo que, de llegar al Senado, trabajar\u00e1 para garantizar a las mujeres una vida libre de violencia, por lo que indic\u00f3 que incluir\u00e1 el delito de feminicidio en la Ley General sobre el tema, adem\u00e1s de proponer una adici\u00f3n al Art\u00edculo Cuarto Constitucional, a fin de hacer efectivo el principio de la igualdad sustantiva entre hombres y mujeres.<\/p>\n<p>Igualmente, asever\u00f3 que \u201cla agresi\u00f3n a una mujer es un da\u00f1o a la sociedad toda\u201d, por lo que pidi\u00f3 el voto en favor de los candidatos del Revolucionario Institucional \u201cpara poner fin a este tipo de conductas indignas que a ning\u00fan lado nos van a llevar\u201d.<\/p>\n<p>Finalmente, hizo \u00e9nfasis en que \u201cs\u00f3lo escuchando e incluyendo se construye la unidad necesaria para que el uno de julio los priistas nos alcemos con la victoria y con ello, evitemos que la improvisaci\u00f3n y las ocurrencias pongan en riesgo lo que hasta hoy hemos logrado, as\u00ed como el proyecto de naci\u00f3n que anhelamos todos\u201d.<\/p>\n","protected":false},"excerpt":{"rendered":"<p>C\u00e9sar Camacho Quiroz, candidato del PRI al Senado de la Rep\u00fablica por el Estado de M\u00e9xico, hizo un subrayado reconocimiento a los maestros \u201cpor ser gente de bien y educar con su propia conducta\u201d, por ello convoc\u00f3 a apoyar la consolidaci\u00f3n de la Reforma Educativa \u201cporque creemos en el efecto libertador de la educaci\u00f3n para despertar y potenciar el talento y la capacidad de nuestros ni\u00f1os y j\u00f3venes\u201d. <\/p>\n","protected":false},"author":3,"featured_media":376750,"comment_status":"open","ping_status":"open","sticky":false,"template":"","format":"standard","meta":{"_monsterinsights_skip_tracking":false,"_monsterinsights_sitenote_active":false,"_monsterinsights_sitenote_note":"","_monsterinsights_sitenote_category":0,"footnotes":""},"categories":[35155],"tags":[3184,43675,116,34],"class_list":["post-376671","post","type-post","status-publish","format-standard","has-post-thumbnail","hentry","category-estado-de-mexico-estado-de-mexico","tag-cesar-camacho-quiroz","tag-estado-de-mexico","tag-senado-de-la-republica","tag-valle-de-mexico"],"_links":{"self":[{"href":"https:\/\/www.diarioimagen.net\/index.php?rest_route=\/wp\/v2\/posts\/376671","targetHints":{"allow":["GET"]}}],"collection":[{"href":"https:\/\/www.diarioimagen.net\/index.php?rest_route=\/wp\/v2\/posts"}],"about":[{"href":"https:\/\/www.diarioimagen.net\/index.php?rest_route=\/wp\/v2\/types\/post"}],"author":[{"embeddable":true,"href":"https:\/\/www.diarioimagen.net\/index.php?rest_route=\/wp\/v2\/users\/3"}],"replies":[{"embeddable":true,"href":"https:\/\/www.diarioimagen.net\/index.php?rest_route=%2Fwp%2Fv2%2Fcomments&post=376671"}],"version-history":[{"count":0,"href":"https:\/\/www.diarioimagen.net\/index.php?rest_route=\/wp\/v2\/posts\/376671\/revisions"}],"wp:featuredmedia":[{"embeddable":true,"href":"https:\/\/www.diarioimagen.net\/index.php?rest_route=\/wp\/v2\/media\/376750"}],"wp:attachment":[{"href":"https:\/\/www.diarioimagen.net\/index.php?rest_route=%2Fwp%2Fv2%2Fmedia&parent=376671"}],"wp:term":[{"taxonomy":"category","embeddable":true,"href":"https:\/\/www.diarioimagen.net\/index.php?rest_route=%2Fwp%2Fv2%2Fcategories&post=376671"},{"taxonomy":"post_tag","embeddable":true,"href":"https:\/\/www.diarioimagen.net\/index.php?rest_route=%2Fwp%2Fv2%2Ftags&post=376671"}],"curies":[{"name":"wp","href":"https:\/\/api.w.org\/{rel}","templated":true}]}}