{"id":376682,"date":"2018-05-17T00:06:07","date_gmt":"2018-05-17T05:06:07","guid":{"rendered":"http:\/\/www.diarioimagen.net\/?p=376682"},"modified":"2018-05-17T23:13:24","modified_gmt":"2018-05-18T04:13:24","slug":"descartan-aumento-en-costo-del-pasaje-del-metrobus","status":"publish","type":"post","link":"https:\/\/www.diarioimagen.net\/?p=376682","title":{"rendered":"Descartan aumento en costo del pasaje del Metrob\u00fas"},"content":{"rendered":"<p><a href=\"http:\/\/www.diarioimagen.net\/wp-content\/uploads\/2018\/05\/METROBUS-3369.jpg\"><img loading=\"lazy\" decoding=\"async\" class=\"aligncenter size-large wp-image-376767\" src=\"http:\/\/www.diarioimagen.net\/wp-content\/uploads\/2018\/05\/METROBUS-3369-460x259.jpg\" alt=\"\" width=\"460\" height=\"259\" srcset=\"https:\/\/www.diarioimagen.net\/wp-content\/uploads\/2018\/05\/METROBUS-3369-460x259.jpg 460w, https:\/\/www.diarioimagen.net\/wp-content\/uploads\/2018\/05\/METROBUS-3369-240x135.jpg 240w, https:\/\/www.diarioimagen.net\/wp-content\/uploads\/2018\/05\/METROBUS-3369-235x132.jpg 235w, https:\/\/www.diarioimagen.net\/wp-content\/uploads\/2018\/05\/METROBUS-3369-202x114.jpg 202w, https:\/\/www.diarioimagen.net\/wp-content\/uploads\/2018\/05\/METROBUS-3369-350x196.jpg 350w, https:\/\/www.diarioimagen.net\/wp-content\/uploads\/2018\/05\/METROBUS-3369-220x123.jpg 220w, https:\/\/www.diarioimagen.net\/wp-content\/uploads\/2018\/05\/METROBUS-3369-237x132.jpg 237w, https:\/\/www.diarioimagen.net\/wp-content\/uploads\/2018\/05\/METROBUS-3369.jpg 480w\" sizes=\"auto, (max-width: 460px) 100vw, 460px\" \/><\/a><\/p>\n<p>&nbsp;<\/p>\n<p>El jefe de gobierno de la Ciudad de M\u00e9xico, Jos\u00e9 Ram\u00f3n Amieva, inform\u00f3 que continuar\u00e1 el subsidio de tres pesos por viaje para el Metrob\u00fas \u2013alrededor de 600 millones de pesos al a\u00f1o- por lo que el costo del pasaje se mantendr\u00e1 en seis pesos.<\/p>\n<p>Coment\u00e1bamos que, si nosotros dividi\u00e9ramos en deciles el sector social del pa\u00eds, pues los deciles de ingreso m\u00e1s bajo ocupan una tercera parte de sus ingresos para transporte. No podemos nosotros aumentar.<\/p>\n<p>No se va a aumentar ni el Metrob\u00fas ni el Metro ni las tarifas de transporte p\u00fablico concesionado. Buscaremos otras formas de que sea una actividad que permita obtener una ganancia, pero no a costa del bolsillo de los usuarios.<\/p>\n","protected":false},"excerpt":{"rendered":"<p>El jefe de gobierno de la Ciudad de M\u00e9xico, Jos\u00e9 Ram\u00f3n Amieva, inform\u00f3 que continuar\u00e1 el subsidio de tres pesos por viaje para el Metrob\u00fas \u2013alrededor de 600 millones de pesos al a\u00f1o- por lo que el costo del pasaje se mantendr\u00e1 en seis pesos.<\/p>\n","protected":false},"author":3,"featured_media":376767,"comment_status":"open","ping_status":"open","sticky":false,"template":"","format":"standard","meta":{"_monsterinsights_skip_tracking":false,"_monsterinsights_sitenote_active":false,"_monsterinsights_sitenote_note":"","_monsterinsights_sitenote_category":0,"footnotes":""},"categories":[6],"tags":[24425,204,3195,13614],"class_list":["post-376682","post","type-post","status-publish","format-standard","has-post-thumbnail","hentry","category-cd-de-mexico","tag-alza","tag-ciudad-de-mexico","tag-metrobus","tag-tarifa"],"_links":{"self":[{"href":"https:\/\/www.diarioimagen.net\/index.php?rest_route=\/wp\/v2\/posts\/376682","targetHints":{"allow":["GET"]}}],"collection":[{"href":"https:\/\/www.diarioimagen.net\/index.php?rest_route=\/wp\/v2\/posts"}],"about":[{"href":"https:\/\/www.diarioimagen.net\/index.php?rest_route=\/wp\/v2\/types\/post"}],"author":[{"embeddable":true,"href":"https:\/\/www.diarioimagen.net\/index.php?rest_route=\/wp\/v2\/users\/3"}],"replies":[{"embeddable":true,"href":"https:\/\/www.diarioimagen.net\/index.php?rest_route=%2Fwp%2Fv2%2Fcomments&post=376682"}],"version-history":[{"count":0,"href":"https:\/\/www.diarioimagen.net\/index.php?rest_route=\/wp\/v2\/posts\/376682\/revisions"}],"wp:featuredmedia":[{"embeddable":true,"href":"https:\/\/www.diarioimagen.net\/index.php?rest_route=\/wp\/v2\/media\/376767"}],"wp:attachment":[{"href":"https:\/\/www.diarioimagen.net\/index.php?rest_route=%2Fwp%2Fv2%2Fmedia&parent=376682"}],"wp:term":[{"taxonomy":"category","embeddable":true,"href":"https:\/\/www.diarioimagen.net\/index.php?rest_route=%2Fwp%2Fv2%2Fcategories&post=376682"},{"taxonomy":"post_tag","embeddable":true,"href":"https:\/\/www.diarioimagen.net\/index.php?rest_route=%2Fwp%2Fv2%2Ftags&post=376682"}],"curies":[{"name":"wp","href":"https:\/\/api.w.org\/{rel}","templated":true}]}}