{"id":376707,"date":"2018-05-17T00:10:24","date_gmt":"2018-05-17T05:10:24","guid":{"rendered":"http:\/\/www.diarioimagen.net\/?p=376707"},"modified":"2018-05-17T02:24:10","modified_gmt":"2018-05-17T07:24:10","slug":"a-quien-favorecera-la-renuncia-de-margarita-zavala","status":"publish","type":"post","link":"https:\/\/www.diarioimagen.net\/?p=376707","title":{"rendered":"\u00bfA qui\u00e9n favorecer\u00e1 la renuncia de Margarita Zavala?"},"content":{"rendered":"<h2>Tras la puerta del poder<\/h2>\n<h5>Roberto Vizca\u00edno<\/h5>\n<p>&nbsp;<\/p>\n<div id=\"attachment_376785\" style=\"width: 470px\" class=\"wp-caption aligncenter\"><a href=\"http:\/\/www.diarioimagen.net\/wp-content\/uploads\/2018\/05\/peligrosa-profesion-LUIS-XAVIER-3369.jpg\"><img loading=\"lazy\" decoding=\"async\" aria-describedby=\"caption-attachment-376785\" class=\"size-large wp-image-376785\" src=\"http:\/\/www.diarioimagen.net\/wp-content\/uploads\/2018\/05\/peligrosa-profesion-LUIS-XAVIER-3369-460x353.jpg\" alt=\"\" width=\"460\" height=\"353\" srcset=\"https:\/\/www.diarioimagen.net\/wp-content\/uploads\/2018\/05\/peligrosa-profesion-LUIS-XAVIER-3369-460x353.jpg 460w, https:\/\/www.diarioimagen.net\/wp-content\/uploads\/2018\/05\/peligrosa-profesion-LUIS-XAVIER-3369-240x184.jpg 240w, https:\/\/www.diarioimagen.net\/wp-content\/uploads\/2018\/05\/peligrosa-profesion-LUIS-XAVIER-3369-768x589.jpg 768w, https:\/\/www.diarioimagen.net\/wp-content\/uploads\/2018\/05\/peligrosa-profesion-LUIS-XAVIER-3369.jpg 1200w\" sizes=\"auto, (max-width: 460px) 100vw, 460px\" \/><\/a><p id=\"caption-attachment-376785\" class=\"wp-caption-text\">Peligrosa profesi\u00f3n&#8230; | Luis Xavier<\/p><\/div>\n<p>&nbsp;<\/p>\n<p>Los motivos reales o supuestos de la renuncia de Margarita Zavala a la primera candidatura presidencial independiente s\u00f3lo ella y su c\u00edrculo interno los saben.<\/p>\n<p>Fuera de eso no tenemos m\u00e1s que su propia versi\u00f3n que es suficientemente v\u00e1lida como para tomar la decisi\u00f3n que tom\u00f3: en un contexto en contra, con preferencias ciudadanas estancadas, no hab\u00eda caso seguir en la contienda.<\/p>\n<p>Como ella yo creo que lo importante ya no son los motivos de la renuncia sino los efectos de esta.<\/p>\n<p>El primero, obvio, es que la pelea por la Presidencia de la Rep\u00fablica se cierra. De repente, ante esta renuncia, el n\u00famero de 4 candidatos pesa.<\/p>\n<p>\u00bfCu\u00e1ntos votos ciudadanos ten\u00eda ya comprometidos Margarita?<\/p>\n<p>Nadie sabe. Y c\u00f3mo nadie lo sabe con certeza, pues los supuestos predominan. De acuerdo a una suma y divisi\u00f3n de puntos en las encuestas bien podr\u00edamos suponer que la ex panista podr\u00eda contar entre 3 y 6 millones de votantes a su favor.<\/p>\n<p>Quiz\u00e1 un 15 a un 30% de los panistas que la apoyaron cuando se sali\u00f3 de este partido. Esos que se sintieron afectados porque <strong>Ricardo Anaya <\/strong>se <em>agandall\u00f3<\/em>, se rob\u00f3 descaradamente, con todo un enredo de artima\u00f1as la candidatura presidencial panista y no dej\u00f3 espacio de participaci\u00f3n ni a <strong>Margarita<\/strong> ni a <strong>Rafael Moreno Valle<\/strong> ni a los otros blanquiazules que levantaron la mano para competir.<\/p>\n<p>Ese universo de militantes est\u00e1 intacto. <strong>Ricardo<\/strong> no les gusta. No van a votar por \u00e9l por m\u00e1s se los pidan.<\/p>\n<p>\u00bfY entonces por qui\u00e9n lo van a hacer?<\/p>\n<p>Los principios y la ira interna ante lo ocurrido, indican que tampoco lo har\u00e1n por <strong>Andr\u00e9s Manuel L\u00f3pez Obrador<\/strong> y menos a\u00fan por <strong>Jaime Rodr\u00edguez,<\/strong> <em>El Bronco.<\/em><\/p>\n<p>Es posible que, desencantados, una buena parte de los seguidores de la ex esposa de <strong>Felipe Calder\u00f3n <\/strong>decida no votar.<\/p>\n<p>Pero otra seguro que lo har\u00e1 por <strong>Jos\u00e9 Antonio Meade,<\/strong> quien representa lo m\u00e1s cercano a lo que propon\u00eda <strong>Margarita Zavala,<\/strong> y quien es su amigo y m\u00e1s cercano de entre los contendientes y, por supuesto, quien trabaj\u00f3 con<strong> Calder\u00f3n.<\/strong><\/p>\n<p>\u00bfPor qu\u00e9 no se sum\u00f3 a <strong>Meade?<\/strong><\/p>\n<p>Creo que ah\u00ed intervino la raz\u00f3n pol\u00edtica de ella, de su marido y de su grupo.<\/p>\n<p>Si se hubiera sumado al candidato de la alianza PRI, PVEM y Panal, le hubiera restado votos. Se hubiera visto toda su lucha por ser candidata independiente como una argucia, un enga\u00f1o a los votantes, para al final declinar en favor de <strong>Meade.<\/strong><\/p>\n<p>Dejarlos libres para votar por quien quieran lleva la obvia intenci\u00f3n de que lo hagan por <strong>Meade.<\/strong> No pueden sus seguidores (como ya lo advertimos), por el traidor <strong>Anaya<\/strong> ni por <strong>L\u00f3pez Obrador<\/strong> el contrincante hist\u00f3rico de <strong>Felipe Calder\u00f3n<\/strong> y la familia <strong>Calder\u00f3n-Zavala<\/strong>, y menos por <em>El Bronco.<\/em><\/p>\n<p>Y es muy posible que este evento act\u00fae como cuando en la red de agua, un chorro destapa y da cauce a un paso creciente del l\u00edquido.<\/p>\n<p>A lo mejor esto ayuda a <strong>Meade<\/strong> a incrementar su puntaje electoral para colocarse en el nivel de competencia por la Presidencia.<\/p>\n<p>Y lo que puede ser, pude no ser. Vamos a ver en los siguientes d\u00edas, semanas qu\u00e9 ocurre con las repercusiones de esta renuncia.<\/p>\n<p style=\"text-align: center;\"><strong>Como zopilotes<\/strong><\/p>\n<p>Mal por cierto se vieron ayer el senador panista, <strong>H\u00e9ctor Flores \u00c1valos<\/strong> (suplente en el esca\u00f1o de <strong>Jos\u00e9 Rosas Aispuro<\/strong>, hoy gobernador de Durango), y la diputada federal <strong>Arlette-Ivette Mu\u00f1oz<\/strong> quienes apenas sab\u00edan de la renuncia de Margarita y ped\u00edan a los simpatizantes de esta sumarse a la candidatura de <strong>Ricardo Anaya.<\/strong><\/p>\n<p>Pronto se les olvid\u00f3 que la esposa del ex presidente Felipe Calder\u00f3n justo renunci\u00f3 al PAN y busc\u00f3 la candidatura independiente porque Anaya le cerr\u00f3 todas las puertas para competir por el blanquiazul.<\/p>\n<p>El senador <strong>Flores \u00c1valos,<\/strong> sin mayor verg\u00fcenza, dijo: <em>\u201cquien mejor representa los intereses de la gente que pudiera haberse identificado con Margarita Zavala y con su proyecto indudablemente es Ricardo Anaya\u201d.<\/em><\/p>\n<p>La diputada de nombre rimbombante <strong>Arlette-Ivette Mu\u00f1oz,<\/strong> con la misma cara dura de su compa\u00f1ero senador, agreg\u00f3:<\/p>\n<p>\u201cTodo mi respeto a la decisi\u00f3n de <strong>Margarita Zavala<\/strong>, es una decisi\u00f3n sensata ante el estado que guarda la carrera presidencial que ha puesto a <strong>Ricardo Anaya<\/strong> como el \u00fanico candidato con posibilidades reales de vencer al candidato puntero\u201d.<\/p>\n<p>Seguro que con cara de <strong>\u00bfwhat?<\/strong> los seguidores y simpatizantes de la candidata renunciante se preguntar\u00e1n, \u00bfpero no fue <strong>Anaya<\/strong> quien oblig\u00f3 a <strong>Margarita<\/strong> a renunciar al PAN e irse como candidata independiente?<\/p>\n<p>En fin\u2026<\/p>\n<p style=\"text-align: center;\"><strong>Quieren que D\u00edaz de Le\u00f3n comparezca<\/strong><\/p>\n<p>Apenas instalada la Primera Comisi\u00f3n &#8211;Gobernaci\u00f3n, Puntos Constitucionales y Justicia&#8211;, y su presidente, el senador pri\u00edsta <strong>Jos\u00e9 Mar\u00eda Tapia Franco<\/strong> pidi\u00f3 a la Mesa Directiva de la Comisi\u00f3n Permanente que encabeza el panista Ernesto Cordero (quien anda por Rusia), llamar a comparecer a Alejandro D\u00edaz de Le\u00f3n, gobernador del Banco de M\u00e9xico, a fin de que explique a senadores y diputados sobre el hackeo y asalto que ha costado sobre 400 millones de pesos a una veintena de bancos privados en M\u00e9xico.<\/p>\n<p>Los legisladores quieren conocer los detalles del millonario robo ejecutado contra las instituciones financieras que operan en el pa\u00eds y de c\u00f3mo el Banco Central dar\u00e1 certeza a los mercados, al sector financiero y a los usuarios de la banca sobre el sistema financiero y sus plataformas.<\/p>\n<p>El senador Tapia Franco inform\u00f3 que, hasta el momento, el presidente <strong>Ernesto Cordero<\/strong> les ha turnado 15 proposiciones con punto de acuerdo.<\/p>\n<p style=\"text-align: center;\"><strong>Zambrano: la delincuencia <\/strong><strong>va por el poder pol\u00edtico<\/strong><\/p>\n<p>Al reclamar un alto a la violencia contra pol\u00edticos, el virtual coordinador del PRD en la C\u00e1mara de Diputados &#8211;y de paso en la de Senadores&#8211;, Jes\u00fas Zambrano acept\u00f3 que la delincuencia organizada y el narco, con una ola de ejecuci\u00f3n de candidatos, intenta colocar a aspirantes suyos en cargos de elecci\u00f3n para hacerse del poder pol\u00edtico en M\u00e9xico.<\/p>\n<p>A esta ola de ejecuciones se suma, dijo, el embate de pol\u00edticos reconocidos de otros partidos contra opositores a quienes amenazan e intimidan dentro de la contienda.<\/p>\n<p>Afirm\u00f3 que tal es el caso del ex alcalde pri\u00edsta acapulque\u00f1o Manuel A\u00f1orve quien, junto con otros de sus compa\u00f1eros de partido, ha amenazado de muerte a la secretaria general del PRD, Beatriz M\u00fajica quien hoy contiende por una senadur\u00eda en Guerreo.<\/p>\n<p>A esta exigencia se sum\u00f3 el ex coordinador de los senadores del PAN y ex candidato perdedor a la gubernatura de Colima, el panista Jorge Luis Preciado, quien se\u00f1al\u00f3 que van m\u00e1s de 305 agresiones a candidatos y pol\u00edticos en todo el pa\u00eds.<\/p>\n<p>\u201cVan m\u00e1s de mil candidatos que s\u00f3lo en este proceso, por alguna raz\u00f3n deciden ya no participar. Nunca lo aclaran, siempre la carta dice \u201cpor motivos personales\u201d, pero detr\u00e1s de esa carta de motivos personales hay muchas historias, historias desde amenazas del crimen organizado, del narcotr\u00e1fico que los ataca y les pide que trabajen para ellos y que una vez que han ganado, quedan a su merced\u201d, explic\u00f3.<\/p>\n<p>El senador Preciado consider\u00f3 que todos los ataques a pol\u00edticos tienen un com\u00fan denominador que se llama impunidad.<\/p>\n<p>\u201cEn este pa\u00eds cualquiera puede cometer un delito, incluyendo el homicidio, porque sabe que al final no va a pasar nada\u201d, subray\u00f3 y record\u00f3 que del 94% de los delitos cometidos s\u00f3lo se denuncian 6% y s\u00f3lo 1% concluye con una sentencia ejecutoriada.<\/p>\n<p>\u201cEs decir, si de cada 100 delitos que se cometen, s\u00f3lo una persona termina en la c\u00e1rcel pues es un gran incentivo para delinquir, hay muchas m\u00e1s otras causas, por supuesto\u201d, indic\u00f3.<\/p>\n<p><em><a href=\"mailto:rvizcainoa@gmail.com\" target=\"_blank\" rel=\"noopener\">vizcainoa@gmail.com<\/a><\/em><br \/>\n<em><a href=\"http:\/\/www.endirecto.com.mx\/\" target=\"_blank\" rel=\"noopener\">www.endirecto.com.mx<\/a><\/em><br \/>\n<em><a href=\"https:\/\/twitter.com\/_rvizcaino\" target=\"_blank\" rel=\"noopener\">@_RVizcaino<\/a><\/em><br \/>\n<a href=\"https:\/\/www.facebook.com\/rvizcainoa\" target=\"_blank\" rel=\"noopener\">f<em>acebook.com\/rvizcainoa<\/em><\/a><\/p>\n","protected":false},"excerpt":{"rendered":"<p><span style=\"color: #005497;\"><strong>Roberto Vizca\u00edno<\/strong><\/span><br \/>\n<br \/>\nLos motivos reales o supuestos de la renuncia de Margarita Zavala a la primera candidatura presidencial independiente s\u00f3lo ella y su c\u00edrculo interno los saben.<\/p>\n","protected":false},"author":3,"featured_media":376785,"comment_status":"open","ping_status":"open","sticky":false,"template":"","format":"standard","meta":{"_monsterinsights_skip_tracking":false,"_monsterinsights_sitenote_active":false,"_monsterinsights_sitenote_note":"","_monsterinsights_sitenote_category":0,"footnotes":""},"categories":[136],"tags":[43674,93,94],"class_list":["post-376707","post","type-post","status-publish","format-standard","has-post-thumbnail","hentry","category-roberto-vizcaino-opinion","tag-opinion","tag-roberto-vizcaino","tag-tras-la-puerta-del-poder"],"_links":{"self":[{"href":"https:\/\/www.diarioimagen.net\/index.php?rest_route=\/wp\/v2\/posts\/376707","targetHints":{"allow":["GET"]}}],"collection":[{"href":"https:\/\/www.diarioimagen.net\/index.php?rest_route=\/wp\/v2\/posts"}],"about":[{"href":"https:\/\/www.diarioimagen.net\/index.php?rest_route=\/wp\/v2\/types\/post"}],"author":[{"embeddable":true,"href":"https:\/\/www.diarioimagen.net\/index.php?rest_route=\/wp\/v2\/users\/3"}],"replies":[{"embeddable":true,"href":"https:\/\/www.diarioimagen.net\/index.php?rest_route=%2Fwp%2Fv2%2Fcomments&post=376707"}],"version-history":[{"count":0,"href":"https:\/\/www.diarioimagen.net\/index.php?rest_route=\/wp\/v2\/posts\/376707\/revisions"}],"wp:featuredmedia":[{"embeddable":true,"href":"https:\/\/www.diarioimagen.net\/index.php?rest_route=\/wp\/v2\/media\/376785"}],"wp:attachment":[{"href":"https:\/\/www.diarioimagen.net\/index.php?rest_route=%2Fwp%2Fv2%2Fmedia&parent=376707"}],"wp:term":[{"taxonomy":"category","embeddable":true,"href":"https:\/\/www.diarioimagen.net\/index.php?rest_route=%2Fwp%2Fv2%2Fcategories&post=376707"},{"taxonomy":"post_tag","embeddable":true,"href":"https:\/\/www.diarioimagen.net\/index.php?rest_route=%2Fwp%2Fv2%2Ftags&post=376707"}],"curies":[{"name":"wp","href":"https:\/\/api.w.org\/{rel}","templated":true}]}}