{"id":376717,"date":"2018-05-17T00:08:28","date_gmt":"2018-05-17T05:08:28","guid":{"rendered":"http:\/\/www.diarioimagen.net\/?p=376717"},"modified":"2018-05-17T02:25:55","modified_gmt":"2018-05-17T07:25:55","slug":"margarita-zavala-renuncia-a-la-candidatura-presidencial","status":"publish","type":"post","link":"https:\/\/www.diarioimagen.net\/?p=376717","title":{"rendered":"Margarita Zavala renuncia a la candidatura presidencial"},"content":{"rendered":"<h2>Punto por punto<\/h2>\n<h5>Augusto Corro<\/h5>\n<p>&nbsp;<\/p>\n<div id=\"attachment_376792\" style=\"width: 470px\" class=\"wp-caption aligncenter\"><a href=\"http:\/\/www.diarioimagen.net\/wp-content\/uploads\/2018\/05\/COMPROBADO-jose-luis-3369.jpg\"><img loading=\"lazy\" decoding=\"async\" aria-describedby=\"caption-attachment-376792\" class=\"size-large wp-image-376792\" src=\"http:\/\/www.diarioimagen.net\/wp-content\/uploads\/2018\/05\/COMPROBADO-jose-luis-3369-460x357.jpg\" alt=\"\" width=\"460\" height=\"357\" srcset=\"https:\/\/www.diarioimagen.net\/wp-content\/uploads\/2018\/05\/COMPROBADO-jose-luis-3369-460x357.jpg 460w, https:\/\/www.diarioimagen.net\/wp-content\/uploads\/2018\/05\/COMPROBADO-jose-luis-3369-240x186.jpg 240w, https:\/\/www.diarioimagen.net\/wp-content\/uploads\/2018\/05\/COMPROBADO-jose-luis-3369-768x596.jpg 768w, https:\/\/www.diarioimagen.net\/wp-content\/uploads\/2018\/05\/COMPROBADO-jose-luis-3369.jpg 1200w\" sizes=\"auto, (max-width: 460px) 100vw, 460px\" \/><\/a><p id=\"caption-attachment-376792\" class=\"wp-caption-text\">Comprobado&#8230; | Jos\u00e9 Luis<\/p><\/div>\n<p>&nbsp;<\/p>\n<p>Margarita Zavala de Calder\u00f3n decidi\u00f3 renunciar a la candidatura presidencial independiente.<\/p>\n<p>Su campa\u00f1a estuvo plagada de irregularidades. Desde el inici\u00f3 en la recolecci\u00f3n de firmas para su registro en la boleta electoral cometi\u00f3 un sinn\u00famero de ilegalidades.<\/p>\n<p>Su candidatura oficial obedeci\u00f3 a un favor que le hicieron en el Instituto Nacional Electoral (INE) que se hizo de la vista gorda y le favoreci\u00f3 el pase a la campa\u00f1a.<\/p>\n<p>La aspirante presidencial siempre se mantuvo en los \u00faltimos lugares en la lista de las preferencias electorales. No repunt\u00f3.<\/p>\n<p>Ayer, en este espacio preguntamos si la se\u00f1ora de Calder\u00f3n esperaba el momento oportuno para tirar la toalla. No tardamos en obtener la respuesta. Durante el transcurso de la ma\u00f1ana se confirm\u00f3 que dejar\u00eda la candidatura.<\/p>\n<p>Uno de sus voceros manifest\u00f3 que la aspirante independiente \u201cdeja en libertad a los que la apoyaron y as\u00ed tomen su decisi\u00f3n en libertad\u201d.<\/p>\n<p>Adem\u00e1s, Margarita Zavala de Calder\u00f3n manifest\u00f3 que se retira de la contienda por un principio de congruencia y de honestidad pol\u00edtica.<\/p>\n<p>Por donde se vea el asunto, la se\u00f1ora de Calder\u00f3n particip\u00f3 en una competencia electoral sin los recursos necesarios para ganar.<\/p>\n<p>A lo anterior debe agregarse la carga muy pesada de su marido Felipe Calder\u00f3n, quien como presidente de M\u00e9xico cometi\u00f3 un sinn\u00famero de errores, entre otros el de enfrentar a la delincuencia organizada, sin una estrategia adecuada.<\/p>\n<p>El exmandatario lo \u00fanico que logr\u00f3 fueron m\u00e1s de cien mil muertos, desaparecidos y hu\u00e9rfanos y viudas, tambi\u00e9n por miles.<\/p>\n<p>La candidatura de la se\u00f1ora Calder\u00f3n fue, a todas luces, un experimento pol\u00edtico fallido, M\u00e1s bien una desagradable ocurrencia.<\/p>\n<p style=\"text-align: center;\"><strong>Malas noticias<\/strong><\/p>\n<p>Continuar\u00e1 la violencia contra los periodistas mientras los asesinos sigan libres, dijo Luis Ra\u00fal Gonz\u00e1lez P\u00e9rez, presidente de la Comisi\u00f3n Nacional de los Derechos Humanos (CNDH), tras condenar el homicidio del comunicador Juan Carlos Huerta, en Villahermosa, Tabasco.<\/p>\n<p>El titular de la CNDH manifest\u00f3, al ser entrevistado, que con la muerte de Juan Carlos Huerta suman 134 reporteros asesinados en los \u00faltimos 18 a\u00f1os.\u00a0 Puntualiz\u00f3 que desde el a\u00f1o 2000 la mayor\u00eda de los cr\u00edmenes de periodistas \u201cpermanecen impunes\u201d.<\/p>\n<p>Jos\u00e9 Antonio Lara Duque, presidente del Centro de Derechos Humanos \u201cZeferino Ladrillero\u201d (DHZL), declar\u00f3 que el clima de impunidad e inseguridad va en aumento en casi todo el territorio nacional, en contra de la actividad period\u00edstica y de los defensores de las garant\u00edas individuales.<\/p>\n<p>Cabe se\u00f1alar que el periodista Juan Carlos Huerta fue baleado el martes en la ma\u00f1ana en la calle Flor del Tr\u00f3pico de la rancher\u00eda Emiliano Zapata, en Villahermosa, Tabasco. En el sitio del crimen fueron localizados dos casquillos calibre 45. Del agresor nada se sabe.<\/p>\n<p>El 15 de mayo se recuerda por el asesinato de otro periodista. El reportero y columnista de la revista <em>R\u00edodoce<\/em> y corresponsal de <em>La Jornada<\/em>, en Culiac\u00e1n, fue abatido a balazos. En varias ciudades se efectuaron manifestaciones de periodistas que exigieron poner fin a la impunidad.<\/p>\n<p>Casi la totalidad de los expedientes de periodistas asesinados se encuentran en los archivos. Ninguna autoridad tiene el menor inter\u00e9s de investigar, perseguir y detener a los criminales, quienes al no ser castigados se encuentran en condiciones de burlarse de la justicia.<\/p>\n<p>Nadie protege a los periodistas. Las organizaciones defensoras de los derechos humanos son un cero a la izquierda para aquellos representantes de la ley encargados de impartir justicia. Ven con indiferencia los homicidios de los comunicadores.<\/p>\n<p>M\u00e9xico, pues, continuar\u00e1 en la lista de los pa\u00edses m\u00e1s peligrosos del mundo para la pr\u00e1ctica del periodismo. Los comunicadores tienen que desempe\u00f1ar su trabajo en medio de una espiral de violencia, incontenible, sin m\u00e1s armas que su pluma.<\/p>\n<p>En el caso del asesinato de Juan Carlos Huerta, el fiscal tabasque\u00f1o, Fernando Valenzuela, dijo que el gobierno estatal \u201cest\u00e1 comprometido en el esclarecimiento de los hechos. Garantiz\u00f3 que se llegar\u00e1 a las \u00faltimas consecuencias para la identificaci\u00f3n de los responsables del artero crimen, para quienes \u201cse pedir\u00e1n las penas m\u00e1s altas\u201d.<\/p>\n<p>Nosotros sabemos muy bien que eso no ocurrir\u00e1. Los discursos de los funcionarios p\u00fablicos se encuentran llenos de demagogia. El fiscal Fernando Valenzuela no es la excepci\u00f3n.<\/p>\n<p style=\"text-align: center;\"><strong>Gasolina y medicina<\/strong><\/p>\n<p>El litro de gasolina ya se encuentra en los veinte pesos; los medicamentos se venden de acuerdo a los precios que fijan los interesados y los comerciantes ven que sus ganancias cada vez son menos.<\/p>\n<p>Combustibles y medicinas son importados y se pagan en d\u00f3lares. Hablamos de que el 92 por ciento de los principios activos para la elaboraci\u00f3n de medicamentos es de procedencia extranjera.<\/p>\n<p>Queda claro que los combustibles tambi\u00e9n los traen de Estados Unidos. M\u00e9xico es el principal mercado para los refinadores del vecino pa\u00eds.<\/p>\n<p>Sube la gasolina y sube todo.<\/p>\n<p>Sobre los precios de las medicinas, nadie se atreve a controlar su mercado. Los antibi\u00f3ticos se consiguen a precios elevados. Enfermarse es un lujo. Alg\u00fan d\u00eda alguien se encargar\u00e1 de poner orden en el mercado de las medicinas y de las gasolinas.<\/p>\n<p style=\"text-align: center;\"><strong>Agradecimiento eterno<\/strong><\/p>\n<p>Vaya mi agradecimiento eterno a todos los maestros que me soportaron en el k\u00ednder, primaria, secundaria, prepa y profesional. Siempre me brindaron atenci\u00f3n. Fui muy afortunado al encontrarlos en mi camino.<\/p>\n<p>Sirva el D\u00eda del Maestro como pretexto para agradecerles sus ense\u00f1anzas. A ellos les debo mi realizaci\u00f3n personal en el oficio de reportero que tantas alegr\u00edas y satisfacciones me ha brindado.<\/p>\n<p>Recuerdo las clases de literatura que esperaba con el mayor inter\u00e9s, pues la maestra invariablemente nos le\u00eda partes de alg\u00fan libro. De ah\u00ed surgi\u00f3 mi adicci\u00f3n a la lectura.<\/p>\n<p>\u201cEl ingenioso hidalgo don Quijote de la Mancha\u201d lleg\u00f3 a mi vida y se qued\u00f3 para siempre en mi coraz\u00f3n.<\/p>\n<p>Aunque un poco retrasado, quise recordar esta fecha (15 de mayo) para agradecerles a mis maestros sus infinitas atenciones; pero principalmente por encauzarme hacia\u00a0 la lectura, vicio arraigado en lo m\u00e1s profundo de mi coraz\u00f3n.<\/p>\n<p>Repito: \u00a1muchas gracias maestros!<\/p>\n<p><em><a href=\"mailto:aco2742@hotmail.com\" target=\"_blank\" rel=\"noopener\">aco2742@hotmail.com<\/a><\/em><\/p>\n","protected":false},"excerpt":{"rendered":"<p><span style=\"color: #005497;\"><strong>Augusto Corro<\/strong><\/span><br \/>\n<br \/>\nMargarita Zavala de Calder\u00f3n decidi\u00f3 renunciar a la candidatura presidencial independiente.<\/p>\n","protected":false},"author":3,"featured_media":376792,"comment_status":"open","ping_status":"open","sticky":false,"template":"","format":"standard","meta":{"_monsterinsights_skip_tracking":false,"_monsterinsights_sitenote_active":false,"_monsterinsights_sitenote_note":"","_monsterinsights_sitenote_category":0,"footnotes":""},"categories":[157],"tags":[43686,43674,11515],"class_list":["post-376717","post","type-post","status-publish","format-standard","has-post-thumbnail","hentry","category-augusto-corro","tag-augusto-corro","tag-opinion","tag-punto-por-punto"],"_links":{"self":[{"href":"https:\/\/www.diarioimagen.net\/index.php?rest_route=\/wp\/v2\/posts\/376717","targetHints":{"allow":["GET"]}}],"collection":[{"href":"https:\/\/www.diarioimagen.net\/index.php?rest_route=\/wp\/v2\/posts"}],"about":[{"href":"https:\/\/www.diarioimagen.net\/index.php?rest_route=\/wp\/v2\/types\/post"}],"author":[{"embeddable":true,"href":"https:\/\/www.diarioimagen.net\/index.php?rest_route=\/wp\/v2\/users\/3"}],"replies":[{"embeddable":true,"href":"https:\/\/www.diarioimagen.net\/index.php?rest_route=%2Fwp%2Fv2%2Fcomments&post=376717"}],"version-history":[{"count":0,"href":"https:\/\/www.diarioimagen.net\/index.php?rest_route=\/wp\/v2\/posts\/376717\/revisions"}],"wp:featuredmedia":[{"embeddable":true,"href":"https:\/\/www.diarioimagen.net\/index.php?rest_route=\/wp\/v2\/media\/376792"}],"wp:attachment":[{"href":"https:\/\/www.diarioimagen.net\/index.php?rest_route=%2Fwp%2Fv2%2Fmedia&parent=376717"}],"wp:term":[{"taxonomy":"category","embeddable":true,"href":"https:\/\/www.diarioimagen.net\/index.php?rest_route=%2Fwp%2Fv2%2Fcategories&post=376717"},{"taxonomy":"post_tag","embeddable":true,"href":"https:\/\/www.diarioimagen.net\/index.php?rest_route=%2Fwp%2Fv2%2Ftags&post=376717"}],"curies":[{"name":"wp","href":"https:\/\/api.w.org\/{rel}","templated":true}]}}